{"id":12858,"date":"2026-03-11T17:19:49","date_gmt":"2026-03-11T17:19:49","guid":{"rendered":"https:\/\/prensa.sma.gob.ar\/?p=12858"},"modified":"2026-03-11T17:19:50","modified_gmt":"2026-03-11T17:19:50","slug":"en-las-proximas-24-y-48-horas-se-normalizara-la-recoleccion-de-residuos-tras-las-averias-en-varios-camiones","status":"publish","type":"post","link":"https:\/\/prensa.sma.gob.ar\/?p=12858","title":{"rendered":"En las pr\u00f3ximas 24 y 48 horas se normalizar\u00e1 la recolecci\u00f3n de residuos, tras las aver\u00edas en varios camiones"},"content":{"rendered":"\n<p>La Secretar\u00eda de Obras y Servicios P\u00fablicos del Municipio informa que se est\u00e1 trabajando con equipos alternativos (camionetas y cami\u00f3n volcador) en la recolecci\u00f3n de residuos y que el servicio se normalizar\u00e1 en las pr\u00f3ximas 24 y 48 horas, seg\u00fan los barrios.<\/p>\n\n\n\n<p>Hasta ayer, martes, se registraban problemas mec\u00e1nicos en tres camiones, que est\u00e1n siendo reparados contra reloj. Uno de ellos volver\u00e1 al servicio en esta jornada, para atender servicios de la zona centro y de los barrios de Vega San Mart\u00edn y sus alrededores.<\/p>\n\n\n\n<p>En estos d\u00edas, la recolecci\u00f3n se realiza con los cuatro camiones restantes, cinco camionetas (naturalmente, de menor capacidad y sin compactador) y un cami\u00f3n chico. Estos equipos est\u00e1n disponibles para los casi 50.000 cestos y volquetes disponibles en toda la ciudad.<\/p>\n","protected":false},"excerpt":{"rendered":"<p>La Secretar\u00eda de Obras y Servicios P\u00fablicos del Municipio informa que se est\u00e1 trabajando con equipos alternativos (camionetas y cami\u00f3n volcador) en la recolecci\u00f3n de residuos y que el servicio se normalizar\u00e1 en las pr\u00f3ximas 24 y 48 horas, seg\u00fan los barrios. Hasta ayer, martes, se registraban problemas mec\u00e1nicos en tres camiones, que est\u00e1n siendo [&hellip;]<\/p>\n","protected":false},"author":2,"featured_media":12861,"comment_status":"closed","ping_status":"open","sticky":false,"template":"","format":"standard","meta":{"footnotes":""},"categories":[16,14,19],"tags":[],"class_list":{"0":"post-12858","1":"post","2":"type-post","3":"status-publish","4":"format-standard","5":"has-post-thumbnail","7":"category-destacadas","8":"category-noticias","9":"category-obras-y-servicios-publicos"},"_links":{"self":[{"href":"https:\/\/prensa.sma.gob.ar\/index.php?rest_route=\/wp\/v2\/posts\/12858","targetHints":{"allow":["GET"]}}],"collection":[{"href":"https:\/\/prensa.sma.gob.ar\/index.php?rest_route=\/wp\/v2\/posts"}],"about":[{"href":"https:\/\/prensa.sma.gob.ar\/index.php?rest_route=\/wp\/v2\/types\/post"}],"author":[{"embeddable":true,"href":"https:\/\/prensa.sma.gob.ar\/index.php?rest_route=\/wp\/v2\/users\/2"}],"replies":[{"embeddable":true,"href":"https:\/\/prensa.sma.gob.ar\/index.php?rest_route=%2Fwp%2Fv2%2Fcomments&post=12858"}],"version-history":[{"count":1,"href":"https:\/\/prensa.sma.gob.ar\/index.php?rest_route=\/wp\/v2\/posts\/12858\/revisions"}],"predecessor-version":[{"id":12862,"href":"https:\/\/prensa.sma.gob.ar\/index.php?rest_route=\/wp\/v2\/posts\/12858\/revisions\/12862"}],"wp:featuredmedia":[{"embeddable":true,"href":"https:\/\/prensa.sma.gob.ar\/index.php?rest_route=\/wp\/v2\/media\/12861"}],"wp:attachment":[{"href":"https:\/\/prensa.sma.gob.ar\/index.php?rest_route=%2Fwp%2Fv2%2Fmedia&parent=12858"}],"wp:term":[{"taxonomy":"category","embeddable":true,"href":"https:\/\/prensa.sma.gob.ar\/index.php?rest_route=%2Fwp%2Fv2%2Fcategories&post=12858"},{"taxonomy":"post_tag","embeddable":true,"href":"https:\/\/prensa.sma.gob.ar\/index.php?rest_route=%2Fwp%2Fv2%2Ftags&post=12858"}],"curies":[{"name":"wp","href":"https:\/\/api.w.org\/{rel}","templated":true}]}}