{"id":12863,"date":"2026-03-11T17:38:53","date_gmt":"2026-03-11T17:38:53","guid":{"rendered":"https:\/\/prensa.sma.gob.ar\/?p=12863"},"modified":"2026-03-12T12:10:36","modified_gmt":"2026-03-12T12:10:36","slug":"el-ifd-n3-acerca-a-los-barrios-sus-inscripciones-a-las-carreras-de-profesorados","status":"publish","type":"post","link":"https:\/\/prensa.sma.gob.ar\/?p=12863","title":{"rendered":"\u00a1El IFD N\u00b03 acerca a los barrios sus inscripciones a las carreras de profesorados!"},"content":{"rendered":"\n<p>El Instituto de Formaci\u00f3n Docente N\u00b03 contin\u00faa recorriendo los barrios para facilitar la inscripci\u00f3n en los profesorados que ofrece.<\/p>\n\n\n\n<p>Este viernes 13, personal del IFD 3 estar\u00e1 inscribiendo a ingresantes 2026 en la sede vecinal del Barrio Cantera.<\/p>\n\n\n\n<p>En el IFD N\u00b03 pod\u00e9s estudiar de manera gratuita:<\/p>\n\n\n\n<p>Profesorado de Educaci\u00f3n Primaria<\/p>\n\n\n\n<p>Profesorado de Educaci\u00f3n Secundaria en:<\/p>\n\n\n\n<p>* Lengua y Literatura<\/p>\n\n\n\n<p>* Biolog\u00eda<\/p>\n\n\n\n<p>* F\u00edsica<\/p>\n\n\n\n<p>* Qu\u00edmica<\/p>\n\n\n\n<p>* Matem\u00e1tica<\/p>\n\n\n\n<p>El IFD3 es una instituci\u00f3n p\u00fablica que funciona desde 1975, formando generaciones de docentes. Con esta modalidad reafirma su compromiso con una educaci\u00f3n p\u00fablica y gratuita.<\/p>\n\n\n\n<p>Inscripciones abiertas hasta el 20 de marzo.<\/p>\n\n\n\n<p>Documentaci\u00f3n necesaria:<\/p>\n\n\n\n<p>* 2 fotos 4&#215;4<\/p>\n\n\n\n<p>* Constancia de inscripci\u00f3n a SIUNED (se realiza por internet)<\/p>\n\n\n\n<p>* 1 carpeta colgante<\/p>\n\n\n\n<p>* Fotocopias legalizadas por juez de paz: DNI y t\u00edtulo secundario l.<\/p>\n\n\n\n<p>Pasos:<\/p>\n\n\n\n<p>1\ufe0f\u20e3 Ingres\u00e1 al link de SIUNED <a href=\"https:\/\/w3.neuquen.gov.ar\/cpeonline\/servlet\/hinicio\">https:\/\/w3.neuquen.gov.ar\/cpeonline\/servlet\/hinicio<\/a><\/p>\n\n\n\n<p>2\ufe0f\u20e3 Cre\u00e1 usuario y contrase\u00f1a.<\/p>\n\n\n\n<p>3\ufe0f\u20e3 Valid\u00e1 el email.<\/p>\n\n\n\n<p>4\ufe0f\u20e3 Descarg\u00e1 el comprobante y presentalo con la documentaci\u00f3n en la Junta Vecinal este viernes 13 o en P\u00e9rez 524 cualquier otro d\u00eda hasta el 20\/03. Pod\u00e9s hacer este paso con nuestro asesoramiento. Acercate.<\/p>\n","protected":false},"excerpt":{"rendered":"<p>El Instituto de Formaci\u00f3n Docente N\u00b03 contin\u00faa recorriendo los barrios para facilitar la inscripci\u00f3n en los profesorados que ofrece. Este viernes 13, personal del IFD 3 estar\u00e1 inscribiendo a ingresantes 2026 en la sede vecinal del Barrio Cantera. En el IFD N\u00b03 pod\u00e9s estudiar de manera gratuita: Profesorado de Educaci\u00f3n Primaria Profesorado de Educaci\u00f3n Secundaria [&hellip;]<\/p>\n","protected":false},"author":2,"featured_media":12864,"comment_status":"closed","ping_status":"open","sticky":false,"template":"","format":"standard","meta":{"footnotes":""},"categories":[16,11,39,14],"tags":[],"class_list":{"0":"post-12863","1":"post","2":"type-post","3":"status-publish","4":"format-standard","5":"has-post-thumbnail","7":"category-destacadas","8":"category-gobierno","9":"category-subs-juntas-vecinales","10":"category-noticias"},"_links":{"self":[{"href":"https:\/\/prensa.sma.gob.ar\/index.php?rest_route=\/wp\/v2\/posts\/12863","targetHints":{"allow":["GET"]}}],"collection":[{"href":"https:\/\/prensa.sma.gob.ar\/index.php?rest_route=\/wp\/v2\/posts"}],"about":[{"href":"https:\/\/prensa.sma.gob.ar\/index.php?rest_route=\/wp\/v2\/types\/post"}],"author":[{"embeddable":true,"href":"https:\/\/prensa.sma.gob.ar\/index.php?rest_route=\/wp\/v2\/users\/2"}],"replies":[{"embeddable":true,"href":"https:\/\/prensa.sma.gob.ar\/index.php?rest_route=%2Fwp%2Fv2%2Fcomments&post=12863"}],"version-history":[{"count":1,"href":"https:\/\/prensa.sma.gob.ar\/index.php?rest_route=\/wp\/v2\/posts\/12863\/revisions"}],"predecessor-version":[{"id":12865,"href":"https:\/\/prensa.sma.gob.ar\/index.php?rest_route=\/wp\/v2\/posts\/12863\/revisions\/12865"}],"wp:featuredmedia":[{"embeddable":true,"href":"https:\/\/prensa.sma.gob.ar\/index.php?rest_route=\/wp\/v2\/media\/12864"}],"wp:attachment":[{"href":"https:\/\/prensa.sma.gob.ar\/index.php?rest_route=%2Fwp%2Fv2%2Fmedia&parent=12863"}],"wp:term":[{"taxonomy":"category","embeddable":true,"href":"https:\/\/prensa.sma.gob.ar\/index.php?rest_route=%2Fwp%2Fv2%2Fcategories&post=12863"},{"taxonomy":"post_tag","embeddable":true,"href":"https:\/\/prensa.sma.gob.ar\/index.php?rest_route=%2Fwp%2Fv2%2Ftags&post=12863"}],"curies":[{"name":"wp","href":"https:\/\/api.w.org\/{rel}","templated":true}]}}