{"id":12868,"date":"2026-03-12T15:59:42","date_gmt":"2026-03-12T15:59:42","guid":{"rendered":"https:\/\/prensa.sma.gob.ar\/?p=12868"},"modified":"2026-03-14T13:19:09","modified_gmt":"2026-03-14T13:19:09","slug":"los-trabajos-en-la-toma-del-rio-quilquihue-garantizaron-la-provision-de-agua-en-este-verano","status":"publish","type":"post","link":"https:\/\/prensa.sma.gob.ar\/?p=12868","title":{"rendered":"Los trabajos en la toma del r\u00edo Quilquihue garantizaron la provisi\u00f3n de agua en este verano"},"content":{"rendered":"\n<p>Termina un verano en el que San Mart\u00edn de los Andes no sufri\u00f3 escasez de agua potable. Durante los \u00faltimos meses se registr\u00f3 un alto consumo de agua, durante un per\u00edodo de escasas lluvias, ausencia de nieve en invierno y en un contexto de emergencia h\u00eddrica en la provincia de Neuqu\u00e9n.<\/p>\n\n\n\n<p>El Municipio, la Cooperativa de Agua y el Organismo de Control atribuyen el buen servicio de agua potable durante esta temporada al uso responsable del recurso y, unido a eso, a las obras que se realizaron en la toma del r\u00edo Quilquihue para mantener el nivel en el nacimiento del canal que abastece a nuestra ciudad.<\/p>\n\n\n\n<p>El intendente municipal, Carlos Saloniti, realiz\u00f3 una nueva visita a la toma del r\u00edo para constatar el buen funcionamiento de la obra que, con aportes de Provincia, Municipio y la Cooperativa de Agua, permiti\u00f3 transitar el verano sin sobresaltos.<\/p>\n\n\n\n<p>Los trabajos, que permitieron ampliar la capacidad de captaci\u00f3n de agua en la toma de la cual se abastece toda la ciudad de San Mart\u00edn de los Andes, fueron ejecutadas por una retroexcavadora con oruga y un balde de grandes dimensiones, provista por la Direcci\u00f3n de Recursos H\u00eddricos de la provincia de Neuqu\u00e9n, personal y combustible del Municipio y operarios y t\u00e9cnicos de la Cooperativa de Agua Potable.<\/p>\n\n\n\n<p>El trabajo logr\u00f3 ensanchar el embalse natural del r\u00edo desde el cual se capta el agua que luego es trasladada para su tratamiento y su distribuci\u00f3n domiciliaria, previendo una baja importante en el caudal de todos los cursos de agua de la regi\u00f3n durante este verano.<\/p>\n\n\n\n<p>De la recorrida junto al intendente Saloniti participaron el director del Organismo de Control, Sa\u00fal Casta\u00f1eda, por el t\u00e9cnico de este organismo, Rodrigo Blotta; y el gerente de Redes de la Cooperativa de Agua, Federico Bontempo.<\/p>\n\n\n\n<figure class=\"wp-block-gallery has-nested-images columns-default is-cropped wp-block-gallery-1 is-layout-flex wp-block-gallery-is-layout-flex\">\n<figure class=\"wp-block-image size-large\"><img loading=\"lazy\" decoding=\"async\" width=\"1024\" height=\"771\" data-id=\"12869\" src=\"https:\/\/prensa.sma.gob.ar\/wp-content\/uploads\/2026\/03\/IMG_20260310_124359-1024x771.jpg\" alt=\"\" class=\"wp-image-12869\" srcset=\"https:\/\/prensa.sma.gob.ar\/wp-content\/uploads\/2026\/03\/IMG_20260310_124359-1024x771.jpg 1024w, https:\/\/prensa.sma.gob.ar\/wp-content\/uploads\/2026\/03\/IMG_20260310_124359-300x226.jpg 300w, https:\/\/prensa.sma.gob.ar\/wp-content\/uploads\/2026\/03\/IMG_20260310_124359-768x578.jpg 768w, https:\/\/prensa.sma.gob.ar\/wp-content\/uploads\/2026\/03\/IMG_20260310_124359-1536x1157.jpg 1536w, https:\/\/prensa.sma.gob.ar\/wp-content\/uploads\/2026\/03\/IMG_20260310_124359-2048x1542.jpg 2048w, https:\/\/prensa.sma.gob.ar\/wp-content\/uploads\/2026\/03\/IMG_20260310_124359-558x420.jpg 558w, https:\/\/prensa.sma.gob.ar\/wp-content\/uploads\/2026\/03\/IMG_20260310_124359-80x60.jpg 80w, https:\/\/prensa.sma.gob.ar\/wp-content\/uploads\/2026\/03\/IMG_20260310_124359-696x524.jpg 696w, https:\/\/prensa.sma.gob.ar\/wp-content\/uploads\/2026\/03\/IMG_20260310_124359-1068x804.jpg 1068w, https:\/\/prensa.sma.gob.ar\/wp-content\/uploads\/2026\/03\/IMG_20260310_124359-1920x1446.jpg 1920w\" sizes=\"auto, (max-width: 1024px) 100vw, 1024px\" \/><\/figure>\n\n\n\n<figure class=\"wp-block-image size-large\"><img loading=\"lazy\" decoding=\"async\" width=\"1024\" height=\"771\" data-id=\"12872\" src=\"https:\/\/prensa.sma.gob.ar\/wp-content\/uploads\/2026\/03\/IMG_20260310_130614-1024x771.jpg\" alt=\"\" class=\"wp-image-12872\" srcset=\"https:\/\/prensa.sma.gob.ar\/wp-content\/uploads\/2026\/03\/IMG_20260310_130614-1024x771.jpg 1024w, https:\/\/prensa.sma.gob.ar\/wp-content\/uploads\/2026\/03\/IMG_20260310_130614-300x226.jpg 300w, https:\/\/prensa.sma.gob.ar\/wp-content\/uploads\/2026\/03\/IMG_20260310_130614-768x578.jpg 768w, https:\/\/prensa.sma.gob.ar\/wp-content\/uploads\/2026\/03\/IMG_20260310_130614-1536x1157.jpg 1536w, https:\/\/prensa.sma.gob.ar\/wp-content\/uploads\/2026\/03\/IMG_20260310_130614-2048x1542.jpg 2048w, https:\/\/prensa.sma.gob.ar\/wp-content\/uploads\/2026\/03\/IMG_20260310_130614-558x420.jpg 558w, https:\/\/prensa.sma.gob.ar\/wp-content\/uploads\/2026\/03\/IMG_20260310_130614-80x60.jpg 80w, https:\/\/prensa.sma.gob.ar\/wp-content\/uploads\/2026\/03\/IMG_20260310_130614-696x524.jpg 696w, https:\/\/prensa.sma.gob.ar\/wp-content\/uploads\/2026\/03\/IMG_20260310_130614-1068x804.jpg 1068w, https:\/\/prensa.sma.gob.ar\/wp-content\/uploads\/2026\/03\/IMG_20260310_130614-1920x1446.jpg 1920w\" sizes=\"auto, (max-width: 1024px) 100vw, 1024px\" \/><\/figure>\n<\/figure>\n\n\n\n<p>Saloniti reivindic\u00f3 que se trat\u00f3 de una obra esencial para garantizar la provisi\u00f3n de agua durante el verano. \u201cEstamos terminando un verano casi sin escasez de agua. Esta obra tuvo un tinte preventivo, fundamentalmente, porque pudimos encarar todo el verano sin tener el problema de falta de agua en la toma\u201d, se\u00f1al\u00f3.<\/p>\n\n\n\n<p>\u201cEsto fue un trabajo con Recursos H\u00eddricos de la provincia, el Municipio y la cooperativa. Hicimos un laburo inteligente entre todas las partes y el resultado es este, y siempre tomando las previsiones del caso para que no tengamos ning\u00fan problema y seguir trabajando en conjunto, cada uno en su rol, pero trabajando en conjunto por la mejor calidad de vida de toda la comunidad\u201d, agreg\u00f3.<\/p>\n\n\n\n<p>Sa\u00fal Casta\u00f1era record\u00f3 que esta obra fue planificada en el \u00faltimo invierno, al ver las caracter\u00edsticas de pocas lluvias y pocas nevadas y que, desde entonces, se comenz\u00f3 a trabajar de manera coordinada para poner en marcha esta obra.<\/p>\n\n\n\n<p>\u201cEste es el lugar construido hace muchos a\u00f1os, pero a veces las variaciones del r\u00edo hacen que no podamos captar el agua necesaria, y m\u00e1s para un verano como este\u201d, afirm\u00f3. Casta\u00f1eda agreg\u00f3 que, \u201cal mismo tiempo se han hecho algunas reparaciones tambi\u00e9n del acueducto, que es originario del a\u00f1o 1944\u201d.<\/p>\n\n\n\n<p>Explic\u00f3 que \u201cla m\u00e1quina (de Recursos H\u00eddricos) es una m\u00e1quina muy especial que pudo hacer esta obra, que, entendemos nos va a dar mucha m\u00e1s durabilidad y m\u00e1s previsibilidad para los pr\u00f3ximos tres o cuatro a\u00f1os\u201d.<\/p>\n\n\n\n<figure class=\"wp-block-gallery has-nested-images columns-default is-cropped wp-block-gallery-2 is-layout-flex wp-block-gallery-is-layout-flex\">\n<figure class=\"wp-block-image size-large\"><img loading=\"lazy\" decoding=\"async\" width=\"1024\" height=\"771\" data-id=\"12871\" src=\"https:\/\/prensa.sma.gob.ar\/wp-content\/uploads\/2026\/03\/IMG_20260310_125643-1024x771.jpg\" alt=\"\" class=\"wp-image-12871\" srcset=\"https:\/\/prensa.sma.gob.ar\/wp-content\/uploads\/2026\/03\/IMG_20260310_125643-1024x771.jpg 1024w, https:\/\/prensa.sma.gob.ar\/wp-content\/uploads\/2026\/03\/IMG_20260310_125643-300x226.jpg 300w, https:\/\/prensa.sma.gob.ar\/wp-content\/uploads\/2026\/03\/IMG_20260310_125643-768x578.jpg 768w, https:\/\/prensa.sma.gob.ar\/wp-content\/uploads\/2026\/03\/IMG_20260310_125643-1536x1157.jpg 1536w, https:\/\/prensa.sma.gob.ar\/wp-content\/uploads\/2026\/03\/IMG_20260310_125643-2048x1542.jpg 2048w, https:\/\/prensa.sma.gob.ar\/wp-content\/uploads\/2026\/03\/IMG_20260310_125643-558x420.jpg 558w, https:\/\/prensa.sma.gob.ar\/wp-content\/uploads\/2026\/03\/IMG_20260310_125643-80x60.jpg 80w, https:\/\/prensa.sma.gob.ar\/wp-content\/uploads\/2026\/03\/IMG_20260310_125643-696x524.jpg 696w, https:\/\/prensa.sma.gob.ar\/wp-content\/uploads\/2026\/03\/IMG_20260310_125643-1068x804.jpg 1068w, https:\/\/prensa.sma.gob.ar\/wp-content\/uploads\/2026\/03\/IMG_20260310_125643-1920x1446.jpg 1920w\" sizes=\"auto, (max-width: 1024px) 100vw, 1024px\" \/><\/figure>\n\n\n\n<figure class=\"wp-block-image size-large\"><img loading=\"lazy\" decoding=\"async\" width=\"1024\" height=\"771\" data-id=\"12870\" src=\"https:\/\/prensa.sma.gob.ar\/wp-content\/uploads\/2026\/03\/IMG_20260310_124819-1024x771.jpg\" alt=\"\" class=\"wp-image-12870\" srcset=\"https:\/\/prensa.sma.gob.ar\/wp-content\/uploads\/2026\/03\/IMG_20260310_124819-1024x771.jpg 1024w, https:\/\/prensa.sma.gob.ar\/wp-content\/uploads\/2026\/03\/IMG_20260310_124819-300x226.jpg 300w, https:\/\/prensa.sma.gob.ar\/wp-content\/uploads\/2026\/03\/IMG_20260310_124819-768x578.jpg 768w, https:\/\/prensa.sma.gob.ar\/wp-content\/uploads\/2026\/03\/IMG_20260310_124819-1536x1157.jpg 1536w, https:\/\/prensa.sma.gob.ar\/wp-content\/uploads\/2026\/03\/IMG_20260310_124819-2048x1542.jpg 2048w, https:\/\/prensa.sma.gob.ar\/wp-content\/uploads\/2026\/03\/IMG_20260310_124819-558x420.jpg 558w, https:\/\/prensa.sma.gob.ar\/wp-content\/uploads\/2026\/03\/IMG_20260310_124819-80x60.jpg 80w, https:\/\/prensa.sma.gob.ar\/wp-content\/uploads\/2026\/03\/IMG_20260310_124819-696x524.jpg 696w, https:\/\/prensa.sma.gob.ar\/wp-content\/uploads\/2026\/03\/IMG_20260310_124819-1068x804.jpg 1068w, https:\/\/prensa.sma.gob.ar\/wp-content\/uploads\/2026\/03\/IMG_20260310_124819-1920x1446.jpg 1920w\" sizes=\"auto, (max-width: 1024px) 100vw, 1024px\" \/><\/figure>\n<\/figure>\n\n\n\n<p>Federico Bontempo, de la Cooperativa de Agua, explic\u00f3 que \u201clo que se hizo en la toma fue una intervenci\u00f3n con una retroexcavadora para poder perfilar el lecho del r\u00edo y hacer un talud de piedras, de tal manera de poder encauzar un mayor flujo, mayor cantidad de agua hacia la compuerta principal y, de esa manera, poder permitir un mejor nivel\u201d.<\/p>\n\n\n\n<p>\u201cLa bajante cr\u00edtica de los cauces de agua por la falta de precipitaci\u00f3n de nieve durante el 2025, sobre todo, gener\u00f3 una necesidad que hab\u00eda que hacer la obra. Nos anticipamos bien en relaci\u00f3n a lo que fue esta problem\u00e1tica. Si no lo hubi\u00e9ramos hecho, la verdad es que hubi\u00e9ramos tenido problemas muy graves con el tema de falta de agua hacia la planta potabilizadora\u201d, sostuvo.<\/p>\n\n\n\n<p>Tras afirmar que, por el costo de la obra, hubiese sido imposible de afrontar sino era por el trabajo conjunto, Bontempo agradeci\u00f3 \u201ca Provincia y al Municipio, porque esta es una obra muy cara que era sumamente necesaria\u201d y \u201ca los empleados de la Cooperativa, a los muchachos que estuvieron poniendo todo el empe\u00f1o para log\u00edstica, el apeo de \u00e1rboles y resolver los problemas que se presentaban\u201d.<\/p>\n\n\n\n<figure class=\"wp-block-embed is-type-video is-provider-youtube wp-block-embed-youtube wp-embed-aspect-9-16 wp-has-aspect-ratio\"><div class=\"wp-block-embed__wrapper\">\n<div class=\"youtube-embed\" data-video_id=\"\"><iframe loading=\"lazy\" title=\"Este verano, los trabajos en la toma del R\u00edo Quilquihue garantizaron la provisi\u00f3n de agua\" width=\"563\" height=\"1000\" src=\"https:\/\/www.youtube.com\/embed\/QXlQ1KF24-I?feature=oembed&#038;enablejsapi=1\" frameborder=\"0\" allow=\"accelerometer; autoplay; clipboard-write; encrypted-media; gyroscope; picture-in-picture; web-share\" referrerpolicy=\"strict-origin-when-cross-origin\" allowfullscreen><\/iframe><\/div>\n<\/div><\/figure>\n","protected":false},"excerpt":{"rendered":"<p>Termina un verano en el que San Mart\u00edn de los Andes no sufri\u00f3 escasez de agua potable. Durante los \u00faltimos meses se registr\u00f3 un alto consumo de agua, durante un per\u00edodo de escasas lluvias, ausencia de nieve en invierno y en un contexto de emergencia h\u00eddrica en la provincia de Neuqu\u00e9n. El Municipio, la Cooperativa [&hellip;]<\/p>\n","protected":false},"author":2,"featured_media":12873,"comment_status":"closed","ping_status":"open","sticky":false,"template":"","format":"standard","meta":{"footnotes":""},"categories":[16,14,17],"tags":[],"class_list":{"0":"post-12868","1":"post","2":"type-post","3":"status-publish","4":"format-standard","5":"has-post-thumbnail","7":"category-destacadas","8":"category-noticias","9":"category-portada"},"_links":{"self":[{"href":"https:\/\/prensa.sma.gob.ar\/index.php?rest_route=\/wp\/v2\/posts\/12868","targetHints":{"allow":["GET"]}}],"collection":[{"href":"https:\/\/prensa.sma.gob.ar\/index.php?rest_route=\/wp\/v2\/posts"}],"about":[{"href":"https:\/\/prensa.sma.gob.ar\/index.php?rest_route=\/wp\/v2\/types\/post"}],"author":[{"embeddable":true,"href":"https:\/\/prensa.sma.gob.ar\/index.php?rest_route=\/wp\/v2\/users\/2"}],"replies":[{"embeddable":true,"href":"https:\/\/prensa.sma.gob.ar\/index.php?rest_route=%2Fwp%2Fv2%2Fcomments&post=12868"}],"version-history":[{"count":1,"href":"https:\/\/prensa.sma.gob.ar\/index.php?rest_route=\/wp\/v2\/posts\/12868\/revisions"}],"predecessor-version":[{"id":12874,"href":"https:\/\/prensa.sma.gob.ar\/index.php?rest_route=\/wp\/v2\/posts\/12868\/revisions\/12874"}],"wp:featuredmedia":[{"embeddable":true,"href":"https:\/\/prensa.sma.gob.ar\/index.php?rest_route=\/wp\/v2\/media\/12873"}],"wp:attachment":[{"href":"https:\/\/prensa.sma.gob.ar\/index.php?rest_route=%2Fwp%2Fv2%2Fmedia&parent=12868"}],"wp:term":[{"taxonomy":"category","embeddable":true,"href":"https:\/\/prensa.sma.gob.ar\/index.php?rest_route=%2Fwp%2Fv2%2Fcategories&post=12868"},{"taxonomy":"post_tag","embeddable":true,"href":"https:\/\/prensa.sma.gob.ar\/index.php?rest_route=%2Fwp%2Fv2%2Ftags&post=12868"}],"curies":[{"name":"wp","href":"https:\/\/api.w.org\/{rel}","templated":true}]}}