{"id":12880,"date":"2026-03-12T13:39:20","date_gmt":"2026-03-12T13:39:20","guid":{"rendered":"https:\/\/prensa.sma.gob.ar\/?p=12880"},"modified":"2026-03-12T13:39:21","modified_gmt":"2026-03-12T13:39:21","slug":"cronograma-de-limpieza-entre-el-16-de-marzo-y-el-20-de-marzo-2026","status":"publish","type":"post","link":"https:\/\/prensa.sma.gob.ar\/?p=12880","title":{"rendered":"Cronograma de limpieza entre el 16 de marzo y el 20 de marzo 2026"},"content":{"rendered":"\n<p>El \u00e1rea de Barrido y Limpieza informa el cronograma de trabajos en microbasurales y espacios comunes en los barrios.<\/p>\n\n\n\n<p>Oasis Alto, El Arenal, Kumelkayen, \u00c1rea Mixta, Chacra 4, Villa Paur, Covisal, Los Radales, callej\u00f3n de Gingins, Alihuen Alto, Alihuen Bajo, Los Robles.<\/p>\n\n\n\n<p>Los trabajos, que se hacen con m\u00e1quina y cami\u00f3n, incluyen limpieza de basureros clandestinos y limpieza general de los barrios.<\/p>\n\n\n\n<p>El Municipio recuerda que el cronograma es rotativo semanalmente y abarca los diferentes barrios de nuestra ciudad.<\/p>\n","protected":false},"excerpt":{"rendered":"<p>El \u00e1rea de Barrido y Limpieza informa el cronograma de trabajos en microbasurales y espacios comunes en los barrios. Oasis Alto, El Arenal, Kumelkayen, \u00c1rea Mixta, Chacra 4, Villa Paur, Covisal, Los Radales, callej\u00f3n de Gingins, Alihuen Alto, Alihuen Bajo, Los Robles. Los trabajos, que se hacen con m\u00e1quina y cami\u00f3n, incluyen limpieza de basureros [&hellip;]<\/p>\n","protected":false},"author":2,"featured_media":12881,"comment_status":"closed","ping_status":"open","sticky":false,"template":"","format":"standard","meta":{"footnotes":""},"categories":[16,14],"tags":[],"class_list":{"0":"post-12880","1":"post","2":"type-post","3":"status-publish","4":"format-standard","5":"has-post-thumbnail","7":"category-destacadas","8":"category-noticias"},"_links":{"self":[{"href":"https:\/\/prensa.sma.gob.ar\/index.php?rest_route=\/wp\/v2\/posts\/12880","targetHints":{"allow":["GET"]}}],"collection":[{"href":"https:\/\/prensa.sma.gob.ar\/index.php?rest_route=\/wp\/v2\/posts"}],"about":[{"href":"https:\/\/prensa.sma.gob.ar\/index.php?rest_route=\/wp\/v2\/types\/post"}],"author":[{"embeddable":true,"href":"https:\/\/prensa.sma.gob.ar\/index.php?rest_route=\/wp\/v2\/users\/2"}],"replies":[{"embeddable":true,"href":"https:\/\/prensa.sma.gob.ar\/index.php?rest_route=%2Fwp%2Fv2%2Fcomments&post=12880"}],"version-history":[{"count":1,"href":"https:\/\/prensa.sma.gob.ar\/index.php?rest_route=\/wp\/v2\/posts\/12880\/revisions"}],"predecessor-version":[{"id":12882,"href":"https:\/\/prensa.sma.gob.ar\/index.php?rest_route=\/wp\/v2\/posts\/12880\/revisions\/12882"}],"wp:featuredmedia":[{"embeddable":true,"href":"https:\/\/prensa.sma.gob.ar\/index.php?rest_route=\/wp\/v2\/media\/12881"}],"wp:attachment":[{"href":"https:\/\/prensa.sma.gob.ar\/index.php?rest_route=%2Fwp%2Fv2%2Fmedia&parent=12880"}],"wp:term":[{"taxonomy":"category","embeddable":true,"href":"https:\/\/prensa.sma.gob.ar\/index.php?rest_route=%2Fwp%2Fv2%2Fcategories&post=12880"},{"taxonomy":"post_tag","embeddable":true,"href":"https:\/\/prensa.sma.gob.ar\/index.php?rest_route=%2Fwp%2Fv2%2Ftags&post=12880"}],"curies":[{"name":"wp","href":"https:\/\/api.w.org\/{rel}","templated":true}]}}