{"id":12883,"date":"2026-03-12T13:43:23","date_gmt":"2026-03-12T13:43:23","guid":{"rendered":"https:\/\/prensa.sma.gob.ar\/?p=12883"},"modified":"2026-03-12T13:43:24","modified_gmt":"2026-03-12T13:43:24","slug":"adultos-conectados-una-nueva-actividad-en-punto-digital","status":"publish","type":"post","link":"https:\/\/prensa.sma.gob.ar\/?p=12883","title":{"rendered":"Adultos Conectados, una nueva actividad en Punto Digital"},"content":{"rendered":"\n<p>Todos los martes, de 16 a 18 hs.&nbsp;&nbsp;&nbsp;&nbsp;<\/p>\n\n\n\n<p>Adultos Conectados es un espacio para encontrarnos, realizar actividades cognitivas y fortalecer nuestra autonom\u00eda digital aprendiendo TIC (Tecnolog\u00eda de la informaci\u00f3n y comunicaci\u00f3n).<\/p>\n\n\n\n<p>A trav\u00e9s del aprendizaje TIC, los participantes podr\u00e1n comunicarse con sus seres queridos, realizar tr\u00e1mites, buscar informaci\u00f3n y utilizar aplicaciones para la vida diaria, fortaleciendo as\u00ed su autonom\u00eda digital<\/p>\n\n\n\n<p>Iniciaremos esta actividad proponiendo un espacio para reflexionar sobre los sentimientos y su v\u00ednculo con las TIC.<\/p>\n","protected":false},"excerpt":{"rendered":"<p>Todos los martes, de 16 a 18 hs.&nbsp;&nbsp;&nbsp;&nbsp; Adultos Conectados es un espacio para encontrarnos, realizar actividades cognitivas y fortalecer nuestra autonom\u00eda digital aprendiendo TIC (Tecnolog\u00eda de la informaci\u00f3n y comunicaci\u00f3n). A trav\u00e9s del aprendizaje TIC, los participantes podr\u00e1n comunicarse con sus seres queridos, realizar tr\u00e1mites, buscar informaci\u00f3n y utilizar aplicaciones para la vida diaria, [&hellip;]<\/p>\n","protected":false},"author":2,"featured_media":12884,"comment_status":"closed","ping_status":"open","sticky":false,"template":"","format":"standard","meta":{"footnotes":""},"categories":[16,14],"tags":[],"class_list":{"0":"post-12883","1":"post","2":"type-post","3":"status-publish","4":"format-standard","5":"has-post-thumbnail","7":"category-destacadas","8":"category-noticias"},"_links":{"self":[{"href":"https:\/\/prensa.sma.gob.ar\/index.php?rest_route=\/wp\/v2\/posts\/12883","targetHints":{"allow":["GET"]}}],"collection":[{"href":"https:\/\/prensa.sma.gob.ar\/index.php?rest_route=\/wp\/v2\/posts"}],"about":[{"href":"https:\/\/prensa.sma.gob.ar\/index.php?rest_route=\/wp\/v2\/types\/post"}],"author":[{"embeddable":true,"href":"https:\/\/prensa.sma.gob.ar\/index.php?rest_route=\/wp\/v2\/users\/2"}],"replies":[{"embeddable":true,"href":"https:\/\/prensa.sma.gob.ar\/index.php?rest_route=%2Fwp%2Fv2%2Fcomments&post=12883"}],"version-history":[{"count":1,"href":"https:\/\/prensa.sma.gob.ar\/index.php?rest_route=\/wp\/v2\/posts\/12883\/revisions"}],"predecessor-version":[{"id":12885,"href":"https:\/\/prensa.sma.gob.ar\/index.php?rest_route=\/wp\/v2\/posts\/12883\/revisions\/12885"}],"wp:featuredmedia":[{"embeddable":true,"href":"https:\/\/prensa.sma.gob.ar\/index.php?rest_route=\/wp\/v2\/media\/12884"}],"wp:attachment":[{"href":"https:\/\/prensa.sma.gob.ar\/index.php?rest_route=%2Fwp%2Fv2%2Fmedia&parent=12883"}],"wp:term":[{"taxonomy":"category","embeddable":true,"href":"https:\/\/prensa.sma.gob.ar\/index.php?rest_route=%2Fwp%2Fv2%2Fcategories&post=12883"},{"taxonomy":"post_tag","embeddable":true,"href":"https:\/\/prensa.sma.gob.ar\/index.php?rest_route=%2Fwp%2Fv2%2Ftags&post=12883"}],"curies":[{"name":"wp","href":"https:\/\/api.w.org\/{rel}","templated":true}]}}