{"id":12886,"date":"2026-03-12T15:58:26","date_gmt":"2026-03-12T15:58:26","guid":{"rendered":"https:\/\/prensa.sma.gob.ar\/?p=12886"},"modified":"2026-03-12T15:58:27","modified_gmt":"2026-03-12T15:58:27","slug":"el-ministerio-publico-fiscal-desestimo-la-denuncia-del-contralor-contra-el-municipio-por-el-uso-de-una-cuenta-de-mercado-pago","status":"publish","type":"post","link":"https:\/\/prensa.sma.gob.ar\/?p=12886","title":{"rendered":"El Ministerio P\u00fablico Fiscal desestim\u00f3 la denuncia del contralor contra el Municipio por el uso de una cuenta de Mercado Pago"},"content":{"rendered":"\n<p>El fiscal jefe Gast\u00f3n \u00c1vila desestim\u00f3 la denuncia de la Contralor\u00eda Municipal por el uso de una cuenta de Mercado Pago a nombre del municipio y para el cobro del estacionamiento medido en la ciudad.<\/p>\n\n\n\n<p>El Ministerio P\u00fablico Fiscal (MPF) inform\u00f3 que no existi\u00f3 delito penal en la denuncia presentada por el contralor municipal Jorge Fern\u00e1ndez.<\/p>\n\n\n\n<p>El foco de la denuncia, presentada el 20 de enero de este a\u00f1o, estuvo en la creaci\u00f3n y administraci\u00f3n de una cuenta de Mercado Pago a nombre de la municipalidad para cobrar el estacionamiento medido.<\/p>\n\n\n\n<p>El MPF inici\u00f3 una investigaci\u00f3n con el objetivo de determinar la existencia o no de un delito, y entre las medidas dispuestas por el fiscal jefe Gast\u00f3n \u00c1vila, se requiri\u00f3 informaci\u00f3n al \u00e1rea legal de Mercado Pago y se entrevist\u00f3 a funcionarios y funcionarias de la municipalidad, adem\u00e1s de requerirle informaci\u00f3n a la comuna.<\/p>\n\n\n\n<p>A trav\u00e9s de testimonios y de un oficio requerido a la intendencia, el fiscal jefe logr\u00f3 corroborar que la apertura de la cuenta, en 2024, no fue un acto clandestino, sino que fue validada documentalmente por el propio intendente a trav\u00e9s del Decreto 386\/24, el cual autoriz\u00f3 el uso de plataformas de pago electr\u00f3nico para el cobro del estacionamiento de la ciudad.<\/p>\n\n\n\n<p>Tras analizar toda la evidencia recolectada, el fiscal jefe concluy\u00f3 que \u00abni un solo centavo ha sido desviado de las arcas del municipio hacia terceros o en provecho de alg\u00fan funcionario\u00bb, descartando de plano las figuras de peculado y malversaci\u00f3n de fondos. Esto \u00faltimo porque se comprob\u00f3 que el dinero recaudado no sali\u00f3 de la \u00f3rbita de administraci\u00f3n del municipio.<\/p>\n\n\n\n<p>Finalmente, en cuanto a la demora por parte del \u00e1rea de Hacienda del municipio en contestar los pedidos de informaci\u00f3n del contralor (lo que motiv\u00f3 la sospecha inicial), la Fiscal\u00eda determin\u00f3 que este hecho no constituye un delito penal de omisi\u00f3n dolosa.<\/p>\n","protected":false},"excerpt":{"rendered":"<p>El fiscal jefe Gast\u00f3n \u00c1vila desestim\u00f3 la denuncia de la Contralor\u00eda Municipal por el uso de una cuenta de Mercado Pago a nombre del municipio y para el cobro del estacionamiento medido en la ciudad. El Ministerio P\u00fablico Fiscal (MPF) inform\u00f3 que no existi\u00f3 delito penal en la denuncia presentada por el contralor municipal Jorge [&hellip;]<\/p>\n","protected":false},"author":2,"featured_media":12887,"comment_status":"closed","ping_status":"open","sticky":false,"template":"","format":"standard","meta":{"footnotes":""},"categories":[16,14,17],"tags":[],"class_list":{"0":"post-12886","1":"post","2":"type-post","3":"status-publish","4":"format-standard","5":"has-post-thumbnail","7":"category-destacadas","8":"category-noticias","9":"category-portada"},"_links":{"self":[{"href":"https:\/\/prensa.sma.gob.ar\/index.php?rest_route=\/wp\/v2\/posts\/12886","targetHints":{"allow":["GET"]}}],"collection":[{"href":"https:\/\/prensa.sma.gob.ar\/index.php?rest_route=\/wp\/v2\/posts"}],"about":[{"href":"https:\/\/prensa.sma.gob.ar\/index.php?rest_route=\/wp\/v2\/types\/post"}],"author":[{"embeddable":true,"href":"https:\/\/prensa.sma.gob.ar\/index.php?rest_route=\/wp\/v2\/users\/2"}],"replies":[{"embeddable":true,"href":"https:\/\/prensa.sma.gob.ar\/index.php?rest_route=%2Fwp%2Fv2%2Fcomments&post=12886"}],"version-history":[{"count":1,"href":"https:\/\/prensa.sma.gob.ar\/index.php?rest_route=\/wp\/v2\/posts\/12886\/revisions"}],"predecessor-version":[{"id":12888,"href":"https:\/\/prensa.sma.gob.ar\/index.php?rest_route=\/wp\/v2\/posts\/12886\/revisions\/12888"}],"wp:featuredmedia":[{"embeddable":true,"href":"https:\/\/prensa.sma.gob.ar\/index.php?rest_route=\/wp\/v2\/media\/12887"}],"wp:attachment":[{"href":"https:\/\/prensa.sma.gob.ar\/index.php?rest_route=%2Fwp%2Fv2%2Fmedia&parent=12886"}],"wp:term":[{"taxonomy":"category","embeddable":true,"href":"https:\/\/prensa.sma.gob.ar\/index.php?rest_route=%2Fwp%2Fv2%2Fcategories&post=12886"},{"taxonomy":"post_tag","embeddable":true,"href":"https:\/\/prensa.sma.gob.ar\/index.php?rest_route=%2Fwp%2Fv2%2Ftags&post=12886"}],"curies":[{"name":"wp","href":"https:\/\/api.w.org\/{rel}","templated":true}]}}