{"id":12903,"date":"2026-03-14T23:11:51","date_gmt":"2026-03-14T23:11:51","guid":{"rendered":"https:\/\/prensa.sma.gob.ar\/?p=12903"},"modified":"2026-03-14T23:11:53","modified_gmt":"2026-03-14T23:11:53","slug":"el-foro-urbano-mundial-de-la-onu-selecciono-la-iniciativa-de-la-tierra-al-barrio-promovida-por-el-instituto-municipal-de-vivienda-y-habitat","status":"publish","type":"post","link":"https:\/\/prensa.sma.gob.ar\/?p=12903","title":{"rendered":"El Foro Urbano Mundial de la ONU seleccion\u00f3 la iniciativa \u201cDe la tierra al Barrio\u201d promovida por el Instituto Municipal de Vivienda y H\u00e1bitat"},"content":{"rendered":"\n<p>Una iniciativa impulsada por el Instituto de Vivienda y H\u00e1bitat del Municipio (IVH) fue seleccionada como \u201cbuena pr\u00e1ctica\u201d para ser presentada en el 13\u00ba Foro Urbano Mundial, uno de los encuentros internacionales m\u00e1s importantes sobre ciudades, vivienda y desarrollo urbano sostenible organizado por ONU-H\u00e1bitat.<\/p>\n\n\n\n<p>La experiencia se desarrolla en el marco de la Escuela Municipal de Autogesti\u00f3n del H\u00e1bitat (EMAH), una iniciativa promovida por el IVH, dirigido por Carolina Amaya. que impulsa el espacio p\u00fablico social denominado \u201cDe la Tierra al Barrio\u201d.<\/p>\n\n\n\n<p>Este espacio articula la participaci\u00f3n de vecinos, organizaciones sociales, profesionales y universidades con el objetivo de construir colectivamente soluciones habitacionales y fortalecer la producci\u00f3n y gesti\u00f3n social del h\u00e1bitat.<\/p>\n\n\n\n<p>El IVH, la EMAH y el espacio \u201cDe la tierra al Barrio\u201d proponen una mirada integral sobre el derecho a la vivienda, entendiendo que el acceso al h\u00e1bitat digno no se limita a la construcci\u00f3n de casas, sino que implica tambi\u00e9n procesos de organizaci\u00f3n comunitaria, planificaci\u00f3n participativa y aprendizaje colectivo.<\/p>\n\n\n\n<p>En este espacio se comparten conocimientos t\u00e9cnicos, herramientas de planificaci\u00f3n participativa urbana y estrategias de organizaci\u00f3n social que permiten fortalecer los procesos de autogesti\u00f3n comunitaria.<\/p>\n\n\n\n<p>A trav\u00e9s de talleres, encuentros y actividades territoriales, vecinos y equipos t\u00e9cnicos construyen de manera conjunta propuestas para el desarrollo de barrios m\u00e1s justos, inclusivos y sostenibles, con el asesoramiento t\u00e9cnico de la Escuela Iberoamericana de Tecnolog\u00edas Sociales (TEC-IN-HAB).<\/p>\n\n\n\n<p>El proyecto involucra adem\u00e1s a instituciones acad\u00e9micas y organizaciones territoriales, consolidando un modelo de trabajo donde Estado municipal y provincial, comunidad y conocimiento t\u00e9cnico se complementan para impulsar pol\u00edticas habitacionales basadas en derechos, sustentabilidad, accesibilidad y enfoque de g\u00e9nero.<\/p>\n\n\n\n<p>La EMAH promueve espacios de interaprendizaje y acci\u00f3n conjunta, donde la participaci\u00f3n activa de la ciudadan\u00eda permite ampliar la mirada sobre la vivienda hacia una concepci\u00f3n m\u00e1s amplia de h\u00e1bitat, comunidad y territorio.<\/p>\n\n\n\n<p>El impacto de esta iniciativa alcanzar\u00e1 un hito durante la 13\u00aa sesi\u00f3n del Foro Urbano Mundial, el principal encuentro global sobre ciudades y desarrollo urbano sostenible organizado por ONU-H\u00e1bitat, que se realizar\u00e1 en Baku, Azerbaiayan, desde el 17 al 22 de mayo.<\/p>\n\n\n\n<p>En esta edici\u00f3n, el foro se desarrollar\u00e1 bajo el lema \u201cVivienda para el mundo: ciudades y comunidades seguras y resilientes\u201d, un llamado global a repensar las pol\u00edticas de vivienda frente a los desaf\u00edos sociales, ambientales y urbanos del siglo XXI.<\/p>\n\n\n\n<p>La inclusi\u00f3n del proceso \u201cDe la Tierra al Barrio\u201d dentro de las buenas pr\u00e1cticas del foro significa que la experiencia de San Mart\u00edn de los Andes ser\u00e1 compartida con representantes de gobiernos, organizaciones sociales, acad\u00e9micos y especialistas de todo el mundo.<\/p>\n\n\n\n<p>El equipo del Centro de Pr\u00e1cticas del Foro Urbano Mundial, en su dictamen, destac\u00f3 especialmente el valor de esta iniciativa como referencia para otras ciudades y comunidades: \u201cSu experiencia ayudar\u00e1 a inspirar acciones a nivel mundial y servir\u00e1 como una valiosa referencia para impulsar soluciones de vivienda\u201d.<\/p>\n\n\n\n<p>El reconocimiento pone en valor el trabajo conjunto de vecinos, organizaciones sociales, profesionales y el Estado local y provincial, as\u00ed como la capacidad de las comunidades para construir respuestas innovadoras frente a los desaf\u00edos del h\u00e1bitat.<\/p>\n\n\n\n<figure class=\"wp-block-gallery has-nested-images columns-default is-cropped wp-block-gallery-1 is-layout-flex wp-block-gallery-is-layout-flex\">\n<figure class=\"wp-block-image size-large\"><img loading=\"lazy\" decoding=\"async\" width=\"1024\" height=\"449\" data-id=\"12905\" src=\"https:\/\/prensa.sma.gob.ar\/wp-content\/uploads\/2026\/03\/WhatsApp-Image-2026-03-14-at-6.56.17-PM-1024x449.jpeg\" alt=\"\" class=\"wp-image-12905\" srcset=\"https:\/\/prensa.sma.gob.ar\/wp-content\/uploads\/2026\/03\/WhatsApp-Image-2026-03-14-at-6.56.17-PM-1024x449.jpeg 1024w, https:\/\/prensa.sma.gob.ar\/wp-content\/uploads\/2026\/03\/WhatsApp-Image-2026-03-14-at-6.56.17-PM-300x131.jpeg 300w, https:\/\/prensa.sma.gob.ar\/wp-content\/uploads\/2026\/03\/WhatsApp-Image-2026-03-14-at-6.56.17-PM-768x336.jpeg 768w, https:\/\/prensa.sma.gob.ar\/wp-content\/uploads\/2026\/03\/WhatsApp-Image-2026-03-14-at-6.56.17-PM-1536x673.jpeg 1536w, https:\/\/prensa.sma.gob.ar\/wp-content\/uploads\/2026\/03\/WhatsApp-Image-2026-03-14-at-6.56.17-PM-959x420.jpeg 959w, https:\/\/prensa.sma.gob.ar\/wp-content\/uploads\/2026\/03\/WhatsApp-Image-2026-03-14-at-6.56.17-PM-696x305.jpeg 696w, https:\/\/prensa.sma.gob.ar\/wp-content\/uploads\/2026\/03\/WhatsApp-Image-2026-03-14-at-6.56.17-PM-1068x468.jpeg 1068w, https:\/\/prensa.sma.gob.ar\/wp-content\/uploads\/2026\/03\/WhatsApp-Image-2026-03-14-at-6.56.17-PM.jpeg 1600w\" sizes=\"auto, (max-width: 1024px) 100vw, 1024px\" \/><\/figure>\n\n\n\n<figure class=\"wp-block-image size-large\"><img loading=\"lazy\" decoding=\"async\" width=\"1024\" height=\"879\" data-id=\"12904\" src=\"https:\/\/prensa.sma.gob.ar\/wp-content\/uploads\/2026\/03\/Aitue-1024x879.jpg\" alt=\"\" class=\"wp-image-12904\" srcset=\"https:\/\/prensa.sma.gob.ar\/wp-content\/uploads\/2026\/03\/Aitue-1024x879.jpg 1024w, https:\/\/prensa.sma.gob.ar\/wp-content\/uploads\/2026\/03\/Aitue-300x258.jpg 300w, https:\/\/prensa.sma.gob.ar\/wp-content\/uploads\/2026\/03\/Aitue-768x659.jpg 768w, https:\/\/prensa.sma.gob.ar\/wp-content\/uploads\/2026\/03\/Aitue-489x420.jpg 489w, https:\/\/prensa.sma.gob.ar\/wp-content\/uploads\/2026\/03\/Aitue-696x597.jpg 696w, https:\/\/prensa.sma.gob.ar\/wp-content\/uploads\/2026\/03\/Aitue-1068x917.jpg 1068w, https:\/\/prensa.sma.gob.ar\/wp-content\/uploads\/2026\/03\/Aitue.jpg 1200w\" sizes=\"auto, (max-width: 1024px) 100vw, 1024px\" \/><\/figure>\n<\/figure>\n","protected":false},"excerpt":{"rendered":"<p>Una iniciativa impulsada por el Instituto de Vivienda y H\u00e1bitat del Municipio (IVH) fue seleccionada como \u201cbuena pr\u00e1ctica\u201d para ser presentada en el 13\u00ba Foro Urbano Mundial, uno de los encuentros internacionales m\u00e1s importantes sobre ciudades, vivienda y desarrollo urbano sostenible organizado por ONU-H\u00e1bitat. La experiencia se desarrolla en el marco de la Escuela Municipal [&hellip;]<\/p>\n","protected":false},"author":2,"featured_media":12906,"comment_status":"closed","ping_status":"open","sticky":false,"template":"","format":"standard","meta":{"footnotes":""},"categories":[16,14,17,37],"tags":[],"class_list":{"0":"post-12903","1":"post","2":"type-post","3":"status-publish","4":"format-standard","5":"has-post-thumbnail","7":"category-destacadas","8":"category-noticias","9":"category-portada","10":"category-vivienda"},"_links":{"self":[{"href":"https:\/\/prensa.sma.gob.ar\/index.php?rest_route=\/wp\/v2\/posts\/12903","targetHints":{"allow":["GET"]}}],"collection":[{"href":"https:\/\/prensa.sma.gob.ar\/index.php?rest_route=\/wp\/v2\/posts"}],"about":[{"href":"https:\/\/prensa.sma.gob.ar\/index.php?rest_route=\/wp\/v2\/types\/post"}],"author":[{"embeddable":true,"href":"https:\/\/prensa.sma.gob.ar\/index.php?rest_route=\/wp\/v2\/users\/2"}],"replies":[{"embeddable":true,"href":"https:\/\/prensa.sma.gob.ar\/index.php?rest_route=%2Fwp%2Fv2%2Fcomments&post=12903"}],"version-history":[{"count":1,"href":"https:\/\/prensa.sma.gob.ar\/index.php?rest_route=\/wp\/v2\/posts\/12903\/revisions"}],"predecessor-version":[{"id":12907,"href":"https:\/\/prensa.sma.gob.ar\/index.php?rest_route=\/wp\/v2\/posts\/12903\/revisions\/12907"}],"wp:featuredmedia":[{"embeddable":true,"href":"https:\/\/prensa.sma.gob.ar\/index.php?rest_route=\/wp\/v2\/media\/12906"}],"wp:attachment":[{"href":"https:\/\/prensa.sma.gob.ar\/index.php?rest_route=%2Fwp%2Fv2%2Fmedia&parent=12903"}],"wp:term":[{"taxonomy":"category","embeddable":true,"href":"https:\/\/prensa.sma.gob.ar\/index.php?rest_route=%2Fwp%2Fv2%2Fcategories&post=12903"},{"taxonomy":"post_tag","embeddable":true,"href":"https:\/\/prensa.sma.gob.ar\/index.php?rest_route=%2Fwp%2Fv2%2Ftags&post=12903"}],"curies":[{"name":"wp","href":"https:\/\/api.w.org\/{rel}","templated":true}]}}