{"id":12908,"date":"2026-03-15T23:36:22","date_gmt":"2026-03-15T23:36:22","guid":{"rendered":"https:\/\/prensa.sma.gob.ar\/?p=12908"},"modified":"2026-03-15T23:36:23","modified_gmt":"2026-03-15T23:36:23","slug":"continuan-abiertas-las-inscripciones-para-las-becas-provinciales-para-el-deporte-de-mediano-y-alto-rendimiento","status":"publish","type":"post","link":"https:\/\/prensa.sma.gob.ar\/?p=12908","title":{"rendered":"Contin\u00faan abiertas las inscripciones para las becas provinciales para el deporte de mediano y alto rendimiento"},"content":{"rendered":"\n<p>El Gobierno neuquino, a trav\u00e9s del Ministerio de Juventud, Deportes y Cultura, record\u00f3 que hasta el martes 31 de marzo estar\u00e1n abiertas las inscripciones para los deportistas aspirantes al programa \u201cAsistencia al mediano y alto rendimiento 2026\u201d.<\/p>\n\n\n\n<p>La iniciativa prev\u00e9 una asignaci\u00f3n mensual durante los 12 meses del a\u00f1o, equivalente a una beca Gregorio \u00c1lvarez para estudiantes universitarios. Al no ser excluyente, los deportistas podr\u00e1n acceder a ambos beneficios de manera simult\u00e1nea.&nbsp;<\/p>\n\n\n\n<p>El Ministerio de Juventud, Cultura y Deporte inform\u00f3 a los dirigentes de las federaciones los requisitos que deber\u00e1n cumplir los deportistas que aspiren a la beca provincial, consistente, entre otras cosas, en una ayuda financiera destinada a apoyar su carrera deportiva.<\/p>\n\n\n\n<p>Se indic\u00f3 que deber\u00e1n ser integrantes de preselecci\u00f3n o selecci\u00f3n nacional con posibilidades de participar en competencias internacionales oficiales sean estas del \u00e1mbito sudamericano, panamericano, mundial u ol\u00edmpico.<\/p>\n\n\n\n<p>La documentaci\u00f3n deber\u00e1 ser remitida a la secretar\u00eda de Deportes, por la respectiva federaci\u00f3n deportiva provincial o nacional de la disciplina que practica el aspirante, los padres o el mismo deportista.<\/p>\n\n\n\n<p>Deber\u00e1 ser presentada en un archivo digital en formato PDF al siguiente correo electr\u00f3nico:<\/p>\n\n\n\n<p><a href=\"mailto:deportesbecas@neuquen.gov.ar\">deportesbecas@neuquen.gov.ar<\/a><\/p>\n\n\n\n<p>y deber\u00e1 estar avalada por la federaci\u00f3n o la constancia de designaci\u00f3n de la Confederaci\u00f3n Argentina como integrante de una selecci\u00f3n, o, preselecci\u00f3n Nacional.<\/p>\n\n\n\n<p>Adem\u00e1s, el archivo deber\u00e1 contener el curr\u00edculum que incluya los antecedentes deportivos del aspirante, con un detalle de todas las actuaciones deportivas provinciales, nacionales e internacionales hasta dos a\u00f1os anteriores a la presentaci\u00f3n del formulario de inscripci\u00f3n inclusive.<\/p>\n\n\n\n<p>La documentaci\u00f3n tambi\u00e9n deber\u00e1 contener la foto del DNI y domicilio actualizado del atleta y, en caso de ser el deportista menor de edad, la misma deber\u00e1 estar acompa\u00f1ada de la fotograf\u00eda del DNI con domicilio actualizado de los padres, tutores o responsables del menor.<\/p>\n\n\n\n<p>Entre los requerimientos tambi\u00e9n se deber\u00e1n presentar constancia del CBU del atleta o de los padres -si el atleta es menor-; acta de nacimiento (para menores de edad); certificado de apto f\u00edsico actualizado; programa de entrenamiento con los respectivos micro y macro ciclos de entrenamiento en el periodo actual; calendario deportivo anual, como tambi\u00e9n, los objetivos a corto, mediano y largo plazo.<\/p>\n\n\n\n<p>Otros de los requisitos ser\u00e1n la presentaci\u00f3n del certificado de antecedentes provinciales y nacionales (se puede realizar en: <\/p>\n\n\n\n<p><a href=\"https:\/\/www.policiadelneuquen.gob.ar\/index.php\/tramites-y-servicios\/\">https:\/\/www.policiadelneuquen.gob.ar\/index.php\/tramites-y-servicios\/<\/a><\/p>\n\n\n\n<p>y por \u00faltimo la constancia de no deudor alimentario, que se saca en:<\/p>\n\n\n\n<p><a href=\"https:\/\/derechoshumanos.neuquen.gob.ar\/direccion-general-registro-de-deudores-alimentarios-morosos-ley-n-2-333-y-registro-provincial-de-violencia-familiar-y-de-genero-ley-3-233\">https:\/\/derechoshumanos.neuquen.gob.ar\/direccion-general-registro-de-deudores-alimentarios-morosos-ley-n-2-333-y-registro-provincial-de-violencia-familiar-y-de-genero-ley-3-233<\/a><\/p>\n\n\n\n<figure class=\"wp-block-gallery has-nested-images columns-default is-cropped wp-block-gallery-1 is-layout-flex wp-block-gallery-is-layout-flex\">\n<figure class=\"wp-block-image size-large\"><img loading=\"lazy\" decoding=\"async\" width=\"579\" height=\"1024\" data-id=\"12910\" src=\"https:\/\/prensa.sma.gob.ar\/wp-content\/uploads\/2026\/03\/WhatsApp-Image-2026-03-12-at-12.52.00-PM-2-579x1024.jpeg\" alt=\"\" class=\"wp-image-12910\" srcset=\"https:\/\/prensa.sma.gob.ar\/wp-content\/uploads\/2026\/03\/WhatsApp-Image-2026-03-12-at-12.52.00-PM-2-579x1024.jpeg 579w, https:\/\/prensa.sma.gob.ar\/wp-content\/uploads\/2026\/03\/WhatsApp-Image-2026-03-12-at-12.52.00-PM-2-170x300.jpeg 170w, https:\/\/prensa.sma.gob.ar\/wp-content\/uploads\/2026\/03\/WhatsApp-Image-2026-03-12-at-12.52.00-PM-2-768x1359.jpeg 768w, https:\/\/prensa.sma.gob.ar\/wp-content\/uploads\/2026\/03\/WhatsApp-Image-2026-03-12-at-12.52.00-PM-2-868x1536.jpeg 868w, https:\/\/prensa.sma.gob.ar\/wp-content\/uploads\/2026\/03\/WhatsApp-Image-2026-03-12-at-12.52.00-PM-2-237x420.jpeg 237w, https:\/\/prensa.sma.gob.ar\/wp-content\/uploads\/2026\/03\/WhatsApp-Image-2026-03-12-at-12.52.00-PM-2-696x1232.jpeg 696w, https:\/\/prensa.sma.gob.ar\/wp-content\/uploads\/2026\/03\/WhatsApp-Image-2026-03-12-at-12.52.00-PM-2.jpeg 904w\" sizes=\"auto, (max-width: 579px) 100vw, 579px\" \/><\/figure>\n\n\n\n<figure class=\"wp-block-image size-large\"><img loading=\"lazy\" decoding=\"async\" width=\"768\" height=\"1024\" data-id=\"12914\" src=\"https:\/\/prensa.sma.gob.ar\/wp-content\/uploads\/2026\/03\/WhatsApp-Image-2026-03-12-at-12.51.59-PM-768x1024.jpeg\" alt=\"\" class=\"wp-image-12914\" srcset=\"https:\/\/prensa.sma.gob.ar\/wp-content\/uploads\/2026\/03\/WhatsApp-Image-2026-03-12-at-12.51.59-PM-768x1024.jpeg 768w, https:\/\/prensa.sma.gob.ar\/wp-content\/uploads\/2026\/03\/WhatsApp-Image-2026-03-12-at-12.51.59-PM-225x300.jpeg 225w, https:\/\/prensa.sma.gob.ar\/wp-content\/uploads\/2026\/03\/WhatsApp-Image-2026-03-12-at-12.51.59-PM-315x420.jpeg 315w, https:\/\/prensa.sma.gob.ar\/wp-content\/uploads\/2026\/03\/WhatsApp-Image-2026-03-12-at-12.51.59-PM-696x928.jpeg 696w, https:\/\/prensa.sma.gob.ar\/wp-content\/uploads\/2026\/03\/WhatsApp-Image-2026-03-12-at-12.51.59-PM-1068x1424.jpeg 1068w, https:\/\/prensa.sma.gob.ar\/wp-content\/uploads\/2026\/03\/WhatsApp-Image-2026-03-12-at-12.51.59-PM.jpeg 1080w\" sizes=\"auto, (max-width: 768px) 100vw, 768px\" \/><\/figure>\n<\/figure>\n\n\n\n<figure class=\"wp-block-gallery has-nested-images columns-default is-cropped wp-block-gallery-2 is-layout-flex wp-block-gallery-is-layout-flex\">\n<figure class=\"wp-block-image size-large\"><img loading=\"lazy\" decoding=\"async\" width=\"768\" height=\"1024\" data-id=\"12913\" src=\"https:\/\/prensa.sma.gob.ar\/wp-content\/uploads\/2026\/03\/WhatsApp-Image-2026-03-12-at-12.51.59-PM-1-768x1024.jpeg\" alt=\"\" class=\"wp-image-12913\" srcset=\"https:\/\/prensa.sma.gob.ar\/wp-content\/uploads\/2026\/03\/WhatsApp-Image-2026-03-12-at-12.51.59-PM-1-768x1024.jpeg 768w, https:\/\/prensa.sma.gob.ar\/wp-content\/uploads\/2026\/03\/WhatsApp-Image-2026-03-12-at-12.51.59-PM-1-225x300.jpeg 225w, https:\/\/prensa.sma.gob.ar\/wp-content\/uploads\/2026\/03\/WhatsApp-Image-2026-03-12-at-12.51.59-PM-1-315x420.jpeg 315w, https:\/\/prensa.sma.gob.ar\/wp-content\/uploads\/2026\/03\/WhatsApp-Image-2026-03-12-at-12.51.59-PM-1-696x928.jpeg 696w, https:\/\/prensa.sma.gob.ar\/wp-content\/uploads\/2026\/03\/WhatsApp-Image-2026-03-12-at-12.51.59-PM-1-1068x1424.jpeg 1068w, https:\/\/prensa.sma.gob.ar\/wp-content\/uploads\/2026\/03\/WhatsApp-Image-2026-03-12-at-12.51.59-PM-1.jpeg 1080w\" sizes=\"auto, (max-width: 768px) 100vw, 768px\" \/><\/figure>\n\n\n\n<figure class=\"wp-block-image size-large\"><img loading=\"lazy\" decoding=\"async\" width=\"768\" height=\"1024\" data-id=\"12912\" src=\"https:\/\/prensa.sma.gob.ar\/wp-content\/uploads\/2026\/03\/WhatsApp-Image-2026-03-12-at-12.52.00-PM-768x1024.jpeg\" alt=\"\" class=\"wp-image-12912\" srcset=\"https:\/\/prensa.sma.gob.ar\/wp-content\/uploads\/2026\/03\/WhatsApp-Image-2026-03-12-at-12.52.00-PM-768x1024.jpeg 768w, https:\/\/prensa.sma.gob.ar\/wp-content\/uploads\/2026\/03\/WhatsApp-Image-2026-03-12-at-12.52.00-PM-225x300.jpeg 225w, https:\/\/prensa.sma.gob.ar\/wp-content\/uploads\/2026\/03\/WhatsApp-Image-2026-03-12-at-12.52.00-PM-315x420.jpeg 315w, https:\/\/prensa.sma.gob.ar\/wp-content\/uploads\/2026\/03\/WhatsApp-Image-2026-03-12-at-12.52.00-PM-696x928.jpeg 696w, https:\/\/prensa.sma.gob.ar\/wp-content\/uploads\/2026\/03\/WhatsApp-Image-2026-03-12-at-12.52.00-PM-1068x1424.jpeg 1068w, https:\/\/prensa.sma.gob.ar\/wp-content\/uploads\/2026\/03\/WhatsApp-Image-2026-03-12-at-12.52.00-PM.jpeg 1080w\" sizes=\"auto, (max-width: 768px) 100vw, 768px\" \/><\/figure>\n<\/figure>\n","protected":false},"excerpt":{"rendered":"<p>El Gobierno neuquino, a trav\u00e9s del Ministerio de Juventud, Deportes y Cultura, record\u00f3 que hasta el martes 31 de marzo estar\u00e1n abiertas las inscripciones para los deportistas aspirantes al programa \u201cAsistencia al mediano y alto rendimiento 2026\u201d. La iniciativa prev\u00e9 una asignaci\u00f3n mensual durante los 12 meses del a\u00f1o, equivalente a una beca Gregorio \u00c1lvarez [&hellip;]<\/p>\n","protected":false},"author":2,"featured_media":12911,"comment_status":"closed","ping_status":"open","sticky":false,"template":"","format":"standard","meta":{"footnotes":""},"categories":[7,16,14],"tags":[],"class_list":{"0":"post-12908","1":"post","2":"type-post","3":"status-publish","4":"format-standard","5":"has-post-thumbnail","7":"category-deportes","8":"category-destacadas","9":"category-noticias"},"_links":{"self":[{"href":"https:\/\/prensa.sma.gob.ar\/index.php?rest_route=\/wp\/v2\/posts\/12908","targetHints":{"allow":["GET"]}}],"collection":[{"href":"https:\/\/prensa.sma.gob.ar\/index.php?rest_route=\/wp\/v2\/posts"}],"about":[{"href":"https:\/\/prensa.sma.gob.ar\/index.php?rest_route=\/wp\/v2\/types\/post"}],"author":[{"embeddable":true,"href":"https:\/\/prensa.sma.gob.ar\/index.php?rest_route=\/wp\/v2\/users\/2"}],"replies":[{"embeddable":true,"href":"https:\/\/prensa.sma.gob.ar\/index.php?rest_route=%2Fwp%2Fv2%2Fcomments&post=12908"}],"version-history":[{"count":1,"href":"https:\/\/prensa.sma.gob.ar\/index.php?rest_route=\/wp\/v2\/posts\/12908\/revisions"}],"predecessor-version":[{"id":12915,"href":"https:\/\/prensa.sma.gob.ar\/index.php?rest_route=\/wp\/v2\/posts\/12908\/revisions\/12915"}],"wp:featuredmedia":[{"embeddable":true,"href":"https:\/\/prensa.sma.gob.ar\/index.php?rest_route=\/wp\/v2\/media\/12911"}],"wp:attachment":[{"href":"https:\/\/prensa.sma.gob.ar\/index.php?rest_route=%2Fwp%2Fv2%2Fmedia&parent=12908"}],"wp:term":[{"taxonomy":"category","embeddable":true,"href":"https:\/\/prensa.sma.gob.ar\/index.php?rest_route=%2Fwp%2Fv2%2Fcategories&post=12908"},{"taxonomy":"post_tag","embeddable":true,"href":"https:\/\/prensa.sma.gob.ar\/index.php?rest_route=%2Fwp%2Fv2%2Ftags&post=12908"}],"curies":[{"name":"wp","href":"https:\/\/api.w.org\/{rel}","templated":true}]}}