{"id":12916,"date":"2026-03-15T23:54:27","date_gmt":"2026-03-15T23:54:27","guid":{"rendered":"https:\/\/prensa.sma.gob.ar\/?p=12916"},"modified":"2026-03-15T23:54:28","modified_gmt":"2026-03-15T23:54:28","slug":"a-50-anos-del-golpe-de-estado-actividades-especiales-en-el-teatro-san-jose","status":"publish","type":"post","link":"https:\/\/prensa.sma.gob.ar\/?p=12916","title":{"rendered":"A 50 a\u00f1os del Golpe de Estado: actividades especiales en el Teatro San Jos\u00e9"},"content":{"rendered":"\n<p>En el marco de la conmemoraci\u00f3n por los 50 a\u00f1os del Golpe de Estado del 24 de marzo de 1976, el Teatro San Jos\u00e9 llevar\u00e1 adelante el 5\u00ba Encuentro de la Memoria.<\/p>\n\n\n\n<p>Las actividades se desarrollar\u00e1n del 23 al 27 de marzo&nbsp; y consistir\u00e1n en funciones especiales para colegios secundarios y tambi\u00e9n para p\u00fablico en general.&nbsp;<\/p>\n\n\n\n<p>La propuesta incluir\u00e1 funciones teatrales del prestigioso Elenco de Teatro de la Universidad Nacional de Cuyo, con la obra \u201cTercero Incluido\u201d, de Eduardo Pavlosvky, y proyecciones de pel\u00edculas nacionales vinculadas a la \u00e9poca de la dictadura.&nbsp;<\/p>\n\n\n\n<p>El 5\u00ba Encuentro de la Memoria tiene como objetivo generar espacios de encuentro, di\u00e1logo y reflexi\u00f3n a trav\u00e9s del arte, acercando a las nuevas generaciones los hechos que marcaron la historia argentina para promover una mirada comprometida con la democracia y los derechos humanos.<\/p>\n\n\n\n<p>Desde la Secretar\u00eda de Cultura se invita especialmente a instituciones educativas, estudiantes, docentes y a toda la comunidad a participar de esta programaci\u00f3n conmemorativa.&nbsp;<\/p>\n\n\n\n<p><img loading=\"lazy\" decoding=\"async\" height=\"16\" width=\"16\" alt=\"\ud83d\udc49\" src=\"https:\/\/static.xx.fbcdn.net\/images\/emoji.php\/v9\/t51\/1\/16\/1f449.png\"> \u00bfC\u00f3mo reservar entradas?<\/p>\n\n\n\n<p>Docentes que deseen concurrir con estudiantes deben comunicarse telef\u00f3nicamente con la Secretar\u00eda de Cultura al (02972) 427315, INT 362, o por WhatsApp al 2972537772, desde las 8:00 hasta las 15:00 hs. Se recomienda hacer la reserva con la mayor antelaci\u00f3n posible a fin de asegurarse el espacio y poder planificar el traslado de los alumnos y docentes.&nbsp;<\/p>\n\n\n\n<p>P\u00fablico en general puede retirar entradas en el teatro, desde el 16 de marzo, de lunes a viernes de 8:00 a 20:00 h.<\/p>\n\n\n\n<p><\/p>\n","protected":false},"excerpt":{"rendered":"<p>En el marco de la conmemoraci\u00f3n por los 50 a\u00f1os del Golpe de Estado del 24 de marzo de 1976, el Teatro San Jos\u00e9 llevar\u00e1 adelante el 5\u00ba Encuentro de la Memoria. Las actividades se desarrollar\u00e1n del 23 al 27 de marzo&nbsp; y consistir\u00e1n en funciones especiales para colegios secundarios y tambi\u00e9n para p\u00fablico en [&hellip;]<\/p>\n","protected":false},"author":2,"featured_media":12917,"comment_status":"closed","ping_status":"open","sticky":false,"template":"","format":"standard","meta":{"footnotes":""},"categories":[5,16,14],"tags":[],"class_list":{"0":"post-12916","1":"post","2":"type-post","3":"status-publish","4":"format-standard","5":"has-post-thumbnail","7":"category-cultura","8":"category-destacadas","9":"category-noticias"},"_links":{"self":[{"href":"https:\/\/prensa.sma.gob.ar\/index.php?rest_route=\/wp\/v2\/posts\/12916","targetHints":{"allow":["GET"]}}],"collection":[{"href":"https:\/\/prensa.sma.gob.ar\/index.php?rest_route=\/wp\/v2\/posts"}],"about":[{"href":"https:\/\/prensa.sma.gob.ar\/index.php?rest_route=\/wp\/v2\/types\/post"}],"author":[{"embeddable":true,"href":"https:\/\/prensa.sma.gob.ar\/index.php?rest_route=\/wp\/v2\/users\/2"}],"replies":[{"embeddable":true,"href":"https:\/\/prensa.sma.gob.ar\/index.php?rest_route=%2Fwp%2Fv2%2Fcomments&post=12916"}],"version-history":[{"count":1,"href":"https:\/\/prensa.sma.gob.ar\/index.php?rest_route=\/wp\/v2\/posts\/12916\/revisions"}],"predecessor-version":[{"id":12918,"href":"https:\/\/prensa.sma.gob.ar\/index.php?rest_route=\/wp\/v2\/posts\/12916\/revisions\/12918"}],"wp:featuredmedia":[{"embeddable":true,"href":"https:\/\/prensa.sma.gob.ar\/index.php?rest_route=\/wp\/v2\/media\/12917"}],"wp:attachment":[{"href":"https:\/\/prensa.sma.gob.ar\/index.php?rest_route=%2Fwp%2Fv2%2Fmedia&parent=12916"}],"wp:term":[{"taxonomy":"category","embeddable":true,"href":"https:\/\/prensa.sma.gob.ar\/index.php?rest_route=%2Fwp%2Fv2%2Fcategories&post=12916"},{"taxonomy":"post_tag","embeddable":true,"href":"https:\/\/prensa.sma.gob.ar\/index.php?rest_route=%2Fwp%2Fv2%2Ftags&post=12916"}],"curies":[{"name":"wp","href":"https:\/\/api.w.org\/{rel}","templated":true}]}}