{"id":12927,"date":"2026-03-17T21:53:33","date_gmt":"2026-03-17T21:53:33","guid":{"rendered":"https:\/\/prensa.sma.gob.ar\/?p=12927"},"modified":"2026-03-17T21:53:34","modified_gmt":"2026-03-17T21:53:34","slug":"el-municipio-destaca-la-confianza-de-vecinos-e-instituciones-para-llevar-a-un-foro-de-la-onu-la-iniciativa-de-la-tierra-al-barrio","status":"publish","type":"post","link":"https:\/\/prensa.sma.gob.ar\/?p=12927","title":{"rendered":"El Municipio destaca la confianza de vecinos e instituciones para llevar a un foro de la ONU la iniciativa \u201cDe la Tierra al Barrio\u201d"},"content":{"rendered":"\n<p>La iniciativa \u201cDe la Tierra al Barrio\u201d, impulsada por el Instituto de Vivienda y H\u00e1bitat del Municipio (IVH), fue seleccionada como \u201cbuena pr\u00e1ctica\u201d para ser presentada en el 13\u00ba Foro Urbano Mundial, uno de los encuentros internacionales m\u00e1s importantes sobre ciudades, vivienda y desarrollo urbano sostenible organizado por ONU-H\u00e1bitat.<\/p>\n\n\n\n<p>La experiencia se desarrolla en el marco de la Escuela Municipal de Autogesti\u00f3n del H\u00e1bitat (EMAH), una iniciativa promovida por el IVH, dirigido por Carolina Amaya, que impulsa el espacio p\u00fablico social denominado \u201cDe la Tierra al Barrio\u201d.<\/p>\n\n\n\n<p>Este espacio articula la participaci\u00f3n de vecinos, organizaciones sociales, profesionales y universidades con el objetivo de construir colectivamente soluciones habitacionales y fortalecer la producci\u00f3n y gesti\u00f3n social del h\u00e1bitat.<\/p>\n\n\n\n<p>La Directora del Instituto de Vivienda y H\u00e1bitat, Carolina Amaya, destac\u00f3 la confianza alcanzada para avanzar con esta iniciativa gracias al trabajo comunitario, al aporte interinstitucional, y al compromiso asumido por los Estados municipal y provincial.<\/p>\n\n\n\n<figure class=\"wp-block-embed is-type-video is-provider-youtube wp-block-embed-youtube wp-embed-aspect-16-9 wp-has-aspect-ratio\"><div class=\"wp-block-embed__wrapper\">\n<div class=\"youtube-embed\" data-video_id=\"oodCqy4nV5I\"><iframe loading=\"lazy\" title=\"La ONU seleccion\u00f3 \u201cDe la tierra al Barrio\u201d iniciativa del Instituto Municipal de Vivienda y H\u00e1bitat\" width=\"696\" height=\"392\" src=\"https:\/\/www.youtube.com\/embed\/oodCqy4nV5I?feature=oembed&#038;enablejsapi=1\" frameborder=\"0\" allow=\"accelerometer; autoplay; clipboard-write; encrypted-media; gyroscope; picture-in-picture; web-share\" referrerpolicy=\"strict-origin-when-cross-origin\" allowfullscreen><\/iframe><\/div>\n<\/div><\/figure>\n","protected":false},"excerpt":{"rendered":"<p>La iniciativa \u201cDe la Tierra al Barrio\u201d, impulsada por el Instituto de Vivienda y H\u00e1bitat del Municipio (IVH), fue seleccionada como \u201cbuena pr\u00e1ctica\u201d para ser presentada en el 13\u00ba Foro Urbano Mundial, uno de los encuentros internacionales m\u00e1s importantes sobre ciudades, vivienda y desarrollo urbano sostenible organizado por ONU-H\u00e1bitat. La experiencia se desarrolla en el [&hellip;]<\/p>\n","protected":false},"author":2,"featured_media":12928,"comment_status":"closed","ping_status":"open","sticky":false,"template":"","format":"standard","meta":{"footnotes":""},"categories":[16,14,37],"tags":[],"class_list":{"0":"post-12927","1":"post","2":"type-post","3":"status-publish","4":"format-standard","5":"has-post-thumbnail","7":"category-destacadas","8":"category-noticias","9":"category-vivienda"},"_links":{"self":[{"href":"https:\/\/prensa.sma.gob.ar\/index.php?rest_route=\/wp\/v2\/posts\/12927","targetHints":{"allow":["GET"]}}],"collection":[{"href":"https:\/\/prensa.sma.gob.ar\/index.php?rest_route=\/wp\/v2\/posts"}],"about":[{"href":"https:\/\/prensa.sma.gob.ar\/index.php?rest_route=\/wp\/v2\/types\/post"}],"author":[{"embeddable":true,"href":"https:\/\/prensa.sma.gob.ar\/index.php?rest_route=\/wp\/v2\/users\/2"}],"replies":[{"embeddable":true,"href":"https:\/\/prensa.sma.gob.ar\/index.php?rest_route=%2Fwp%2Fv2%2Fcomments&post=12927"}],"version-history":[{"count":1,"href":"https:\/\/prensa.sma.gob.ar\/index.php?rest_route=\/wp\/v2\/posts\/12927\/revisions"}],"predecessor-version":[{"id":12929,"href":"https:\/\/prensa.sma.gob.ar\/index.php?rest_route=\/wp\/v2\/posts\/12927\/revisions\/12929"}],"wp:featuredmedia":[{"embeddable":true,"href":"https:\/\/prensa.sma.gob.ar\/index.php?rest_route=\/wp\/v2\/media\/12928"}],"wp:attachment":[{"href":"https:\/\/prensa.sma.gob.ar\/index.php?rest_route=%2Fwp%2Fv2%2Fmedia&parent=12927"}],"wp:term":[{"taxonomy":"category","embeddable":true,"href":"https:\/\/prensa.sma.gob.ar\/index.php?rest_route=%2Fwp%2Fv2%2Fcategories&post=12927"},{"taxonomy":"post_tag","embeddable":true,"href":"https:\/\/prensa.sma.gob.ar\/index.php?rest_route=%2Fwp%2Fv2%2Ftags&post=12927"}],"curies":[{"name":"wp","href":"https:\/\/api.w.org\/{rel}","templated":true}]}}