{"id":12932,"date":"2026-03-18T12:09:38","date_gmt":"2026-03-18T12:09:38","guid":{"rendered":"https:\/\/prensa.sma.gob.ar\/?p=12932"},"modified":"2026-03-18T12:09:40","modified_gmt":"2026-03-18T12:09:40","slug":"llega-la-feria-de-productores-de-pascuas","status":"publish","type":"post","link":"https:\/\/prensa.sma.gob.ar\/?p=12932","title":{"rendered":"\u00a1Llega la Feria de Productores de Pascuas!"},"content":{"rendered":"\n<p>Durante Semana Santa se podr\u00e1 disfrutar de una nueva edici\u00f3n de la Feria de Productores en San Mart\u00edn de los Andes, un espacio para encontrarnos, apoyar a nuestros productores locales y compartir en comunidad.<\/p>\n\n\n\n<p>Del jueves 2 al domingo 5 de abril, de 12 a 23 hs. Sobre calle Juan Manuel de Rosas<\/p>\n\n\n\n<p>Vas a encontrar:<\/p>\n\n\n\n<p>Producci\u00f3n local, Productos regionales, Elaboraciones artesanales, Regalos y propuestas para Pascuas.<\/p>\n\n\n\n<p>Una excelente oportunidad para recorrer la feria, conocer a quienes producen en nuestra localidad y elegir productos hechos con dedicaci\u00f3n y calidad.<\/p>\n\n\n\n<p>Si sos productor o elaborador y quer\u00e9s participar, pod\u00e9s inscribirte en el siguiente link:<\/p>\n\n\n\n<p><a href=\"https:\/\/forms.gle\/CtxrZWrkfE5DbVh99\">https:\/\/forms.gle\/CtxrZWrkfE5DbVh99<\/a><\/p>\n\n\n\n<p>(publicado tambi\u00e9n en Facebook de la Subsecretar\u00eda de Producci\u00f3n y Empleo del Municipio y en la web de Prensa: <a href=\"http:\/\/www.prensa.sam.gob.ar\">www.prensa.sam.gob.ar<\/a>)<\/p>\n\n\n\n<p><\/p>\n","protected":false},"excerpt":{"rendered":"<p>Durante Semana Santa se podr\u00e1 disfrutar de una nueva edici\u00f3n de la Feria de Productores en San Mart\u00edn de los Andes, un espacio para encontrarnos, apoyar a nuestros productores locales y compartir en comunidad. Del jueves 2 al domingo 5 de abril, de 12 a 23 hs. Sobre calle Juan Manuel de Rosas Vas a [&hellip;]<\/p>\n","protected":false},"author":2,"featured_media":12933,"comment_status":"closed","ping_status":"open","sticky":false,"template":"","format":"standard","meta":{"footnotes":""},"categories":[16,14,31,38],"tags":[],"class_list":{"0":"post-12932","1":"post","2":"type-post","3":"status-publish","4":"format-standard","5":"has-post-thumbnail","7":"category-destacadas","8":"category-noticias","9":"category-produccion","10":"category-subsecretaria-produccion-empleo-y-juventud"},"_links":{"self":[{"href":"https:\/\/prensa.sma.gob.ar\/index.php?rest_route=\/wp\/v2\/posts\/12932","targetHints":{"allow":["GET"]}}],"collection":[{"href":"https:\/\/prensa.sma.gob.ar\/index.php?rest_route=\/wp\/v2\/posts"}],"about":[{"href":"https:\/\/prensa.sma.gob.ar\/index.php?rest_route=\/wp\/v2\/types\/post"}],"author":[{"embeddable":true,"href":"https:\/\/prensa.sma.gob.ar\/index.php?rest_route=\/wp\/v2\/users\/2"}],"replies":[{"embeddable":true,"href":"https:\/\/prensa.sma.gob.ar\/index.php?rest_route=%2Fwp%2Fv2%2Fcomments&post=12932"}],"version-history":[{"count":1,"href":"https:\/\/prensa.sma.gob.ar\/index.php?rest_route=\/wp\/v2\/posts\/12932\/revisions"}],"predecessor-version":[{"id":12934,"href":"https:\/\/prensa.sma.gob.ar\/index.php?rest_route=\/wp\/v2\/posts\/12932\/revisions\/12934"}],"wp:featuredmedia":[{"embeddable":true,"href":"https:\/\/prensa.sma.gob.ar\/index.php?rest_route=\/wp\/v2\/media\/12933"}],"wp:attachment":[{"href":"https:\/\/prensa.sma.gob.ar\/index.php?rest_route=%2Fwp%2Fv2%2Fmedia&parent=12932"}],"wp:term":[{"taxonomy":"category","embeddable":true,"href":"https:\/\/prensa.sma.gob.ar\/index.php?rest_route=%2Fwp%2Fv2%2Fcategories&post=12932"},{"taxonomy":"post_tag","embeddable":true,"href":"https:\/\/prensa.sma.gob.ar\/index.php?rest_route=%2Fwp%2Fv2%2Ftags&post=12932"}],"curies":[{"name":"wp","href":"https:\/\/api.w.org\/{rel}","templated":true}]}}