{"id":12964,"date":"2026-03-18T23:27:27","date_gmt":"2026-03-18T23:27:27","guid":{"rendered":"https:\/\/prensa.sma.gob.ar\/?p=12964"},"modified":"2026-03-18T23:27:28","modified_gmt":"2026-03-18T23:27:28","slug":"maraton-joven-nueva-fecha-y-periodo-de-re-confirmacion-de-inscriptos","status":"publish","type":"post","link":"https:\/\/prensa.sma.gob.ar\/?p=12964","title":{"rendered":"Marat\u00f3n Joven: Nueva fecha y per\u00edodo de re-confirmaci\u00f3n de inscriptos"},"content":{"rendered":"\n<p>El Municipio, a trav\u00e9s del \u00e1rea de Juventud, informa que est\u00e1 confirmada la nueva fecha para la Marat\u00f3n Joven, una jornada deportiva con la mejor organizaci\u00f3n en nuestra ciudad.<\/p>\n\n\n\n<p>CRONOGRAMA:<\/p>\n\n\n\n<p>\u2022 Domingo 29 de marzo.<br>\u2022 Lugar de Largada: Costanera del Lago L\u00e1car.<br>\u2022 Entrada en calor: 09:30hs (Movilidad y m\u00fasica para arrancar con todo).<br>\u2022 Largada: 10:00hs puntual.<br>\u2022 Post-evento: Al finalizar, habr\u00e1 hamburguesas y refrescos gratis para todos los corredores inscriptos.<\/p>\n\n\n\n<p>ACREDITACI\u00d3N Y ENTREGA DE KITS<\/p>\n\n\n\n<p>La acreditaci\u00f3n es obligatoria para poder participar del evento:<br>\u2022 S\u00e1bado 28 de marzo.<br>\u2022 Local de Austria Ski.<br>\u2022 De 17:00hs a 20:30 hs.<br>\u2022 Para la entrega del Kits se deber\u00e1 realizar el pago correspondiente al Vivero Provincial, que contar\u00e1 con un puesto de cobro ubicado all\u00ed mismo.<\/p>\n\n\n\n<hr class=\"wp-block-separator has-alpha-channel-opacity\"\/>\n\n\n\n<p>RE-CONFIRMACI\u00d3N DE ASISTENCIA (Obligatorio)<\/p>\n\n\n\n<p>Para garantizar tu kit y los servicios de log\u00edstica, necesitamos que confirmes tu presencia completando este breve formulario antes del 23 de marzo (tambi\u00e9n se publica en Facebook del Municipio y en prensa.sma.gob.ar)<\/p>\n\n\n\n<p><a href=\"https:\/\/forms.gle\/PCWx9MFSHYtBgKsg9\">https:\/\/forms.gle\/PCWx9MFSHYtBgKsg9<\/a><br>.<br>Si por alg\u00fan motivo no puedes asistir, por favor informalo a trav\u00e9s del mismo link para que podamos liberar el cupo para otro corredor.<\/p>\n\n\n\n<p><\/p>\n","protected":false},"excerpt":{"rendered":"<p>El Municipio, a trav\u00e9s del \u00e1rea de Juventud, informa que est\u00e1 confirmada la nueva fecha para la Marat\u00f3n Joven, una jornada deportiva con la mejor organizaci\u00f3n en nuestra ciudad. CRONOGRAMA: \u2022 Domingo 29 de marzo.\u2022 Lugar de Largada: Costanera del Lago L\u00e1car.\u2022 Entrada en calor: 09:30hs (Movilidad y m\u00fasica para arrancar con todo).\u2022 Largada: 10:00hs [&hellip;]<\/p>\n","protected":false},"author":2,"featured_media":12965,"comment_status":"closed","ping_status":"open","sticky":false,"template":"","format":"standard","meta":{"footnotes":""},"categories":[7,16,14],"tags":[],"class_list":{"0":"post-12964","1":"post","2":"type-post","3":"status-publish","4":"format-standard","5":"has-post-thumbnail","7":"category-deportes","8":"category-destacadas","9":"category-noticias"},"_links":{"self":[{"href":"https:\/\/prensa.sma.gob.ar\/index.php?rest_route=\/wp\/v2\/posts\/12964","targetHints":{"allow":["GET"]}}],"collection":[{"href":"https:\/\/prensa.sma.gob.ar\/index.php?rest_route=\/wp\/v2\/posts"}],"about":[{"href":"https:\/\/prensa.sma.gob.ar\/index.php?rest_route=\/wp\/v2\/types\/post"}],"author":[{"embeddable":true,"href":"https:\/\/prensa.sma.gob.ar\/index.php?rest_route=\/wp\/v2\/users\/2"}],"replies":[{"embeddable":true,"href":"https:\/\/prensa.sma.gob.ar\/index.php?rest_route=%2Fwp%2Fv2%2Fcomments&post=12964"}],"version-history":[{"count":1,"href":"https:\/\/prensa.sma.gob.ar\/index.php?rest_route=\/wp\/v2\/posts\/12964\/revisions"}],"predecessor-version":[{"id":12966,"href":"https:\/\/prensa.sma.gob.ar\/index.php?rest_route=\/wp\/v2\/posts\/12964\/revisions\/12966"}],"wp:featuredmedia":[{"embeddable":true,"href":"https:\/\/prensa.sma.gob.ar\/index.php?rest_route=\/wp\/v2\/media\/12965"}],"wp:attachment":[{"href":"https:\/\/prensa.sma.gob.ar\/index.php?rest_route=%2Fwp%2Fv2%2Fmedia&parent=12964"}],"wp:term":[{"taxonomy":"category","embeddable":true,"href":"https:\/\/prensa.sma.gob.ar\/index.php?rest_route=%2Fwp%2Fv2%2Fcategories&post=12964"},{"taxonomy":"post_tag","embeddable":true,"href":"https:\/\/prensa.sma.gob.ar\/index.php?rest_route=%2Fwp%2Fv2%2Ftags&post=12964"}],"curies":[{"name":"wp","href":"https:\/\/api.w.org\/{rel}","templated":true}]}}