{"id":13598,"date":"2026-04-27T12:23:05","date_gmt":"2026-04-27T12:23:05","guid":{"rendered":"https:\/\/prensa.sma.gob.ar\/?p=13598"},"modified":"2026-04-27T12:23:08","modified_gmt":"2026-04-27T12:23:08","slug":"vestuarios-y-sede-de-la-liga-una-nueva-obra-para-san-martin-de-los-andes","status":"publish","type":"post","link":"https:\/\/prensa.sma.gob.ar\/?p=13598","title":{"rendered":"Vestuarios y sede de la Liga: una nueva obra para San Mart\u00edn de los Andes"},"content":{"rendered":"\n<p>Con la inauguraci\u00f3n de los vestuarios y la sede de la Liga de F\u00fatbol y de la Asociaci\u00f3n de F\u00fatbol Femenino, el Municipio de San Mart\u00edn de los Andes cumpli\u00f3 un sue\u00f1o de varias generaciones y la actual gesti\u00f3n se transform\u00f3 en la que m\u00e1s invirti\u00f3 en obras deportivas.<\/p>\n\n\n\n<p>La obra, que fortalece el deporte local y el desarrollo comunitario y la contenci\u00f3n social, es el resultado de un trabajo entre Provincia, Municipio, directivos de la Liga, que pusieron su mano de obra, y comerciantes de nuestra ciudad, que donaron mariales.<\/p>\n\n\n\n<p>En los \u00faltimos seis a\u00f1os, el Municipio gestion\u00f3 y trabaj\u00f3 en la colocaci\u00f3n de c\u00e9sped sint\u00e9tico en la cancha municipal; la finalizaci\u00f3n del gimnasio de Chacra 2; el c\u00e9sped sint\u00e9tico en el club El Arenal y actualmente se trabaja en la renovaci\u00f3n de los playones deportivos de El Arenal, VAMEP y el Club Sarmiento.<\/p>\n\n\n\n<p>Funcionarios provinciales y municipales, representantes de las ligas de f\u00fatbol masculina y femenina y vecinos y vecinas, participaron este s\u00e1bado del acto de inauguraci\u00f3n de la sede y vestuarios ubicados junto a la cancha El\u00edas Sapag.<\/p>\n\n\n\n<p>El nuevo edificio tiene vestuarios, sanitarios y sala de reuniones, que ser\u00e1n utilizados por todas las categor\u00edas. Adem\u00e1s, ser\u00e1 compartido por equipos de mujeres mientras avanza el proyecto de los vestuarios femeninos. Las ternas arbitrales tambi\u00e9n tienen un espacio espec\u00edfico.<\/p>\n\n\n\n<p>El acto estuvo encabezado por la secretaria de Deportes de la provincia, Marita Villone, y por el intendente municipal, Carlos Saloniti, quien se\u00f1al\u00f3 que, \u201cterminar los nuevos vestuarios era un objetivo que ten\u00edamos hace mucho tiempo\u201d.<\/p>\n\n\n\n<p>El encuentro sirvi\u00f3, adem\u00e1s, para que la Asociaci\u00f3n Femenina de F\u00fatbol recibiera la noticia de que se trabajar\u00e1 en su propia sede con vestuarios, en el mismo predio. Aprovechando la visita de Villone, los dirigentes renovaron pedidos para nuevas obras y lo mismo sucedi\u00f3 con la Asociaci\u00f3n de Bochas de San Mart\u00edn de los Andes.<\/p>\n\n\n\n<figure class=\"wp-block-gallery has-nested-images columns-default is-cropped wp-block-gallery-1 is-layout-flex wp-block-gallery-is-layout-flex\">\n<figure class=\"wp-block-image size-large\"><img loading=\"lazy\" decoding=\"async\" width=\"1024\" height=\"576\" data-id=\"13609\" src=\"https:\/\/prensa.sma.gob.ar\/wp-content\/uploads\/2026\/04\/WhatsApp-Image-2026-04-25-at-3.26.31-PM-2-1024x576.jpeg\" alt=\"\" class=\"wp-image-13609\" srcset=\"https:\/\/prensa.sma.gob.ar\/wp-content\/uploads\/2026\/04\/WhatsApp-Image-2026-04-25-at-3.26.31-PM-2-1024x576.jpeg 1024w, https:\/\/prensa.sma.gob.ar\/wp-content\/uploads\/2026\/04\/WhatsApp-Image-2026-04-25-at-3.26.31-PM-2-300x169.jpeg 300w, https:\/\/prensa.sma.gob.ar\/wp-content\/uploads\/2026\/04\/WhatsApp-Image-2026-04-25-at-3.26.31-PM-2-768x432.jpeg 768w, https:\/\/prensa.sma.gob.ar\/wp-content\/uploads\/2026\/04\/WhatsApp-Image-2026-04-25-at-3.26.31-PM-2-1536x864.jpeg 1536w, https:\/\/prensa.sma.gob.ar\/wp-content\/uploads\/2026\/04\/WhatsApp-Image-2026-04-25-at-3.26.31-PM-2-747x420.jpeg 747w, https:\/\/prensa.sma.gob.ar\/wp-content\/uploads\/2026\/04\/WhatsApp-Image-2026-04-25-at-3.26.31-PM-2-696x392.jpeg 696w, https:\/\/prensa.sma.gob.ar\/wp-content\/uploads\/2026\/04\/WhatsApp-Image-2026-04-25-at-3.26.31-PM-2-1068x601.jpeg 1068w, https:\/\/prensa.sma.gob.ar\/wp-content\/uploads\/2026\/04\/WhatsApp-Image-2026-04-25-at-3.26.31-PM-2.jpeg 1600w\" sizes=\"auto, (max-width: 1024px) 100vw, 1024px\" \/><\/figure>\n\n\n\n<figure class=\"wp-block-image size-large\"><img loading=\"lazy\" decoding=\"async\" width=\"1024\" height=\"576\" data-id=\"13608\" src=\"https:\/\/prensa.sma.gob.ar\/wp-content\/uploads\/2026\/04\/WhatsApp-Image-2026-04-25-at-3.26.31-PM-3-1024x576.jpeg\" alt=\"\" class=\"wp-image-13608\" srcset=\"https:\/\/prensa.sma.gob.ar\/wp-content\/uploads\/2026\/04\/WhatsApp-Image-2026-04-25-at-3.26.31-PM-3-1024x576.jpeg 1024w, https:\/\/prensa.sma.gob.ar\/wp-content\/uploads\/2026\/04\/WhatsApp-Image-2026-04-25-at-3.26.31-PM-3-300x169.jpeg 300w, https:\/\/prensa.sma.gob.ar\/wp-content\/uploads\/2026\/04\/WhatsApp-Image-2026-04-25-at-3.26.31-PM-3-768x432.jpeg 768w, https:\/\/prensa.sma.gob.ar\/wp-content\/uploads\/2026\/04\/WhatsApp-Image-2026-04-25-at-3.26.31-PM-3-1536x864.jpeg 1536w, https:\/\/prensa.sma.gob.ar\/wp-content\/uploads\/2026\/04\/WhatsApp-Image-2026-04-25-at-3.26.31-PM-3-747x420.jpeg 747w, https:\/\/prensa.sma.gob.ar\/wp-content\/uploads\/2026\/04\/WhatsApp-Image-2026-04-25-at-3.26.31-PM-3-696x392.jpeg 696w, https:\/\/prensa.sma.gob.ar\/wp-content\/uploads\/2026\/04\/WhatsApp-Image-2026-04-25-at-3.26.31-PM-3-1068x601.jpeg 1068w, https:\/\/prensa.sma.gob.ar\/wp-content\/uploads\/2026\/04\/WhatsApp-Image-2026-04-25-at-3.26.31-PM-3.jpeg 1600w\" sizes=\"auto, (max-width: 1024px) 100vw, 1024px\" \/><\/figure>\n\n\n\n<figure class=\"wp-block-image size-large\"><img loading=\"lazy\" decoding=\"async\" width=\"1024\" height=\"576\" data-id=\"13606\" src=\"https:\/\/prensa.sma.gob.ar\/wp-content\/uploads\/2026\/04\/WhatsApp-Image-2026-04-25-at-3.26.32-PM-1-1024x576.jpeg\" alt=\"\" class=\"wp-image-13606\" srcset=\"https:\/\/prensa.sma.gob.ar\/wp-content\/uploads\/2026\/04\/WhatsApp-Image-2026-04-25-at-3.26.32-PM-1-1024x576.jpeg 1024w, https:\/\/prensa.sma.gob.ar\/wp-content\/uploads\/2026\/04\/WhatsApp-Image-2026-04-25-at-3.26.32-PM-1-300x169.jpeg 300w, https:\/\/prensa.sma.gob.ar\/wp-content\/uploads\/2026\/04\/WhatsApp-Image-2026-04-25-at-3.26.32-PM-1-768x432.jpeg 768w, https:\/\/prensa.sma.gob.ar\/wp-content\/uploads\/2026\/04\/WhatsApp-Image-2026-04-25-at-3.26.32-PM-1-1536x864.jpeg 1536w, https:\/\/prensa.sma.gob.ar\/wp-content\/uploads\/2026\/04\/WhatsApp-Image-2026-04-25-at-3.26.32-PM-1-747x420.jpeg 747w, https:\/\/prensa.sma.gob.ar\/wp-content\/uploads\/2026\/04\/WhatsApp-Image-2026-04-25-at-3.26.32-PM-1-696x392.jpeg 696w, https:\/\/prensa.sma.gob.ar\/wp-content\/uploads\/2026\/04\/WhatsApp-Image-2026-04-25-at-3.26.32-PM-1-1068x601.jpeg 1068w, https:\/\/prensa.sma.gob.ar\/wp-content\/uploads\/2026\/04\/WhatsApp-Image-2026-04-25-at-3.26.32-PM-1.jpeg 1600w\" sizes=\"auto, (max-width: 1024px) 100vw, 1024px\" \/><\/figure>\n\n\n\n<figure class=\"wp-block-image size-large\"><img loading=\"lazy\" decoding=\"async\" width=\"1024\" height=\"576\" data-id=\"13607\" src=\"https:\/\/prensa.sma.gob.ar\/wp-content\/uploads\/2026\/04\/WhatsApp-Image-2026-04-25-at-3.26.32-PM-1024x576.jpeg\" alt=\"\" class=\"wp-image-13607\" srcset=\"https:\/\/prensa.sma.gob.ar\/wp-content\/uploads\/2026\/04\/WhatsApp-Image-2026-04-25-at-3.26.32-PM-1024x576.jpeg 1024w, https:\/\/prensa.sma.gob.ar\/wp-content\/uploads\/2026\/04\/WhatsApp-Image-2026-04-25-at-3.26.32-PM-300x169.jpeg 300w, https:\/\/prensa.sma.gob.ar\/wp-content\/uploads\/2026\/04\/WhatsApp-Image-2026-04-25-at-3.26.32-PM-768x432.jpeg 768w, https:\/\/prensa.sma.gob.ar\/wp-content\/uploads\/2026\/04\/WhatsApp-Image-2026-04-25-at-3.26.32-PM-1536x864.jpeg 1536w, https:\/\/prensa.sma.gob.ar\/wp-content\/uploads\/2026\/04\/WhatsApp-Image-2026-04-25-at-3.26.32-PM-747x420.jpeg 747w, https:\/\/prensa.sma.gob.ar\/wp-content\/uploads\/2026\/04\/WhatsApp-Image-2026-04-25-at-3.26.32-PM-696x392.jpeg 696w, https:\/\/prensa.sma.gob.ar\/wp-content\/uploads\/2026\/04\/WhatsApp-Image-2026-04-25-at-3.26.32-PM-1068x601.jpeg 1068w, https:\/\/prensa.sma.gob.ar\/wp-content\/uploads\/2026\/04\/WhatsApp-Image-2026-04-25-at-3.26.32-PM.jpeg 1600w\" sizes=\"auto, (max-width: 1024px) 100vw, 1024px\" \/><\/figure>\n\n\n\n<figure class=\"wp-block-image size-large\"><img loading=\"lazy\" decoding=\"async\" width=\"1024\" height=\"576\" data-id=\"13611\" src=\"https:\/\/prensa.sma.gob.ar\/wp-content\/uploads\/2026\/04\/WhatsApp-Image-2026-04-25-at-3.26.31-PM-1024x576.jpeg\" alt=\"\" class=\"wp-image-13611\" srcset=\"https:\/\/prensa.sma.gob.ar\/wp-content\/uploads\/2026\/04\/WhatsApp-Image-2026-04-25-at-3.26.31-PM-1024x576.jpeg 1024w, https:\/\/prensa.sma.gob.ar\/wp-content\/uploads\/2026\/04\/WhatsApp-Image-2026-04-25-at-3.26.31-PM-300x169.jpeg 300w, https:\/\/prensa.sma.gob.ar\/wp-content\/uploads\/2026\/04\/WhatsApp-Image-2026-04-25-at-3.26.31-PM-768x432.jpeg 768w, https:\/\/prensa.sma.gob.ar\/wp-content\/uploads\/2026\/04\/WhatsApp-Image-2026-04-25-at-3.26.31-PM-1536x864.jpeg 1536w, https:\/\/prensa.sma.gob.ar\/wp-content\/uploads\/2026\/04\/WhatsApp-Image-2026-04-25-at-3.26.31-PM-747x420.jpeg 747w, https:\/\/prensa.sma.gob.ar\/wp-content\/uploads\/2026\/04\/WhatsApp-Image-2026-04-25-at-3.26.31-PM-696x392.jpeg 696w, https:\/\/prensa.sma.gob.ar\/wp-content\/uploads\/2026\/04\/WhatsApp-Image-2026-04-25-at-3.26.31-PM-1068x601.jpeg 1068w, https:\/\/prensa.sma.gob.ar\/wp-content\/uploads\/2026\/04\/WhatsApp-Image-2026-04-25-at-3.26.31-PM.jpeg 1600w\" sizes=\"auto, (max-width: 1024px) 100vw, 1024px\" \/><\/figure>\n\n\n\n<figure class=\"wp-block-image size-large\"><img loading=\"lazy\" decoding=\"async\" width=\"1024\" height=\"576\" data-id=\"13610\" src=\"https:\/\/prensa.sma.gob.ar\/wp-content\/uploads\/2026\/04\/WhatsApp-Image-2026-04-25-at-3.26.31-PM-1-1024x576.jpeg\" alt=\"\" class=\"wp-image-13610\" srcset=\"https:\/\/prensa.sma.gob.ar\/wp-content\/uploads\/2026\/04\/WhatsApp-Image-2026-04-25-at-3.26.31-PM-1-1024x576.jpeg 1024w, https:\/\/prensa.sma.gob.ar\/wp-content\/uploads\/2026\/04\/WhatsApp-Image-2026-04-25-at-3.26.31-PM-1-300x169.jpeg 300w, https:\/\/prensa.sma.gob.ar\/wp-content\/uploads\/2026\/04\/WhatsApp-Image-2026-04-25-at-3.26.31-PM-1-768x432.jpeg 768w, https:\/\/prensa.sma.gob.ar\/wp-content\/uploads\/2026\/04\/WhatsApp-Image-2026-04-25-at-3.26.31-PM-1-1536x864.jpeg 1536w, https:\/\/prensa.sma.gob.ar\/wp-content\/uploads\/2026\/04\/WhatsApp-Image-2026-04-25-at-3.26.31-PM-1-747x420.jpeg 747w, https:\/\/prensa.sma.gob.ar\/wp-content\/uploads\/2026\/04\/WhatsApp-Image-2026-04-25-at-3.26.31-PM-1-696x392.jpeg 696w, https:\/\/prensa.sma.gob.ar\/wp-content\/uploads\/2026\/04\/WhatsApp-Image-2026-04-25-at-3.26.31-PM-1-1068x601.jpeg 1068w, https:\/\/prensa.sma.gob.ar\/wp-content\/uploads\/2026\/04\/WhatsApp-Image-2026-04-25-at-3.26.31-PM-1.jpeg 1600w\" sizes=\"auto, (max-width: 1024px) 100vw, 1024px\" \/><\/figure>\n<\/figure>\n\n\n\n<p><strong>La salida es con el deporte y la familia<\/strong><\/p>\n\n\n\n<p>El intendente Saloniti afirm\u00f3 que \u201ctenemos el desaf\u00edo de hacer el espacio de la Liga para las mujeres y tenemos muchas cosas por delante, porque el deporte es contenci\u00f3n\u201d.<\/p>\n\n\n\n<p>Alert\u00f3 que \u201cen esta sociedad tan dividida, fracturada y con tantos problemas, el deporte el \u00fanico camino y la salida, junto con la familia, para encarrilar un mont\u00f3n de situaciones complejas\u201d.<\/p>\n\n\n\n<p>\u201cSi no trabajamos en equipo, si no nos unimos, no hay forma de que saquemos adelante una ciudad, ni una liga ni una junta vecinal, ni nada. Tiene que haber m\u00e1s buena fe, m\u00e1s amor (sabiendo que) todos estamos de paso\u201d.<\/p>\n\n\n\n<p>El mandatario comunal destac\u00f3 el trabajo que realizan los dirigentes de la liga de f\u00fatbol, tanto los varones como las mujeres, y lo contrast\u00f3 con los cuestionamientos deliberados en las redes sociales. Lo que hacen ellos \u201ces amor\u201d mientras \u201chay gente que habla y que nunca hizo nada por nadie\u201d.<\/p>\n\n\n\n<p>\u201cLa verdad est\u00e1 en el v\u00ednculo humano, no en una red social. La \u00fanica verdad es la relaci\u00f3n humana. Trabajemos juntos y pensemos que hay un mont\u00f3n de chiquititos y chiquititas que nos est\u00e1n mirando. Si nosotros somos violentos, no pretendamos que nuestros hijos no sean violentos. Trabajemos con el ejemplo\u201d, se\u00f1al\u00f3 Saloniti.<\/p>\n\n\n\n<div class=\"wp-block-file\"><a id=\"wp-block-file--media-79e0e2a9-2875-4d10-9e2e-f3470a832538\" href=\"https:\/\/prensa.sma.gob.ar\/wp-content\/uploads\/2026\/04\/AUDIO-CARLOS-SALONITI.mp3\"><strong>AUDIO CARLOS SALONITI<\/strong><\/a><a href=\"https:\/\/prensa.sma.gob.ar\/wp-content\/uploads\/2026\/04\/AUDIO-CARLOS-SALONITI.mp3\" class=\"wp-block-file__button wp-element-button\" download aria-describedby=\"wp-block-file--media-79e0e2a9-2875-4d10-9e2e-f3470a832538\">Descarga<\/a><\/div>\n\n\n\n<figure class=\"wp-block-gallery has-nested-images columns-default is-cropped wp-block-gallery-2 is-layout-flex wp-block-gallery-is-layout-flex\">\n<figure class=\"wp-block-image size-large\"><img loading=\"lazy\" decoding=\"async\" width=\"1024\" height=\"576\" data-id=\"13641\" src=\"https:\/\/prensa.sma.gob.ar\/wp-content\/uploads\/2026\/04\/WhatsApp-Image-2026-04-25-at-3.26.23-PM-3-1024x576.jpeg\" alt=\"\" class=\"wp-image-13641\" srcset=\"https:\/\/prensa.sma.gob.ar\/wp-content\/uploads\/2026\/04\/WhatsApp-Image-2026-04-25-at-3.26.23-PM-3-1024x576.jpeg 1024w, https:\/\/prensa.sma.gob.ar\/wp-content\/uploads\/2026\/04\/WhatsApp-Image-2026-04-25-at-3.26.23-PM-3-300x169.jpeg 300w, https:\/\/prensa.sma.gob.ar\/wp-content\/uploads\/2026\/04\/WhatsApp-Image-2026-04-25-at-3.26.23-PM-3-768x432.jpeg 768w, https:\/\/prensa.sma.gob.ar\/wp-content\/uploads\/2026\/04\/WhatsApp-Image-2026-04-25-at-3.26.23-PM-3-1536x864.jpeg 1536w, https:\/\/prensa.sma.gob.ar\/wp-content\/uploads\/2026\/04\/WhatsApp-Image-2026-04-25-at-3.26.23-PM-3-747x420.jpeg 747w, https:\/\/prensa.sma.gob.ar\/wp-content\/uploads\/2026\/04\/WhatsApp-Image-2026-04-25-at-3.26.23-PM-3-696x392.jpeg 696w, https:\/\/prensa.sma.gob.ar\/wp-content\/uploads\/2026\/04\/WhatsApp-Image-2026-04-25-at-3.26.23-PM-3-1068x601.jpeg 1068w, https:\/\/prensa.sma.gob.ar\/wp-content\/uploads\/2026\/04\/WhatsApp-Image-2026-04-25-at-3.26.23-PM-3.jpeg 1600w\" sizes=\"auto, (max-width: 1024px) 100vw, 1024px\" \/><\/figure>\n\n\n\n<figure class=\"wp-block-image size-large\"><img loading=\"lazy\" decoding=\"async\" width=\"1024\" height=\"576\" data-id=\"13640\" src=\"https:\/\/prensa.sma.gob.ar\/wp-content\/uploads\/2026\/04\/WhatsApp-Image-2026-04-25-at-3.26.24-PM-1024x576.jpeg\" alt=\"\" class=\"wp-image-13640\" srcset=\"https:\/\/prensa.sma.gob.ar\/wp-content\/uploads\/2026\/04\/WhatsApp-Image-2026-04-25-at-3.26.24-PM-1024x576.jpeg 1024w, https:\/\/prensa.sma.gob.ar\/wp-content\/uploads\/2026\/04\/WhatsApp-Image-2026-04-25-at-3.26.24-PM-300x169.jpeg 300w, https:\/\/prensa.sma.gob.ar\/wp-content\/uploads\/2026\/04\/WhatsApp-Image-2026-04-25-at-3.26.24-PM-768x432.jpeg 768w, https:\/\/prensa.sma.gob.ar\/wp-content\/uploads\/2026\/04\/WhatsApp-Image-2026-04-25-at-3.26.24-PM-1536x864.jpeg 1536w, https:\/\/prensa.sma.gob.ar\/wp-content\/uploads\/2026\/04\/WhatsApp-Image-2026-04-25-at-3.26.24-PM-747x420.jpeg 747w, https:\/\/prensa.sma.gob.ar\/wp-content\/uploads\/2026\/04\/WhatsApp-Image-2026-04-25-at-3.26.24-PM-696x392.jpeg 696w, https:\/\/prensa.sma.gob.ar\/wp-content\/uploads\/2026\/04\/WhatsApp-Image-2026-04-25-at-3.26.24-PM-1068x601.jpeg 1068w, https:\/\/prensa.sma.gob.ar\/wp-content\/uploads\/2026\/04\/WhatsApp-Image-2026-04-25-at-3.26.24-PM.jpeg 1600w\" sizes=\"auto, (max-width: 1024px) 100vw, 1024px\" \/><\/figure>\n\n\n\n<figure class=\"wp-block-image size-large\"><img loading=\"lazy\" decoding=\"async\" width=\"1024\" height=\"576\" data-id=\"13638\" src=\"https:\/\/prensa.sma.gob.ar\/wp-content\/uploads\/2026\/04\/WhatsApp-Image-2026-04-25-at-3.26.24-PM-2-1024x576.jpeg\" alt=\"\" class=\"wp-image-13638\" srcset=\"https:\/\/prensa.sma.gob.ar\/wp-content\/uploads\/2026\/04\/WhatsApp-Image-2026-04-25-at-3.26.24-PM-2-1024x576.jpeg 1024w, https:\/\/prensa.sma.gob.ar\/wp-content\/uploads\/2026\/04\/WhatsApp-Image-2026-04-25-at-3.26.24-PM-2-300x169.jpeg 300w, https:\/\/prensa.sma.gob.ar\/wp-content\/uploads\/2026\/04\/WhatsApp-Image-2026-04-25-at-3.26.24-PM-2-768x432.jpeg 768w, https:\/\/prensa.sma.gob.ar\/wp-content\/uploads\/2026\/04\/WhatsApp-Image-2026-04-25-at-3.26.24-PM-2-1536x864.jpeg 1536w, https:\/\/prensa.sma.gob.ar\/wp-content\/uploads\/2026\/04\/WhatsApp-Image-2026-04-25-at-3.26.24-PM-2-747x420.jpeg 747w, https:\/\/prensa.sma.gob.ar\/wp-content\/uploads\/2026\/04\/WhatsApp-Image-2026-04-25-at-3.26.24-PM-2-696x392.jpeg 696w, https:\/\/prensa.sma.gob.ar\/wp-content\/uploads\/2026\/04\/WhatsApp-Image-2026-04-25-at-3.26.24-PM-2-1068x601.jpeg 1068w, https:\/\/prensa.sma.gob.ar\/wp-content\/uploads\/2026\/04\/WhatsApp-Image-2026-04-25-at-3.26.24-PM-2.jpeg 1600w\" sizes=\"auto, (max-width: 1024px) 100vw, 1024px\" \/><\/figure>\n\n\n\n<figure class=\"wp-block-image size-large\"><img loading=\"lazy\" decoding=\"async\" width=\"1024\" height=\"576\" data-id=\"13615\" src=\"https:\/\/prensa.sma.gob.ar\/wp-content\/uploads\/2026\/04\/WhatsApp-Image-2026-04-25-at-3.26.30-PM-1024x576.jpeg\" alt=\"\" class=\"wp-image-13615\" srcset=\"https:\/\/prensa.sma.gob.ar\/wp-content\/uploads\/2026\/04\/WhatsApp-Image-2026-04-25-at-3.26.30-PM-1024x576.jpeg 1024w, https:\/\/prensa.sma.gob.ar\/wp-content\/uploads\/2026\/04\/WhatsApp-Image-2026-04-25-at-3.26.30-PM-300x169.jpeg 300w, https:\/\/prensa.sma.gob.ar\/wp-content\/uploads\/2026\/04\/WhatsApp-Image-2026-04-25-at-3.26.30-PM-768x432.jpeg 768w, https:\/\/prensa.sma.gob.ar\/wp-content\/uploads\/2026\/04\/WhatsApp-Image-2026-04-25-at-3.26.30-PM-1536x864.jpeg 1536w, https:\/\/prensa.sma.gob.ar\/wp-content\/uploads\/2026\/04\/WhatsApp-Image-2026-04-25-at-3.26.30-PM-747x420.jpeg 747w, https:\/\/prensa.sma.gob.ar\/wp-content\/uploads\/2026\/04\/WhatsApp-Image-2026-04-25-at-3.26.30-PM-696x392.jpeg 696w, https:\/\/prensa.sma.gob.ar\/wp-content\/uploads\/2026\/04\/WhatsApp-Image-2026-04-25-at-3.26.30-PM-1068x601.jpeg 1068w, https:\/\/prensa.sma.gob.ar\/wp-content\/uploads\/2026\/04\/WhatsApp-Image-2026-04-25-at-3.26.30-PM.jpeg 1600w\" sizes=\"auto, (max-width: 1024px) 100vw, 1024px\" \/><\/figure>\n\n\n\n<figure class=\"wp-block-image size-large\"><img loading=\"lazy\" decoding=\"async\" width=\"1024\" height=\"576\" data-id=\"13618\" src=\"https:\/\/prensa.sma.gob.ar\/wp-content\/uploads\/2026\/04\/WhatsApp-Image-2026-04-25-at-3.26.29-PM-1-1024x576.jpeg\" alt=\"\" class=\"wp-image-13618\" srcset=\"https:\/\/prensa.sma.gob.ar\/wp-content\/uploads\/2026\/04\/WhatsApp-Image-2026-04-25-at-3.26.29-PM-1-1024x576.jpeg 1024w, https:\/\/prensa.sma.gob.ar\/wp-content\/uploads\/2026\/04\/WhatsApp-Image-2026-04-25-at-3.26.29-PM-1-300x169.jpeg 300w, https:\/\/prensa.sma.gob.ar\/wp-content\/uploads\/2026\/04\/WhatsApp-Image-2026-04-25-at-3.26.29-PM-1-768x432.jpeg 768w, https:\/\/prensa.sma.gob.ar\/wp-content\/uploads\/2026\/04\/WhatsApp-Image-2026-04-25-at-3.26.29-PM-1-1536x864.jpeg 1536w, https:\/\/prensa.sma.gob.ar\/wp-content\/uploads\/2026\/04\/WhatsApp-Image-2026-04-25-at-3.26.29-PM-1-747x420.jpeg 747w, https:\/\/prensa.sma.gob.ar\/wp-content\/uploads\/2026\/04\/WhatsApp-Image-2026-04-25-at-3.26.29-PM-1-696x392.jpeg 696w, https:\/\/prensa.sma.gob.ar\/wp-content\/uploads\/2026\/04\/WhatsApp-Image-2026-04-25-at-3.26.29-PM-1-1068x601.jpeg 1068w, https:\/\/prensa.sma.gob.ar\/wp-content\/uploads\/2026\/04\/WhatsApp-Image-2026-04-25-at-3.26.29-PM-1.jpeg 1600w\" sizes=\"auto, (max-width: 1024px) 100vw, 1024px\" \/><\/figure>\n\n\n\n<figure class=\"wp-block-image size-large\"><img loading=\"lazy\" decoding=\"async\" width=\"1024\" height=\"576\" data-id=\"13619\" src=\"https:\/\/prensa.sma.gob.ar\/wp-content\/uploads\/2026\/04\/WhatsApp-Image-2026-04-25-at-3.26.29-PM-1024x576.jpeg\" alt=\"\" class=\"wp-image-13619\" srcset=\"https:\/\/prensa.sma.gob.ar\/wp-content\/uploads\/2026\/04\/WhatsApp-Image-2026-04-25-at-3.26.29-PM-1024x576.jpeg 1024w, https:\/\/prensa.sma.gob.ar\/wp-content\/uploads\/2026\/04\/WhatsApp-Image-2026-04-25-at-3.26.29-PM-300x169.jpeg 300w, https:\/\/prensa.sma.gob.ar\/wp-content\/uploads\/2026\/04\/WhatsApp-Image-2026-04-25-at-3.26.29-PM-768x432.jpeg 768w, https:\/\/prensa.sma.gob.ar\/wp-content\/uploads\/2026\/04\/WhatsApp-Image-2026-04-25-at-3.26.29-PM-1536x864.jpeg 1536w, https:\/\/prensa.sma.gob.ar\/wp-content\/uploads\/2026\/04\/WhatsApp-Image-2026-04-25-at-3.26.29-PM-747x420.jpeg 747w, https:\/\/prensa.sma.gob.ar\/wp-content\/uploads\/2026\/04\/WhatsApp-Image-2026-04-25-at-3.26.29-PM-696x392.jpeg 696w, https:\/\/prensa.sma.gob.ar\/wp-content\/uploads\/2026\/04\/WhatsApp-Image-2026-04-25-at-3.26.29-PM-1068x601.jpeg 1068w, https:\/\/prensa.sma.gob.ar\/wp-content\/uploads\/2026\/04\/WhatsApp-Image-2026-04-25-at-3.26.29-PM.jpeg 1600w\" sizes=\"auto, (max-width: 1024px) 100vw, 1024px\" \/><\/figure>\n<\/figure>\n\n\n\n<p><strong>Acompa\u00f1amiento y desarrollo de clubes<\/strong><\/p>\n\n\n\n<p>La secretaria de Deportes de la provincia, Marita Villone, destac\u00f3 el esfuerzo del Municipio y agradeci\u00f3 la decisi\u00f3n pol\u00edtica del gobernador Rolando Figueroa y de la actual senadora Julieta Corroza, de acompa\u00f1ar financieramente la inversi\u00f3n municipal.<\/p>\n\n\n\n<p>Tambi\u00e9n pidi\u00f3 recordar a quienes transitaron por la Liga y por las diferentes categor\u00edas del f\u00fatbol local a lo largo de 40 a\u00f1os, con el sue\u00f1o de tener la sede y los vestuarios que se concretan hoy. \u201cCu\u00e1ntas personas han hecho sacrificio para llevar el deporte adelante en cada uno de los barrios, en cada uno de los clubes, en cada una de las asociaciones y en las escuelitas comunitarias\u201d, reflexion\u00f3.<\/p>\n\n\n\n<p>Record\u00f3 que el Gobierno provincial lleva adelante una pol\u00edtica de acompa\u00f1amiento y desarrollo de clubes barriales, de diversas disciplinas deportivas y becas para deportistas de mediano y alto rendimiento.<\/p>\n\n\n\n<p>Finalmente, felicit\u00f3 a las mujeres que han decidido participar en el f\u00fatbol y en otros \u00e1mbitos de la vida. \u201cSe los agradezco porque son parte de esas mujeres que nos instan y nos incentivan a otras a salir de ese lugar de confort\u201d, afirm\u00f3.<\/p>\n\n\n\n<p>Villone prometi\u00f3 que tendr\u00e1n el apoyo del gobernador Rolando Figueroa y del Ministerio de Juventud, Cultura y Deportes de la provincia y destac\u00f3 que el intendente Saloniti es promotor de este tipo de obras y augur\u00f3 que \u201cen estos dos a\u00f1os de gesti\u00f3n que te quedan, vas a seguir construyendo, seguir haciendo\u201d.<\/p>\n\n\n\n<div class=\"wp-block-file\"><a id=\"wp-block-file--media-8dea61df-a379-4fac-b005-1b2ae76571ae\" href=\"https:\/\/prensa.sma.gob.ar\/wp-content\/uploads\/2026\/04\/AUDIO-MARITA-VILLONE.mp3\"><strong>AUDIO MARITA VILLONE<\/strong><\/a><a href=\"https:\/\/prensa.sma.gob.ar\/wp-content\/uploads\/2026\/04\/AUDIO-MARITA-VILLONE.mp3\" class=\"wp-block-file__button wp-element-button\" download aria-describedby=\"wp-block-file--media-8dea61df-a379-4fac-b005-1b2ae76571ae\">Descarga<\/a><\/div>\n\n\n\n<figure class=\"wp-block-gallery has-nested-images columns-default is-cropped wp-block-gallery-3 is-layout-flex wp-block-gallery-is-layout-flex\">\n<figure class=\"wp-block-image size-large\"><img loading=\"lazy\" decoding=\"async\" width=\"1024\" height=\"576\" data-id=\"13645\" src=\"https:\/\/prensa.sma.gob.ar\/wp-content\/uploads\/2026\/04\/WhatsApp-Image-2026-04-25-at-3.26.22-PM-2-1024x576.jpeg\" alt=\"\" class=\"wp-image-13645\" srcset=\"https:\/\/prensa.sma.gob.ar\/wp-content\/uploads\/2026\/04\/WhatsApp-Image-2026-04-25-at-3.26.22-PM-2-1024x576.jpeg 1024w, https:\/\/prensa.sma.gob.ar\/wp-content\/uploads\/2026\/04\/WhatsApp-Image-2026-04-25-at-3.26.22-PM-2-300x169.jpeg 300w, https:\/\/prensa.sma.gob.ar\/wp-content\/uploads\/2026\/04\/WhatsApp-Image-2026-04-25-at-3.26.22-PM-2-768x432.jpeg 768w, https:\/\/prensa.sma.gob.ar\/wp-content\/uploads\/2026\/04\/WhatsApp-Image-2026-04-25-at-3.26.22-PM-2-1536x864.jpeg 1536w, https:\/\/prensa.sma.gob.ar\/wp-content\/uploads\/2026\/04\/WhatsApp-Image-2026-04-25-at-3.26.22-PM-2-747x420.jpeg 747w, https:\/\/prensa.sma.gob.ar\/wp-content\/uploads\/2026\/04\/WhatsApp-Image-2026-04-25-at-3.26.22-PM-2-696x392.jpeg 696w, https:\/\/prensa.sma.gob.ar\/wp-content\/uploads\/2026\/04\/WhatsApp-Image-2026-04-25-at-3.26.22-PM-2-1068x601.jpeg 1068w, https:\/\/prensa.sma.gob.ar\/wp-content\/uploads\/2026\/04\/WhatsApp-Image-2026-04-25-at-3.26.22-PM-2.jpeg 1600w\" sizes=\"auto, (max-width: 1024px) 100vw, 1024px\" \/><\/figure>\n\n\n\n<figure class=\"wp-block-image size-large\"><img loading=\"lazy\" decoding=\"async\" width=\"1024\" height=\"576\" data-id=\"13639\" src=\"https:\/\/prensa.sma.gob.ar\/wp-content\/uploads\/2026\/04\/WhatsApp-Image-2026-04-25-at-3.26.24-PM-1-1024x576.jpeg\" alt=\"\" class=\"wp-image-13639\" srcset=\"https:\/\/prensa.sma.gob.ar\/wp-content\/uploads\/2026\/04\/WhatsApp-Image-2026-04-25-at-3.26.24-PM-1-1024x576.jpeg 1024w, https:\/\/prensa.sma.gob.ar\/wp-content\/uploads\/2026\/04\/WhatsApp-Image-2026-04-25-at-3.26.24-PM-1-300x169.jpeg 300w, https:\/\/prensa.sma.gob.ar\/wp-content\/uploads\/2026\/04\/WhatsApp-Image-2026-04-25-at-3.26.24-PM-1-768x432.jpeg 768w, https:\/\/prensa.sma.gob.ar\/wp-content\/uploads\/2026\/04\/WhatsApp-Image-2026-04-25-at-3.26.24-PM-1-1536x864.jpeg 1536w, https:\/\/prensa.sma.gob.ar\/wp-content\/uploads\/2026\/04\/WhatsApp-Image-2026-04-25-at-3.26.24-PM-1-747x420.jpeg 747w, https:\/\/prensa.sma.gob.ar\/wp-content\/uploads\/2026\/04\/WhatsApp-Image-2026-04-25-at-3.26.24-PM-1-696x392.jpeg 696w, https:\/\/prensa.sma.gob.ar\/wp-content\/uploads\/2026\/04\/WhatsApp-Image-2026-04-25-at-3.26.24-PM-1-1068x601.jpeg 1068w, https:\/\/prensa.sma.gob.ar\/wp-content\/uploads\/2026\/04\/WhatsApp-Image-2026-04-25-at-3.26.24-PM-1.jpeg 1600w\" sizes=\"auto, (max-width: 1024px) 100vw, 1024px\" \/><\/figure>\n\n\n\n<figure class=\"wp-block-image size-large\"><img loading=\"lazy\" decoding=\"async\" width=\"1024\" height=\"576\" data-id=\"13642\" src=\"https:\/\/prensa.sma.gob.ar\/wp-content\/uploads\/2026\/04\/WhatsApp-Image-2026-04-25-at-3.26.23-PM-2-1024x576.jpeg\" alt=\"\" class=\"wp-image-13642\" srcset=\"https:\/\/prensa.sma.gob.ar\/wp-content\/uploads\/2026\/04\/WhatsApp-Image-2026-04-25-at-3.26.23-PM-2-1024x576.jpeg 1024w, https:\/\/prensa.sma.gob.ar\/wp-content\/uploads\/2026\/04\/WhatsApp-Image-2026-04-25-at-3.26.23-PM-2-300x169.jpeg 300w, https:\/\/prensa.sma.gob.ar\/wp-content\/uploads\/2026\/04\/WhatsApp-Image-2026-04-25-at-3.26.23-PM-2-768x432.jpeg 768w, https:\/\/prensa.sma.gob.ar\/wp-content\/uploads\/2026\/04\/WhatsApp-Image-2026-04-25-at-3.26.23-PM-2-1536x864.jpeg 1536w, https:\/\/prensa.sma.gob.ar\/wp-content\/uploads\/2026\/04\/WhatsApp-Image-2026-04-25-at-3.26.23-PM-2-747x420.jpeg 747w, https:\/\/prensa.sma.gob.ar\/wp-content\/uploads\/2026\/04\/WhatsApp-Image-2026-04-25-at-3.26.23-PM-2-696x392.jpeg 696w, https:\/\/prensa.sma.gob.ar\/wp-content\/uploads\/2026\/04\/WhatsApp-Image-2026-04-25-at-3.26.23-PM-2-1068x601.jpeg 1068w, https:\/\/prensa.sma.gob.ar\/wp-content\/uploads\/2026\/04\/WhatsApp-Image-2026-04-25-at-3.26.23-PM-2.jpeg 1600w\" sizes=\"auto, (max-width: 1024px) 100vw, 1024px\" \/><\/figure>\n\n\n\n<figure class=\"wp-block-image size-large\"><img loading=\"lazy\" decoding=\"async\" width=\"1024\" height=\"576\" data-id=\"13647\" src=\"https:\/\/prensa.sma.gob.ar\/wp-content\/uploads\/2026\/04\/WhatsApp-Image-2026-04-25-at-3.26.22-PM-1024x576.jpeg\" alt=\"\" class=\"wp-image-13647\" srcset=\"https:\/\/prensa.sma.gob.ar\/wp-content\/uploads\/2026\/04\/WhatsApp-Image-2026-04-25-at-3.26.22-PM-1024x576.jpeg 1024w, https:\/\/prensa.sma.gob.ar\/wp-content\/uploads\/2026\/04\/WhatsApp-Image-2026-04-25-at-3.26.22-PM-300x169.jpeg 300w, https:\/\/prensa.sma.gob.ar\/wp-content\/uploads\/2026\/04\/WhatsApp-Image-2026-04-25-at-3.26.22-PM-768x432.jpeg 768w, https:\/\/prensa.sma.gob.ar\/wp-content\/uploads\/2026\/04\/WhatsApp-Image-2026-04-25-at-3.26.22-PM-1536x864.jpeg 1536w, https:\/\/prensa.sma.gob.ar\/wp-content\/uploads\/2026\/04\/WhatsApp-Image-2026-04-25-at-3.26.22-PM-747x420.jpeg 747w, https:\/\/prensa.sma.gob.ar\/wp-content\/uploads\/2026\/04\/WhatsApp-Image-2026-04-25-at-3.26.22-PM-696x392.jpeg 696w, https:\/\/prensa.sma.gob.ar\/wp-content\/uploads\/2026\/04\/WhatsApp-Image-2026-04-25-at-3.26.22-PM-1068x601.jpeg 1068w, https:\/\/prensa.sma.gob.ar\/wp-content\/uploads\/2026\/04\/WhatsApp-Image-2026-04-25-at-3.26.22-PM.jpeg 1600w\" sizes=\"auto, (max-width: 1024px) 100vw, 1024px\" \/><\/figure>\n\n\n\n<figure class=\"wp-block-image size-large\"><img loading=\"lazy\" decoding=\"async\" width=\"1024\" height=\"576\" data-id=\"13617\" src=\"https:\/\/prensa.sma.gob.ar\/wp-content\/uploads\/2026\/04\/WhatsApp-Image-2026-04-25-at-3.26.29-PM-2-1024x576.jpeg\" alt=\"\" class=\"wp-image-13617\" srcset=\"https:\/\/prensa.sma.gob.ar\/wp-content\/uploads\/2026\/04\/WhatsApp-Image-2026-04-25-at-3.26.29-PM-2-1024x576.jpeg 1024w, https:\/\/prensa.sma.gob.ar\/wp-content\/uploads\/2026\/04\/WhatsApp-Image-2026-04-25-at-3.26.29-PM-2-300x169.jpeg 300w, https:\/\/prensa.sma.gob.ar\/wp-content\/uploads\/2026\/04\/WhatsApp-Image-2026-04-25-at-3.26.29-PM-2-768x432.jpeg 768w, https:\/\/prensa.sma.gob.ar\/wp-content\/uploads\/2026\/04\/WhatsApp-Image-2026-04-25-at-3.26.29-PM-2-1536x864.jpeg 1536w, https:\/\/prensa.sma.gob.ar\/wp-content\/uploads\/2026\/04\/WhatsApp-Image-2026-04-25-at-3.26.29-PM-2-747x420.jpeg 747w, https:\/\/prensa.sma.gob.ar\/wp-content\/uploads\/2026\/04\/WhatsApp-Image-2026-04-25-at-3.26.29-PM-2-696x392.jpeg 696w, https:\/\/prensa.sma.gob.ar\/wp-content\/uploads\/2026\/04\/WhatsApp-Image-2026-04-25-at-3.26.29-PM-2-1068x601.jpeg 1068w, https:\/\/prensa.sma.gob.ar\/wp-content\/uploads\/2026\/04\/WhatsApp-Image-2026-04-25-at-3.26.29-PM-2.jpeg 1600w\" sizes=\"auto, (max-width: 1024px) 100vw, 1024px\" \/><\/figure>\n\n\n\n<figure class=\"wp-block-image size-large\"><img loading=\"lazy\" decoding=\"async\" width=\"1024\" height=\"576\" data-id=\"13616\" src=\"https:\/\/prensa.sma.gob.ar\/wp-content\/uploads\/2026\/04\/WhatsApp-Image-2026-04-25-at-3.26.29-PM-3-1024x576.jpeg\" alt=\"\" class=\"wp-image-13616\" srcset=\"https:\/\/prensa.sma.gob.ar\/wp-content\/uploads\/2026\/04\/WhatsApp-Image-2026-04-25-at-3.26.29-PM-3-1024x576.jpeg 1024w, https:\/\/prensa.sma.gob.ar\/wp-content\/uploads\/2026\/04\/WhatsApp-Image-2026-04-25-at-3.26.29-PM-3-300x169.jpeg 300w, https:\/\/prensa.sma.gob.ar\/wp-content\/uploads\/2026\/04\/WhatsApp-Image-2026-04-25-at-3.26.29-PM-3-768x432.jpeg 768w, https:\/\/prensa.sma.gob.ar\/wp-content\/uploads\/2026\/04\/WhatsApp-Image-2026-04-25-at-3.26.29-PM-3-1536x864.jpeg 1536w, https:\/\/prensa.sma.gob.ar\/wp-content\/uploads\/2026\/04\/WhatsApp-Image-2026-04-25-at-3.26.29-PM-3-747x420.jpeg 747w, https:\/\/prensa.sma.gob.ar\/wp-content\/uploads\/2026\/04\/WhatsApp-Image-2026-04-25-at-3.26.29-PM-3-696x392.jpeg 696w, https:\/\/prensa.sma.gob.ar\/wp-content\/uploads\/2026\/04\/WhatsApp-Image-2026-04-25-at-3.26.29-PM-3-1068x601.jpeg 1068w, https:\/\/prensa.sma.gob.ar\/wp-content\/uploads\/2026\/04\/WhatsApp-Image-2026-04-25-at-3.26.29-PM-3.jpeg 1600w\" sizes=\"auto, (max-width: 1024px) 100vw, 1024px\" \/><\/figure>\n<\/figure>\n\n\n\n<p><strong>Mucha gente puso el hombro<\/strong><\/p>\n\n\n\n<p>El coordinador de la obra, Sergio Vivanco, agradeci\u00f3 el trabajo comunitario de vecinos vinculados a la liga de f\u00fatbol, que aportaron mano de obra y materiales para la concreci\u00f3n de este trabajo y que fueron distinguidos por Provincia y Municipio.<\/p>\n\n\n\n<p>\u201cAc\u00e1 hay muchas personas generosas. A aquellos que cuestionan a trav\u00e9s de las redes sociales, les quiero decir que sin los empleados municipales esto no funciona\u201d, afirm\u00f3. Tambi\u00e9n agradeci\u00f3 a la presidenta de Parque Nacional Lan\u00edn, Monin Aquin, por la provisi\u00f3n de madera y luego a los referentes de la Liga que colaboraron.<\/p>\n\n\n\n<p>\u201cEste es un sue\u00f1o que tuvimos nosotros hace 40 a\u00f1os. Dibuj\u00e1bamos y volv\u00edamos a dibujar, pero nunca tuvimos la posibilidad de que la gente de la Liga tenga su propio espacio\u201d, record\u00f3 Vivanco, quien tambi\u00e9n integr\u00f3 la LiFuSMA.<\/p>\n\n\n\n<p>Asegur\u00f3 que \u201cesta es una obra que est\u00e1 valorada por profesionales en 300 millones de pesos. Es una obra muy grande, una obra de justicia social, porque toda la vida (los jugadores y las jugadoras) se cambiaron ac\u00e1 afuera, debajo de los radales, debajo de los cerezos\u201d.<\/p>\n\n\n\n<p>Vivanco pidi\u00f3 \u201cjugar en equipo como el f\u00fatbol\u201d y rememor\u00f3 que, con dirigentes de otros a\u00f1os, \u201ccon el tiempo nos dimos cuenta y nos fuimos abrazando con los viejos dirigentes. Ya estamos viejos, \u00bfpara qu\u00e9 nos vamos a seguir peleando? \u00bfPara qu\u00e9 vamos a seguir discutiendo? Ayudemos a los que vienen, que es lo que va a tener que hacer ahora la conducci\u00f3n de la liga. Ayudar a los que vienen\u201d.<\/p>\n\n\n\n<p>En el mismo sentido, afirm\u00f3 que \u201ctenemos muchos problemas con los j\u00f3venes\u201d y pidi\u00f3 prestar atenci\u00f3n \u201cal n\u00facleo de la casa, a la escuela y despu\u00e9s el deporte\u201d. Agreg\u00f3 que \u201clos dirigentes del f\u00fatbol son muy importantes para el desarrollo de la juventud de San Mart\u00edn de los Andes\u201d.<\/p>\n\n\n\n<p>\u201cHace dos o tres meses aparecieron las representantes de la Asociaci\u00f3n del F\u00fatbol Femenino, que vinieron a este acto y trajeron sus banderas. Les reservamos un espacio (dentro del predio) para que tengan su propia sede y el Gobierno municipal las va a acompa\u00f1ar\u201d, afirm\u00f3.<\/p>\n\n\n\n<div class=\"wp-block-file\"><a id=\"wp-block-file--media-4e0ae97b-b09a-4bf6-8233-a2a5953c89a4\" href=\"https:\/\/prensa.sma.gob.ar\/wp-content\/uploads\/2026\/04\/AUDIO-SERGIO-VIVANCO.mp3\"><strong>AUDIO SERGIO VIVANCO<\/strong><\/a><a href=\"https:\/\/prensa.sma.gob.ar\/wp-content\/uploads\/2026\/04\/AUDIO-SERGIO-VIVANCO.mp3\" class=\"wp-block-file__button wp-element-button\" download aria-describedby=\"wp-block-file--media-4e0ae97b-b09a-4bf6-8233-a2a5953c89a4\">Descarga<\/a><\/div>\n\n\n\n<figure class=\"wp-block-gallery has-nested-images columns-default is-cropped wp-block-gallery-4 is-layout-flex wp-block-gallery-is-layout-flex\">\n<figure class=\"wp-block-image size-large\"><img loading=\"lazy\" decoding=\"async\" width=\"1024\" height=\"576\" data-id=\"13628\" src=\"https:\/\/prensa.sma.gob.ar\/wp-content\/uploads\/2026\/04\/WhatsApp-Image-2026-04-25-at-3.26.27-PM-1024x576.jpeg\" alt=\"\" class=\"wp-image-13628\" srcset=\"https:\/\/prensa.sma.gob.ar\/wp-content\/uploads\/2026\/04\/WhatsApp-Image-2026-04-25-at-3.26.27-PM-1024x576.jpeg 1024w, https:\/\/prensa.sma.gob.ar\/wp-content\/uploads\/2026\/04\/WhatsApp-Image-2026-04-25-at-3.26.27-PM-300x169.jpeg 300w, https:\/\/prensa.sma.gob.ar\/wp-content\/uploads\/2026\/04\/WhatsApp-Image-2026-04-25-at-3.26.27-PM-768x432.jpeg 768w, https:\/\/prensa.sma.gob.ar\/wp-content\/uploads\/2026\/04\/WhatsApp-Image-2026-04-25-at-3.26.27-PM-1536x864.jpeg 1536w, https:\/\/prensa.sma.gob.ar\/wp-content\/uploads\/2026\/04\/WhatsApp-Image-2026-04-25-at-3.26.27-PM-747x420.jpeg 747w, https:\/\/prensa.sma.gob.ar\/wp-content\/uploads\/2026\/04\/WhatsApp-Image-2026-04-25-at-3.26.27-PM-696x392.jpeg 696w, https:\/\/prensa.sma.gob.ar\/wp-content\/uploads\/2026\/04\/WhatsApp-Image-2026-04-25-at-3.26.27-PM-1068x601.jpeg 1068w, https:\/\/prensa.sma.gob.ar\/wp-content\/uploads\/2026\/04\/WhatsApp-Image-2026-04-25-at-3.26.27-PM.jpeg 1600w\" sizes=\"auto, (max-width: 1024px) 100vw, 1024px\" \/><\/figure>\n\n\n\n<figure class=\"wp-block-image size-large\"><img loading=\"lazy\" decoding=\"async\" width=\"1024\" height=\"576\" data-id=\"13630\" src=\"https:\/\/prensa.sma.gob.ar\/wp-content\/uploads\/2026\/04\/WhatsApp-Image-2026-04-25-at-3.26.26-PM-2-1024x576.jpeg\" alt=\"\" class=\"wp-image-13630\" srcset=\"https:\/\/prensa.sma.gob.ar\/wp-content\/uploads\/2026\/04\/WhatsApp-Image-2026-04-25-at-3.26.26-PM-2-1024x576.jpeg 1024w, https:\/\/prensa.sma.gob.ar\/wp-content\/uploads\/2026\/04\/WhatsApp-Image-2026-04-25-at-3.26.26-PM-2-300x169.jpeg 300w, https:\/\/prensa.sma.gob.ar\/wp-content\/uploads\/2026\/04\/WhatsApp-Image-2026-04-25-at-3.26.26-PM-2-768x432.jpeg 768w, https:\/\/prensa.sma.gob.ar\/wp-content\/uploads\/2026\/04\/WhatsApp-Image-2026-04-25-at-3.26.26-PM-2-1536x864.jpeg 1536w, https:\/\/prensa.sma.gob.ar\/wp-content\/uploads\/2026\/04\/WhatsApp-Image-2026-04-25-at-3.26.26-PM-2-747x420.jpeg 747w, https:\/\/prensa.sma.gob.ar\/wp-content\/uploads\/2026\/04\/WhatsApp-Image-2026-04-25-at-3.26.26-PM-2-696x392.jpeg 696w, https:\/\/prensa.sma.gob.ar\/wp-content\/uploads\/2026\/04\/WhatsApp-Image-2026-04-25-at-3.26.26-PM-2-1068x601.jpeg 1068w, https:\/\/prensa.sma.gob.ar\/wp-content\/uploads\/2026\/04\/WhatsApp-Image-2026-04-25-at-3.26.26-PM-2.jpeg 1600w\" sizes=\"auto, (max-width: 1024px) 100vw, 1024px\" \/><\/figure>\n\n\n\n<figure class=\"wp-block-image size-large\"><img loading=\"lazy\" decoding=\"async\" width=\"1024\" height=\"576\" data-id=\"13631\" src=\"https:\/\/prensa.sma.gob.ar\/wp-content\/uploads\/2026\/04\/WhatsApp-Image-2026-04-25-at-3.26.26-PM-1-1024x576.jpeg\" alt=\"\" class=\"wp-image-13631\" srcset=\"https:\/\/prensa.sma.gob.ar\/wp-content\/uploads\/2026\/04\/WhatsApp-Image-2026-04-25-at-3.26.26-PM-1-1024x576.jpeg 1024w, https:\/\/prensa.sma.gob.ar\/wp-content\/uploads\/2026\/04\/WhatsApp-Image-2026-04-25-at-3.26.26-PM-1-300x169.jpeg 300w, https:\/\/prensa.sma.gob.ar\/wp-content\/uploads\/2026\/04\/WhatsApp-Image-2026-04-25-at-3.26.26-PM-1-768x432.jpeg 768w, https:\/\/prensa.sma.gob.ar\/wp-content\/uploads\/2026\/04\/WhatsApp-Image-2026-04-25-at-3.26.26-PM-1-1536x864.jpeg 1536w, https:\/\/prensa.sma.gob.ar\/wp-content\/uploads\/2026\/04\/WhatsApp-Image-2026-04-25-at-3.26.26-PM-1-747x420.jpeg 747w, https:\/\/prensa.sma.gob.ar\/wp-content\/uploads\/2026\/04\/WhatsApp-Image-2026-04-25-at-3.26.26-PM-1-696x392.jpeg 696w, https:\/\/prensa.sma.gob.ar\/wp-content\/uploads\/2026\/04\/WhatsApp-Image-2026-04-25-at-3.26.26-PM-1-1068x601.jpeg 1068w, https:\/\/prensa.sma.gob.ar\/wp-content\/uploads\/2026\/04\/WhatsApp-Image-2026-04-25-at-3.26.26-PM-1.jpeg 1600w\" sizes=\"auto, (max-width: 1024px) 100vw, 1024px\" \/><\/figure>\n\n\n\n<figure class=\"wp-block-image size-large\"><img loading=\"lazy\" decoding=\"async\" width=\"1024\" height=\"576\" data-id=\"13635\" src=\"https:\/\/prensa.sma.gob.ar\/wp-content\/uploads\/2026\/04\/WhatsApp-Image-2026-04-25-at-3.26.25-PM-1-1024x576.jpeg\" alt=\"\" class=\"wp-image-13635\" srcset=\"https:\/\/prensa.sma.gob.ar\/wp-content\/uploads\/2026\/04\/WhatsApp-Image-2026-04-25-at-3.26.25-PM-1-1024x576.jpeg 1024w, https:\/\/prensa.sma.gob.ar\/wp-content\/uploads\/2026\/04\/WhatsApp-Image-2026-04-25-at-3.26.25-PM-1-300x169.jpeg 300w, https:\/\/prensa.sma.gob.ar\/wp-content\/uploads\/2026\/04\/WhatsApp-Image-2026-04-25-at-3.26.25-PM-1-768x432.jpeg 768w, https:\/\/prensa.sma.gob.ar\/wp-content\/uploads\/2026\/04\/WhatsApp-Image-2026-04-25-at-3.26.25-PM-1-1536x864.jpeg 1536w, https:\/\/prensa.sma.gob.ar\/wp-content\/uploads\/2026\/04\/WhatsApp-Image-2026-04-25-at-3.26.25-PM-1-747x420.jpeg 747w, https:\/\/prensa.sma.gob.ar\/wp-content\/uploads\/2026\/04\/WhatsApp-Image-2026-04-25-at-3.26.25-PM-1-696x392.jpeg 696w, https:\/\/prensa.sma.gob.ar\/wp-content\/uploads\/2026\/04\/WhatsApp-Image-2026-04-25-at-3.26.25-PM-1-1068x601.jpeg 1068w, https:\/\/prensa.sma.gob.ar\/wp-content\/uploads\/2026\/04\/WhatsApp-Image-2026-04-25-at-3.26.25-PM-1.jpeg 1600w\" sizes=\"auto, (max-width: 1024px) 100vw, 1024px\" \/><\/figure>\n\n\n\n<figure class=\"wp-block-image size-large\"><img loading=\"lazy\" decoding=\"async\" width=\"1024\" height=\"576\" data-id=\"13620\" src=\"https:\/\/prensa.sma.gob.ar\/wp-content\/uploads\/2026\/04\/WhatsApp-Image-2026-04-25-at-3.26.28-PM-4-1024x576.jpeg\" alt=\"\" class=\"wp-image-13620\" srcset=\"https:\/\/prensa.sma.gob.ar\/wp-content\/uploads\/2026\/04\/WhatsApp-Image-2026-04-25-at-3.26.28-PM-4-1024x576.jpeg 1024w, https:\/\/prensa.sma.gob.ar\/wp-content\/uploads\/2026\/04\/WhatsApp-Image-2026-04-25-at-3.26.28-PM-4-300x169.jpeg 300w, https:\/\/prensa.sma.gob.ar\/wp-content\/uploads\/2026\/04\/WhatsApp-Image-2026-04-25-at-3.26.28-PM-4-768x432.jpeg 768w, https:\/\/prensa.sma.gob.ar\/wp-content\/uploads\/2026\/04\/WhatsApp-Image-2026-04-25-at-3.26.28-PM-4-1536x864.jpeg 1536w, https:\/\/prensa.sma.gob.ar\/wp-content\/uploads\/2026\/04\/WhatsApp-Image-2026-04-25-at-3.26.28-PM-4-747x420.jpeg 747w, https:\/\/prensa.sma.gob.ar\/wp-content\/uploads\/2026\/04\/WhatsApp-Image-2026-04-25-at-3.26.28-PM-4-696x392.jpeg 696w, https:\/\/prensa.sma.gob.ar\/wp-content\/uploads\/2026\/04\/WhatsApp-Image-2026-04-25-at-3.26.28-PM-4-1068x601.jpeg 1068w, https:\/\/prensa.sma.gob.ar\/wp-content\/uploads\/2026\/04\/WhatsApp-Image-2026-04-25-at-3.26.28-PM-4.jpeg 1600w\" sizes=\"auto, (max-width: 1024px) 100vw, 1024px\" \/><\/figure>\n\n\n\n<figure class=\"wp-block-image size-large\"><img loading=\"lazy\" decoding=\"async\" width=\"1024\" height=\"576\" data-id=\"13621\" src=\"https:\/\/prensa.sma.gob.ar\/wp-content\/uploads\/2026\/04\/WhatsApp-Image-2026-04-25-at-3.26.28-PM-3-1024x576.jpeg\" alt=\"\" class=\"wp-image-13621\" srcset=\"https:\/\/prensa.sma.gob.ar\/wp-content\/uploads\/2026\/04\/WhatsApp-Image-2026-04-25-at-3.26.28-PM-3-1024x576.jpeg 1024w, https:\/\/prensa.sma.gob.ar\/wp-content\/uploads\/2026\/04\/WhatsApp-Image-2026-04-25-at-3.26.28-PM-3-300x169.jpeg 300w, https:\/\/prensa.sma.gob.ar\/wp-content\/uploads\/2026\/04\/WhatsApp-Image-2026-04-25-at-3.26.28-PM-3-768x432.jpeg 768w, https:\/\/prensa.sma.gob.ar\/wp-content\/uploads\/2026\/04\/WhatsApp-Image-2026-04-25-at-3.26.28-PM-3-1536x864.jpeg 1536w, https:\/\/prensa.sma.gob.ar\/wp-content\/uploads\/2026\/04\/WhatsApp-Image-2026-04-25-at-3.26.28-PM-3-747x420.jpeg 747w, https:\/\/prensa.sma.gob.ar\/wp-content\/uploads\/2026\/04\/WhatsApp-Image-2026-04-25-at-3.26.28-PM-3-696x392.jpeg 696w, https:\/\/prensa.sma.gob.ar\/wp-content\/uploads\/2026\/04\/WhatsApp-Image-2026-04-25-at-3.26.28-PM-3-1068x601.jpeg 1068w, https:\/\/prensa.sma.gob.ar\/wp-content\/uploads\/2026\/04\/WhatsApp-Image-2026-04-25-at-3.26.28-PM-3.jpeg 1600w\" sizes=\"auto, (max-width: 1024px) 100vw, 1024px\" \/><\/figure>\n<\/figure>\n\n\n\n<p><strong>Liga Masculina y Asociaci\u00f3n Femenina<\/strong><\/p>\n\n\n\n<p>El presidente de LiFuSMA, Nicol\u00e1s Pl\u00e1, hizo referencia a la Comisi\u00f3n Directiva de la Liga, \u201cque se regulariz\u00f3 y se renov\u00f3 en abril del a\u00f1o pasado, y ya estamos por cumplir un a\u00f1o. Fue un trabajo arduo, duro, que se hizo a trav\u00e9s de todos los clubes, con el aporte de todos los clubes. Hoy tenemos la Liga regularizada\u201d.<\/p>\n\n\n\n<p>Agreg\u00f3 que \u201choy estamos conteniendo tambi\u00e9n a las categor\u00edas infantiles, que se ven\u00eda trabajando desde el Municipio y estamos trabajando para llevar adelante el f\u00fatbol infantil, con los clubes y referentes\u201d.<\/p>\n\n\n\n<div class=\"wp-block-file\"><a id=\"wp-block-file--media-58eac4e7-6305-4fad-b28d-e9e342bc9043\" href=\"https:\/\/prensa.sma.gob.ar\/wp-content\/uploads\/2026\/04\/AUDIO-NICOLAS-PLA.mp3\"><strong>AUDIO NICOLAS PLA<\/strong><\/a><a href=\"https:\/\/prensa.sma.gob.ar\/wp-content\/uploads\/2026\/04\/AUDIO-NICOLAS-PLA.mp3\" class=\"wp-block-file__button wp-element-button\" download aria-describedby=\"wp-block-file--media-58eac4e7-6305-4fad-b28d-e9e342bc9043\">Descarga<\/a><\/div>\n\n\n\n<figure class=\"wp-block-gallery has-nested-images columns-default is-cropped wp-block-gallery-5 is-layout-flex wp-block-gallery-is-layout-flex\">\n<figure class=\"wp-block-image size-large\"><img loading=\"lazy\" decoding=\"async\" width=\"1024\" height=\"576\" data-id=\"13633\" src=\"https:\/\/prensa.sma.gob.ar\/wp-content\/uploads\/2026\/04\/WhatsApp-Image-2026-04-25-at-3.26.25-PM-3-1024x576.jpeg\" alt=\"\" class=\"wp-image-13633\" srcset=\"https:\/\/prensa.sma.gob.ar\/wp-content\/uploads\/2026\/04\/WhatsApp-Image-2026-04-25-at-3.26.25-PM-3-1024x576.jpeg 1024w, https:\/\/prensa.sma.gob.ar\/wp-content\/uploads\/2026\/04\/WhatsApp-Image-2026-04-25-at-3.26.25-PM-3-300x169.jpeg 300w, https:\/\/prensa.sma.gob.ar\/wp-content\/uploads\/2026\/04\/WhatsApp-Image-2026-04-25-at-3.26.25-PM-3-768x432.jpeg 768w, https:\/\/prensa.sma.gob.ar\/wp-content\/uploads\/2026\/04\/WhatsApp-Image-2026-04-25-at-3.26.25-PM-3-1536x864.jpeg 1536w, https:\/\/prensa.sma.gob.ar\/wp-content\/uploads\/2026\/04\/WhatsApp-Image-2026-04-25-at-3.26.25-PM-3-747x420.jpeg 747w, https:\/\/prensa.sma.gob.ar\/wp-content\/uploads\/2026\/04\/WhatsApp-Image-2026-04-25-at-3.26.25-PM-3-696x392.jpeg 696w, https:\/\/prensa.sma.gob.ar\/wp-content\/uploads\/2026\/04\/WhatsApp-Image-2026-04-25-at-3.26.25-PM-3-1068x601.jpeg 1068w, https:\/\/prensa.sma.gob.ar\/wp-content\/uploads\/2026\/04\/WhatsApp-Image-2026-04-25-at-3.26.25-PM-3.jpeg 1600w\" sizes=\"auto, (max-width: 1024px) 100vw, 1024px\" \/><\/figure>\n\n\n\n<figure class=\"wp-block-image size-large\"><img loading=\"lazy\" decoding=\"async\" width=\"1024\" height=\"576\" data-id=\"13632\" src=\"https:\/\/prensa.sma.gob.ar\/wp-content\/uploads\/2026\/04\/WhatsApp-Image-2026-04-25-at-3.26.26-PM-1024x576.jpeg\" alt=\"\" class=\"wp-image-13632\" srcset=\"https:\/\/prensa.sma.gob.ar\/wp-content\/uploads\/2026\/04\/WhatsApp-Image-2026-04-25-at-3.26.26-PM-1024x576.jpeg 1024w, https:\/\/prensa.sma.gob.ar\/wp-content\/uploads\/2026\/04\/WhatsApp-Image-2026-04-25-at-3.26.26-PM-300x169.jpeg 300w, https:\/\/prensa.sma.gob.ar\/wp-content\/uploads\/2026\/04\/WhatsApp-Image-2026-04-25-at-3.26.26-PM-768x432.jpeg 768w, https:\/\/prensa.sma.gob.ar\/wp-content\/uploads\/2026\/04\/WhatsApp-Image-2026-04-25-at-3.26.26-PM-1536x864.jpeg 1536w, https:\/\/prensa.sma.gob.ar\/wp-content\/uploads\/2026\/04\/WhatsApp-Image-2026-04-25-at-3.26.26-PM-747x420.jpeg 747w, https:\/\/prensa.sma.gob.ar\/wp-content\/uploads\/2026\/04\/WhatsApp-Image-2026-04-25-at-3.26.26-PM-696x392.jpeg 696w, https:\/\/prensa.sma.gob.ar\/wp-content\/uploads\/2026\/04\/WhatsApp-Image-2026-04-25-at-3.26.26-PM-1068x601.jpeg 1068w, https:\/\/prensa.sma.gob.ar\/wp-content\/uploads\/2026\/04\/WhatsApp-Image-2026-04-25-at-3.26.26-PM.jpeg 1600w\" sizes=\"auto, (max-width: 1024px) 100vw, 1024px\" \/><\/figure>\n\n\n\n<figure class=\"wp-block-image size-large\"><img loading=\"lazy\" decoding=\"async\" width=\"1024\" height=\"576\" data-id=\"13624\" src=\"https:\/\/prensa.sma.gob.ar\/wp-content\/uploads\/2026\/04\/WhatsApp-Image-2026-04-25-at-3.26.28-PM-1024x576.jpeg\" alt=\"\" class=\"wp-image-13624\" srcset=\"https:\/\/prensa.sma.gob.ar\/wp-content\/uploads\/2026\/04\/WhatsApp-Image-2026-04-25-at-3.26.28-PM-1024x576.jpeg 1024w, https:\/\/prensa.sma.gob.ar\/wp-content\/uploads\/2026\/04\/WhatsApp-Image-2026-04-25-at-3.26.28-PM-300x169.jpeg 300w, https:\/\/prensa.sma.gob.ar\/wp-content\/uploads\/2026\/04\/WhatsApp-Image-2026-04-25-at-3.26.28-PM-768x432.jpeg 768w, https:\/\/prensa.sma.gob.ar\/wp-content\/uploads\/2026\/04\/WhatsApp-Image-2026-04-25-at-3.26.28-PM-1536x864.jpeg 1536w, https:\/\/prensa.sma.gob.ar\/wp-content\/uploads\/2026\/04\/WhatsApp-Image-2026-04-25-at-3.26.28-PM-747x420.jpeg 747w, https:\/\/prensa.sma.gob.ar\/wp-content\/uploads\/2026\/04\/WhatsApp-Image-2026-04-25-at-3.26.28-PM-696x392.jpeg 696w, https:\/\/prensa.sma.gob.ar\/wp-content\/uploads\/2026\/04\/WhatsApp-Image-2026-04-25-at-3.26.28-PM-1068x601.jpeg 1068w, https:\/\/prensa.sma.gob.ar\/wp-content\/uploads\/2026\/04\/WhatsApp-Image-2026-04-25-at-3.26.28-PM.jpeg 1600w\" sizes=\"auto, (max-width: 1024px) 100vw, 1024px\" \/><\/figure>\n<\/figure>\n\n\n\n<p>En representaci\u00f3n de la Asociaci\u00f3n del F\u00fatbol Femenino, habl\u00f3 Yanina Valeria Toro, quien reconoci\u00f3 la convocatoria que hizo el Municipio a sumar esfuerzos para que tengan su propia sede y vestuarios. \u201cCreemos y confiamos que el f\u00fatbol femenino est\u00e1 en un amplio crecimiento\u201d, afirm\u00f3.<\/p>\n\n\n\n<p>\u201cEn nuestra Asociaci\u00f3n no solo contenemos, sino que nos vinculamos con un mont\u00f3n de gente, de mujeres, de ni\u00f1as y adolescentes, encaminando nuestro cuarto a\u00f1o, con un mont\u00f3n de torneos, conteniendo a todas esas mujeres que son un \u00e1mbito distinto al f\u00fatbol masculino\u201d, afirm\u00f3.<\/p>\n\n\n\n<p>\u201cNo es una cuesti\u00f3n de ligas o asociaciones. Fuera del f\u00fatbol somos personas que tenemos que construir para nuestros hijos, hijas, nietos\u201d, concluy\u00f3 la representante del f\u00fatbol femenino.<\/p>\n\n\n\n<div class=\"wp-block-file\"><a id=\"wp-block-file--media-042e4bca-997f-44f1-b9c2-f7c9fe9acf71\" href=\"https:\/\/prensa.sma.gob.ar\/wp-content\/uploads\/2026\/04\/AUDIO-YANINA-VALERIA-TORO.mp3\"><strong>AUDIO YANINA VALERIA TORO<\/strong><\/a><a href=\"https:\/\/prensa.sma.gob.ar\/wp-content\/uploads\/2026\/04\/AUDIO-YANINA-VALERIA-TORO.mp3\" class=\"wp-block-file__button wp-element-button\" download aria-describedby=\"wp-block-file--media-042e4bca-997f-44f1-b9c2-f7c9fe9acf71\">Descarga<\/a><\/div>\n\n\n\n<figure class=\"wp-block-gallery has-nested-images columns-default is-cropped wp-block-gallery-6 is-layout-flex wp-block-gallery-is-layout-flex\">\n<figure class=\"wp-block-image size-large\"><img loading=\"lazy\" decoding=\"async\" width=\"1024\" height=\"576\" data-id=\"13634\" src=\"https:\/\/prensa.sma.gob.ar\/wp-content\/uploads\/2026\/04\/WhatsApp-Image-2026-04-25-at-3.26.25-PM-2-1024x576.jpeg\" alt=\"\" class=\"wp-image-13634\" srcset=\"https:\/\/prensa.sma.gob.ar\/wp-content\/uploads\/2026\/04\/WhatsApp-Image-2026-04-25-at-3.26.25-PM-2-1024x576.jpeg 1024w, https:\/\/prensa.sma.gob.ar\/wp-content\/uploads\/2026\/04\/WhatsApp-Image-2026-04-25-at-3.26.25-PM-2-300x169.jpeg 300w, https:\/\/prensa.sma.gob.ar\/wp-content\/uploads\/2026\/04\/WhatsApp-Image-2026-04-25-at-3.26.25-PM-2-768x432.jpeg 768w, https:\/\/prensa.sma.gob.ar\/wp-content\/uploads\/2026\/04\/WhatsApp-Image-2026-04-25-at-3.26.25-PM-2-1536x864.jpeg 1536w, https:\/\/prensa.sma.gob.ar\/wp-content\/uploads\/2026\/04\/WhatsApp-Image-2026-04-25-at-3.26.25-PM-2-747x420.jpeg 747w, https:\/\/prensa.sma.gob.ar\/wp-content\/uploads\/2026\/04\/WhatsApp-Image-2026-04-25-at-3.26.25-PM-2-696x392.jpeg 696w, https:\/\/prensa.sma.gob.ar\/wp-content\/uploads\/2026\/04\/WhatsApp-Image-2026-04-25-at-3.26.25-PM-2-1068x601.jpeg 1068w, https:\/\/prensa.sma.gob.ar\/wp-content\/uploads\/2026\/04\/WhatsApp-Image-2026-04-25-at-3.26.25-PM-2.jpeg 1600w\" sizes=\"auto, (max-width: 1024px) 100vw, 1024px\" \/><\/figure>\n\n\n\n<figure class=\"wp-block-image size-large\"><img loading=\"lazy\" decoding=\"async\" width=\"1024\" height=\"576\" data-id=\"13637\" src=\"https:\/\/prensa.sma.gob.ar\/wp-content\/uploads\/2026\/04\/WhatsApp-Image-2026-04-25-at-3.26.24-PM-3-1024x576.jpeg\" alt=\"\" class=\"wp-image-13637\" srcset=\"https:\/\/prensa.sma.gob.ar\/wp-content\/uploads\/2026\/04\/WhatsApp-Image-2026-04-25-at-3.26.24-PM-3-1024x576.jpeg 1024w, https:\/\/prensa.sma.gob.ar\/wp-content\/uploads\/2026\/04\/WhatsApp-Image-2026-04-25-at-3.26.24-PM-3-300x169.jpeg 300w, https:\/\/prensa.sma.gob.ar\/wp-content\/uploads\/2026\/04\/WhatsApp-Image-2026-04-25-at-3.26.24-PM-3-768x432.jpeg 768w, https:\/\/prensa.sma.gob.ar\/wp-content\/uploads\/2026\/04\/WhatsApp-Image-2026-04-25-at-3.26.24-PM-3-1536x864.jpeg 1536w, https:\/\/prensa.sma.gob.ar\/wp-content\/uploads\/2026\/04\/WhatsApp-Image-2026-04-25-at-3.26.24-PM-3-747x420.jpeg 747w, https:\/\/prensa.sma.gob.ar\/wp-content\/uploads\/2026\/04\/WhatsApp-Image-2026-04-25-at-3.26.24-PM-3-696x392.jpeg 696w, https:\/\/prensa.sma.gob.ar\/wp-content\/uploads\/2026\/04\/WhatsApp-Image-2026-04-25-at-3.26.24-PM-3-1068x601.jpeg 1068w, https:\/\/prensa.sma.gob.ar\/wp-content\/uploads\/2026\/04\/WhatsApp-Image-2026-04-25-at-3.26.24-PM-3.jpeg 1600w\" sizes=\"auto, (max-width: 1024px) 100vw, 1024px\" \/><\/figure>\n\n\n\n<figure class=\"wp-block-image size-large\"><img loading=\"lazy\" decoding=\"async\" width=\"1024\" height=\"576\" data-id=\"13643\" src=\"https:\/\/prensa.sma.gob.ar\/wp-content\/uploads\/2026\/04\/WhatsApp-Image-2026-04-25-at-3.26.23-PM-1-1024x576.jpeg\" alt=\"\" class=\"wp-image-13643\" srcset=\"https:\/\/prensa.sma.gob.ar\/wp-content\/uploads\/2026\/04\/WhatsApp-Image-2026-04-25-at-3.26.23-PM-1-1024x576.jpeg 1024w, https:\/\/prensa.sma.gob.ar\/wp-content\/uploads\/2026\/04\/WhatsApp-Image-2026-04-25-at-3.26.23-PM-1-300x169.jpeg 300w, https:\/\/prensa.sma.gob.ar\/wp-content\/uploads\/2026\/04\/WhatsApp-Image-2026-04-25-at-3.26.23-PM-1-768x432.jpeg 768w, https:\/\/prensa.sma.gob.ar\/wp-content\/uploads\/2026\/04\/WhatsApp-Image-2026-04-25-at-3.26.23-PM-1-1536x864.jpeg 1536w, https:\/\/prensa.sma.gob.ar\/wp-content\/uploads\/2026\/04\/WhatsApp-Image-2026-04-25-at-3.26.23-PM-1-747x420.jpeg 747w, https:\/\/prensa.sma.gob.ar\/wp-content\/uploads\/2026\/04\/WhatsApp-Image-2026-04-25-at-3.26.23-PM-1-696x392.jpeg 696w, https:\/\/prensa.sma.gob.ar\/wp-content\/uploads\/2026\/04\/WhatsApp-Image-2026-04-25-at-3.26.23-PM-1-1068x601.jpeg 1068w, https:\/\/prensa.sma.gob.ar\/wp-content\/uploads\/2026\/04\/WhatsApp-Image-2026-04-25-at-3.26.23-PM-1.jpeg 1600w\" sizes=\"auto, (max-width: 1024px) 100vw, 1024px\" \/><\/figure>\n<\/figure>\n\n\n\n<p>Al comenzar el acto, la Provincia y el Municipio reconocieron a los vecinos que aportaron materiales y horas de trabajo para acompa\u00f1ar esta obra: Williams Hern\u00e1n Gaete, Eric Ra\u00fal Pozas, Federico Alexander Mena, Marcos Octavio Nicanor Manr\u00edquez, Juan Bautista Pozas, Jonathan Maximiliano Bermedo, Willy Hern\u00e1n Gaete, Juan Alberto Oyarce; Jorge Edgar Cifuentes, Marcelo Bizama, Horacio Bizama, Arnaldo Antonucci y Sebasti\u00e1n Lardit.<\/p>\n\n\n\n<figure class=\"wp-block-gallery has-nested-images columns-default is-cropped wp-block-gallery-7 is-layout-flex wp-block-gallery-is-layout-flex\">\n<figure class=\"wp-block-image size-large\"><img loading=\"lazy\" decoding=\"async\" width=\"1024\" height=\"576\" data-id=\"13647\" src=\"https:\/\/prensa.sma.gob.ar\/wp-content\/uploads\/2026\/04\/WhatsApp-Image-2026-04-25-at-3.26.22-PM-1024x576.jpeg\" alt=\"\" class=\"wp-image-13647\" srcset=\"https:\/\/prensa.sma.gob.ar\/wp-content\/uploads\/2026\/04\/WhatsApp-Image-2026-04-25-at-3.26.22-PM-1024x576.jpeg 1024w, https:\/\/prensa.sma.gob.ar\/wp-content\/uploads\/2026\/04\/WhatsApp-Image-2026-04-25-at-3.26.22-PM-300x169.jpeg 300w, https:\/\/prensa.sma.gob.ar\/wp-content\/uploads\/2026\/04\/WhatsApp-Image-2026-04-25-at-3.26.22-PM-768x432.jpeg 768w, https:\/\/prensa.sma.gob.ar\/wp-content\/uploads\/2026\/04\/WhatsApp-Image-2026-04-25-at-3.26.22-PM-1536x864.jpeg 1536w, https:\/\/prensa.sma.gob.ar\/wp-content\/uploads\/2026\/04\/WhatsApp-Image-2026-04-25-at-3.26.22-PM-747x420.jpeg 747w, https:\/\/prensa.sma.gob.ar\/wp-content\/uploads\/2026\/04\/WhatsApp-Image-2026-04-25-at-3.26.22-PM-696x392.jpeg 696w, https:\/\/prensa.sma.gob.ar\/wp-content\/uploads\/2026\/04\/WhatsApp-Image-2026-04-25-at-3.26.22-PM-1068x601.jpeg 1068w, https:\/\/prensa.sma.gob.ar\/wp-content\/uploads\/2026\/04\/WhatsApp-Image-2026-04-25-at-3.26.22-PM.jpeg 1600w\" sizes=\"auto, (max-width: 1024px) 100vw, 1024px\" \/><\/figure>\n\n\n\n<figure class=\"wp-block-image size-large\"><img loading=\"lazy\" decoding=\"async\" width=\"1024\" height=\"576\" data-id=\"13646\" src=\"https:\/\/prensa.sma.gob.ar\/wp-content\/uploads\/2026\/04\/WhatsApp-Image-2026-04-25-at-3.26.22-PM-1-1024x576.jpeg\" alt=\"\" class=\"wp-image-13646\" srcset=\"https:\/\/prensa.sma.gob.ar\/wp-content\/uploads\/2026\/04\/WhatsApp-Image-2026-04-25-at-3.26.22-PM-1-1024x576.jpeg 1024w, https:\/\/prensa.sma.gob.ar\/wp-content\/uploads\/2026\/04\/WhatsApp-Image-2026-04-25-at-3.26.22-PM-1-300x169.jpeg 300w, https:\/\/prensa.sma.gob.ar\/wp-content\/uploads\/2026\/04\/WhatsApp-Image-2026-04-25-at-3.26.22-PM-1-768x432.jpeg 768w, https:\/\/prensa.sma.gob.ar\/wp-content\/uploads\/2026\/04\/WhatsApp-Image-2026-04-25-at-3.26.22-PM-1-1536x864.jpeg 1536w, https:\/\/prensa.sma.gob.ar\/wp-content\/uploads\/2026\/04\/WhatsApp-Image-2026-04-25-at-3.26.22-PM-1-747x420.jpeg 747w, https:\/\/prensa.sma.gob.ar\/wp-content\/uploads\/2026\/04\/WhatsApp-Image-2026-04-25-at-3.26.22-PM-1-696x392.jpeg 696w, https:\/\/prensa.sma.gob.ar\/wp-content\/uploads\/2026\/04\/WhatsApp-Image-2026-04-25-at-3.26.22-PM-1-1068x601.jpeg 1068w, https:\/\/prensa.sma.gob.ar\/wp-content\/uploads\/2026\/04\/WhatsApp-Image-2026-04-25-at-3.26.22-PM-1.jpeg 1600w\" sizes=\"auto, (max-width: 1024px) 100vw, 1024px\" \/><\/figure>\n\n\n\n<figure class=\"wp-block-image size-large\"><img loading=\"lazy\" decoding=\"async\" width=\"1024\" height=\"576\" data-id=\"13636\" src=\"https:\/\/prensa.sma.gob.ar\/wp-content\/uploads\/2026\/04\/WhatsApp-Image-2026-04-25-at-3.26.25-PM-1024x576.jpeg\" alt=\"\" class=\"wp-image-13636\" srcset=\"https:\/\/prensa.sma.gob.ar\/wp-content\/uploads\/2026\/04\/WhatsApp-Image-2026-04-25-at-3.26.25-PM-1024x576.jpeg 1024w, https:\/\/prensa.sma.gob.ar\/wp-content\/uploads\/2026\/04\/WhatsApp-Image-2026-04-25-at-3.26.25-PM-300x169.jpeg 300w, https:\/\/prensa.sma.gob.ar\/wp-content\/uploads\/2026\/04\/WhatsApp-Image-2026-04-25-at-3.26.25-PM-768x432.jpeg 768w, https:\/\/prensa.sma.gob.ar\/wp-content\/uploads\/2026\/04\/WhatsApp-Image-2026-04-25-at-3.26.25-PM-1536x864.jpeg 1536w, https:\/\/prensa.sma.gob.ar\/wp-content\/uploads\/2026\/04\/WhatsApp-Image-2026-04-25-at-3.26.25-PM-747x420.jpeg 747w, https:\/\/prensa.sma.gob.ar\/wp-content\/uploads\/2026\/04\/WhatsApp-Image-2026-04-25-at-3.26.25-PM-696x392.jpeg 696w, https:\/\/prensa.sma.gob.ar\/wp-content\/uploads\/2026\/04\/WhatsApp-Image-2026-04-25-at-3.26.25-PM-1068x601.jpeg 1068w, https:\/\/prensa.sma.gob.ar\/wp-content\/uploads\/2026\/04\/WhatsApp-Image-2026-04-25-at-3.26.25-PM.jpeg 1600w\" sizes=\"auto, (max-width: 1024px) 100vw, 1024px\" \/><\/figure>\n\n\n\n<figure class=\"wp-block-image size-large\"><img loading=\"lazy\" decoding=\"async\" width=\"1024\" height=\"576\" data-id=\"13628\" src=\"https:\/\/prensa.sma.gob.ar\/wp-content\/uploads\/2026\/04\/WhatsApp-Image-2026-04-25-at-3.26.27-PM-1024x576.jpeg\" alt=\"\" class=\"wp-image-13628\" srcset=\"https:\/\/prensa.sma.gob.ar\/wp-content\/uploads\/2026\/04\/WhatsApp-Image-2026-04-25-at-3.26.27-PM-1024x576.jpeg 1024w, https:\/\/prensa.sma.gob.ar\/wp-content\/uploads\/2026\/04\/WhatsApp-Image-2026-04-25-at-3.26.27-PM-300x169.jpeg 300w, https:\/\/prensa.sma.gob.ar\/wp-content\/uploads\/2026\/04\/WhatsApp-Image-2026-04-25-at-3.26.27-PM-768x432.jpeg 768w, https:\/\/prensa.sma.gob.ar\/wp-content\/uploads\/2026\/04\/WhatsApp-Image-2026-04-25-at-3.26.27-PM-1536x864.jpeg 1536w, https:\/\/prensa.sma.gob.ar\/wp-content\/uploads\/2026\/04\/WhatsApp-Image-2026-04-25-at-3.26.27-PM-747x420.jpeg 747w, https:\/\/prensa.sma.gob.ar\/wp-content\/uploads\/2026\/04\/WhatsApp-Image-2026-04-25-at-3.26.27-PM-696x392.jpeg 696w, https:\/\/prensa.sma.gob.ar\/wp-content\/uploads\/2026\/04\/WhatsApp-Image-2026-04-25-at-3.26.27-PM-1068x601.jpeg 1068w, https:\/\/prensa.sma.gob.ar\/wp-content\/uploads\/2026\/04\/WhatsApp-Image-2026-04-25-at-3.26.27-PM.jpeg 1600w\" sizes=\"auto, (max-width: 1024px) 100vw, 1024px\" \/><\/figure>\n\n\n\n<figure class=\"wp-block-image size-large\"><img loading=\"lazy\" decoding=\"async\" width=\"1024\" height=\"576\" data-id=\"13627\" src=\"https:\/\/prensa.sma.gob.ar\/wp-content\/uploads\/2026\/04\/WhatsApp-Image-2026-04-25-at-3.26.27-PM-1-1024x576.jpeg\" alt=\"\" class=\"wp-image-13627\" srcset=\"https:\/\/prensa.sma.gob.ar\/wp-content\/uploads\/2026\/04\/WhatsApp-Image-2026-04-25-at-3.26.27-PM-1-1024x576.jpeg 1024w, https:\/\/prensa.sma.gob.ar\/wp-content\/uploads\/2026\/04\/WhatsApp-Image-2026-04-25-at-3.26.27-PM-1-300x169.jpeg 300w, https:\/\/prensa.sma.gob.ar\/wp-content\/uploads\/2026\/04\/WhatsApp-Image-2026-04-25-at-3.26.27-PM-1-768x432.jpeg 768w, https:\/\/prensa.sma.gob.ar\/wp-content\/uploads\/2026\/04\/WhatsApp-Image-2026-04-25-at-3.26.27-PM-1-1536x864.jpeg 1536w, https:\/\/prensa.sma.gob.ar\/wp-content\/uploads\/2026\/04\/WhatsApp-Image-2026-04-25-at-3.26.27-PM-1-747x420.jpeg 747w, https:\/\/prensa.sma.gob.ar\/wp-content\/uploads\/2026\/04\/WhatsApp-Image-2026-04-25-at-3.26.27-PM-1-696x392.jpeg 696w, https:\/\/prensa.sma.gob.ar\/wp-content\/uploads\/2026\/04\/WhatsApp-Image-2026-04-25-at-3.26.27-PM-1-1068x601.jpeg 1068w, https:\/\/prensa.sma.gob.ar\/wp-content\/uploads\/2026\/04\/WhatsApp-Image-2026-04-25-at-3.26.27-PM-1.jpeg 1600w\" sizes=\"auto, (max-width: 1024px) 100vw, 1024px\" \/><\/figure>\n\n\n\n<figure class=\"wp-block-image size-large\"><img loading=\"lazy\" decoding=\"async\" width=\"1024\" height=\"576\" data-id=\"13626\" src=\"https:\/\/prensa.sma.gob.ar\/wp-content\/uploads\/2026\/04\/WhatsApp-Image-2026-04-25-at-3.26.27-PM-2-1024x576.jpeg\" alt=\"\" class=\"wp-image-13626\" srcset=\"https:\/\/prensa.sma.gob.ar\/wp-content\/uploads\/2026\/04\/WhatsApp-Image-2026-04-25-at-3.26.27-PM-2-1024x576.jpeg 1024w, https:\/\/prensa.sma.gob.ar\/wp-content\/uploads\/2026\/04\/WhatsApp-Image-2026-04-25-at-3.26.27-PM-2-300x169.jpeg 300w, https:\/\/prensa.sma.gob.ar\/wp-content\/uploads\/2026\/04\/WhatsApp-Image-2026-04-25-at-3.26.27-PM-2-768x432.jpeg 768w, https:\/\/prensa.sma.gob.ar\/wp-content\/uploads\/2026\/04\/WhatsApp-Image-2026-04-25-at-3.26.27-PM-2-1536x864.jpeg 1536w, https:\/\/prensa.sma.gob.ar\/wp-content\/uploads\/2026\/04\/WhatsApp-Image-2026-04-25-at-3.26.27-PM-2-747x420.jpeg 747w, https:\/\/prensa.sma.gob.ar\/wp-content\/uploads\/2026\/04\/WhatsApp-Image-2026-04-25-at-3.26.27-PM-2-696x392.jpeg 696w, https:\/\/prensa.sma.gob.ar\/wp-content\/uploads\/2026\/04\/WhatsApp-Image-2026-04-25-at-3.26.27-PM-2-1068x601.jpeg 1068w, https:\/\/prensa.sma.gob.ar\/wp-content\/uploads\/2026\/04\/WhatsApp-Image-2026-04-25-at-3.26.27-PM-2.jpeg 1600w\" sizes=\"auto, (max-width: 1024px) 100vw, 1024px\" \/><\/figure>\n\n\n\n<figure class=\"wp-block-image size-large\"><img loading=\"lazy\" decoding=\"async\" width=\"1024\" height=\"576\" data-id=\"13625\" src=\"https:\/\/prensa.sma.gob.ar\/wp-content\/uploads\/2026\/04\/WhatsApp-Image-2026-04-25-at-3.26.27-PM-3-1024x576.jpeg\" alt=\"\" class=\"wp-image-13625\" srcset=\"https:\/\/prensa.sma.gob.ar\/wp-content\/uploads\/2026\/04\/WhatsApp-Image-2026-04-25-at-3.26.27-PM-3-1024x576.jpeg 1024w, https:\/\/prensa.sma.gob.ar\/wp-content\/uploads\/2026\/04\/WhatsApp-Image-2026-04-25-at-3.26.27-PM-3-300x169.jpeg 300w, https:\/\/prensa.sma.gob.ar\/wp-content\/uploads\/2026\/04\/WhatsApp-Image-2026-04-25-at-3.26.27-PM-3-768x432.jpeg 768w, https:\/\/prensa.sma.gob.ar\/wp-content\/uploads\/2026\/04\/WhatsApp-Image-2026-04-25-at-3.26.27-PM-3-1536x864.jpeg 1536w, https:\/\/prensa.sma.gob.ar\/wp-content\/uploads\/2026\/04\/WhatsApp-Image-2026-04-25-at-3.26.27-PM-3-747x420.jpeg 747w, https:\/\/prensa.sma.gob.ar\/wp-content\/uploads\/2026\/04\/WhatsApp-Image-2026-04-25-at-3.26.27-PM-3-696x392.jpeg 696w, https:\/\/prensa.sma.gob.ar\/wp-content\/uploads\/2026\/04\/WhatsApp-Image-2026-04-25-at-3.26.27-PM-3-1068x601.jpeg 1068w, https:\/\/prensa.sma.gob.ar\/wp-content\/uploads\/2026\/04\/WhatsApp-Image-2026-04-25-at-3.26.27-PM-3.jpeg 1600w\" sizes=\"auto, (max-width: 1024px) 100vw, 1024px\" \/><\/figure>\n\n\n\n<figure class=\"wp-block-image size-large\"><img loading=\"lazy\" decoding=\"async\" width=\"1024\" height=\"576\" data-id=\"13623\" src=\"https:\/\/prensa.sma.gob.ar\/wp-content\/uploads\/2026\/04\/WhatsApp-Image-2026-04-25-at-3.26.28-PM-1-1024x576.jpeg\" alt=\"\" class=\"wp-image-13623\" srcset=\"https:\/\/prensa.sma.gob.ar\/wp-content\/uploads\/2026\/04\/WhatsApp-Image-2026-04-25-at-3.26.28-PM-1-1024x576.jpeg 1024w, https:\/\/prensa.sma.gob.ar\/wp-content\/uploads\/2026\/04\/WhatsApp-Image-2026-04-25-at-3.26.28-PM-1-300x169.jpeg 300w, https:\/\/prensa.sma.gob.ar\/wp-content\/uploads\/2026\/04\/WhatsApp-Image-2026-04-25-at-3.26.28-PM-1-768x432.jpeg 768w, https:\/\/prensa.sma.gob.ar\/wp-content\/uploads\/2026\/04\/WhatsApp-Image-2026-04-25-at-3.26.28-PM-1-1536x864.jpeg 1536w, https:\/\/prensa.sma.gob.ar\/wp-content\/uploads\/2026\/04\/WhatsApp-Image-2026-04-25-at-3.26.28-PM-1-747x420.jpeg 747w, https:\/\/prensa.sma.gob.ar\/wp-content\/uploads\/2026\/04\/WhatsApp-Image-2026-04-25-at-3.26.28-PM-1-696x392.jpeg 696w, https:\/\/prensa.sma.gob.ar\/wp-content\/uploads\/2026\/04\/WhatsApp-Image-2026-04-25-at-3.26.28-PM-1-1068x601.jpeg 1068w, https:\/\/prensa.sma.gob.ar\/wp-content\/uploads\/2026\/04\/WhatsApp-Image-2026-04-25-at-3.26.28-PM-1.jpeg 1600w\" sizes=\"auto, (max-width: 1024px) 100vw, 1024px\" \/><\/figure>\n\n\n\n<figure class=\"wp-block-image size-large\"><img loading=\"lazy\" decoding=\"async\" width=\"1024\" height=\"576\" data-id=\"13622\" src=\"https:\/\/prensa.sma.gob.ar\/wp-content\/uploads\/2026\/04\/WhatsApp-Image-2026-04-25-at-3.26.28-PM-2-1024x576.jpeg\" alt=\"\" class=\"wp-image-13622\" srcset=\"https:\/\/prensa.sma.gob.ar\/wp-content\/uploads\/2026\/04\/WhatsApp-Image-2026-04-25-at-3.26.28-PM-2-1024x576.jpeg 1024w, https:\/\/prensa.sma.gob.ar\/wp-content\/uploads\/2026\/04\/WhatsApp-Image-2026-04-25-at-3.26.28-PM-2-300x169.jpeg 300w, https:\/\/prensa.sma.gob.ar\/wp-content\/uploads\/2026\/04\/WhatsApp-Image-2026-04-25-at-3.26.28-PM-2-768x432.jpeg 768w, https:\/\/prensa.sma.gob.ar\/wp-content\/uploads\/2026\/04\/WhatsApp-Image-2026-04-25-at-3.26.28-PM-2-1536x864.jpeg 1536w, https:\/\/prensa.sma.gob.ar\/wp-content\/uploads\/2026\/04\/WhatsApp-Image-2026-04-25-at-3.26.28-PM-2-747x420.jpeg 747w, https:\/\/prensa.sma.gob.ar\/wp-content\/uploads\/2026\/04\/WhatsApp-Image-2026-04-25-at-3.26.28-PM-2-696x392.jpeg 696w, https:\/\/prensa.sma.gob.ar\/wp-content\/uploads\/2026\/04\/WhatsApp-Image-2026-04-25-at-3.26.28-PM-2-1068x601.jpeg 1068w, https:\/\/prensa.sma.gob.ar\/wp-content\/uploads\/2026\/04\/WhatsApp-Image-2026-04-25-at-3.26.28-PM-2.jpeg 1600w\" sizes=\"auto, (max-width: 1024px) 100vw, 1024px\" \/><\/figure>\n\n\n\n<figure class=\"wp-block-image size-large\"><img loading=\"lazy\" decoding=\"async\" width=\"1024\" height=\"576\" data-id=\"13621\" src=\"https:\/\/prensa.sma.gob.ar\/wp-content\/uploads\/2026\/04\/WhatsApp-Image-2026-04-25-at-3.26.28-PM-3-1024x576.jpeg\" alt=\"\" class=\"wp-image-13621\" srcset=\"https:\/\/prensa.sma.gob.ar\/wp-content\/uploads\/2026\/04\/WhatsApp-Image-2026-04-25-at-3.26.28-PM-3-1024x576.jpeg 1024w, https:\/\/prensa.sma.gob.ar\/wp-content\/uploads\/2026\/04\/WhatsApp-Image-2026-04-25-at-3.26.28-PM-3-300x169.jpeg 300w, https:\/\/prensa.sma.gob.ar\/wp-content\/uploads\/2026\/04\/WhatsApp-Image-2026-04-25-at-3.26.28-PM-3-768x432.jpeg 768w, https:\/\/prensa.sma.gob.ar\/wp-content\/uploads\/2026\/04\/WhatsApp-Image-2026-04-25-at-3.26.28-PM-3-1536x864.jpeg 1536w, https:\/\/prensa.sma.gob.ar\/wp-content\/uploads\/2026\/04\/WhatsApp-Image-2026-04-25-at-3.26.28-PM-3-747x420.jpeg 747w, https:\/\/prensa.sma.gob.ar\/wp-content\/uploads\/2026\/04\/WhatsApp-Image-2026-04-25-at-3.26.28-PM-3-696x392.jpeg 696w, https:\/\/prensa.sma.gob.ar\/wp-content\/uploads\/2026\/04\/WhatsApp-Image-2026-04-25-at-3.26.28-PM-3-1068x601.jpeg 1068w, https:\/\/prensa.sma.gob.ar\/wp-content\/uploads\/2026\/04\/WhatsApp-Image-2026-04-25-at-3.26.28-PM-3.jpeg 1600w\" sizes=\"auto, (max-width: 1024px) 100vw, 1024px\" \/><\/figure>\n\n\n\n<figure class=\"wp-block-image size-large\"><img loading=\"lazy\" decoding=\"async\" width=\"1024\" height=\"576\" data-id=\"13620\" src=\"https:\/\/prensa.sma.gob.ar\/wp-content\/uploads\/2026\/04\/WhatsApp-Image-2026-04-25-at-3.26.28-PM-4-1024x576.jpeg\" alt=\"\" class=\"wp-image-13620\" srcset=\"https:\/\/prensa.sma.gob.ar\/wp-content\/uploads\/2026\/04\/WhatsApp-Image-2026-04-25-at-3.26.28-PM-4-1024x576.jpeg 1024w, https:\/\/prensa.sma.gob.ar\/wp-content\/uploads\/2026\/04\/WhatsApp-Image-2026-04-25-at-3.26.28-PM-4-300x169.jpeg 300w, https:\/\/prensa.sma.gob.ar\/wp-content\/uploads\/2026\/04\/WhatsApp-Image-2026-04-25-at-3.26.28-PM-4-768x432.jpeg 768w, https:\/\/prensa.sma.gob.ar\/wp-content\/uploads\/2026\/04\/WhatsApp-Image-2026-04-25-at-3.26.28-PM-4-1536x864.jpeg 1536w, https:\/\/prensa.sma.gob.ar\/wp-content\/uploads\/2026\/04\/WhatsApp-Image-2026-04-25-at-3.26.28-PM-4-747x420.jpeg 747w, https:\/\/prensa.sma.gob.ar\/wp-content\/uploads\/2026\/04\/WhatsApp-Image-2026-04-25-at-3.26.28-PM-4-696x392.jpeg 696w, https:\/\/prensa.sma.gob.ar\/wp-content\/uploads\/2026\/04\/WhatsApp-Image-2026-04-25-at-3.26.28-PM-4-1068x601.jpeg 1068w, https:\/\/prensa.sma.gob.ar\/wp-content\/uploads\/2026\/04\/WhatsApp-Image-2026-04-25-at-3.26.28-PM-4.jpeg 1600w\" sizes=\"auto, (max-width: 1024px) 100vw, 1024px\" \/><\/figure>\n\n\n\n<figure class=\"wp-block-image size-large\"><img loading=\"lazy\" decoding=\"async\" width=\"1024\" height=\"576\" data-id=\"13614\" src=\"https:\/\/prensa.sma.gob.ar\/wp-content\/uploads\/2026\/04\/WhatsApp-Image-2026-04-25-at-3.26.30-PM-1-1024x576.jpeg\" alt=\"\" class=\"wp-image-13614\" srcset=\"https:\/\/prensa.sma.gob.ar\/wp-content\/uploads\/2026\/04\/WhatsApp-Image-2026-04-25-at-3.26.30-PM-1-1024x576.jpeg 1024w, https:\/\/prensa.sma.gob.ar\/wp-content\/uploads\/2026\/04\/WhatsApp-Image-2026-04-25-at-3.26.30-PM-1-300x169.jpeg 300w, https:\/\/prensa.sma.gob.ar\/wp-content\/uploads\/2026\/04\/WhatsApp-Image-2026-04-25-at-3.26.30-PM-1-768x432.jpeg 768w, https:\/\/prensa.sma.gob.ar\/wp-content\/uploads\/2026\/04\/WhatsApp-Image-2026-04-25-at-3.26.30-PM-1-1536x864.jpeg 1536w, https:\/\/prensa.sma.gob.ar\/wp-content\/uploads\/2026\/04\/WhatsApp-Image-2026-04-25-at-3.26.30-PM-1-747x420.jpeg 747w, https:\/\/prensa.sma.gob.ar\/wp-content\/uploads\/2026\/04\/WhatsApp-Image-2026-04-25-at-3.26.30-PM-1-696x392.jpeg 696w, https:\/\/prensa.sma.gob.ar\/wp-content\/uploads\/2026\/04\/WhatsApp-Image-2026-04-25-at-3.26.30-PM-1-1068x601.jpeg 1068w, https:\/\/prensa.sma.gob.ar\/wp-content\/uploads\/2026\/04\/WhatsApp-Image-2026-04-25-at-3.26.30-PM-1.jpeg 1600w\" sizes=\"auto, (max-width: 1024px) 100vw, 1024px\" \/><\/figure>\n\n\n\n<figure class=\"wp-block-image size-large\"><img loading=\"lazy\" decoding=\"async\" width=\"1024\" height=\"576\" data-id=\"13613\" src=\"https:\/\/prensa.sma.gob.ar\/wp-content\/uploads\/2026\/04\/WhatsApp-Image-2026-04-25-at-3.26.30-PM-2-1024x576.jpeg\" alt=\"\" class=\"wp-image-13613\" srcset=\"https:\/\/prensa.sma.gob.ar\/wp-content\/uploads\/2026\/04\/WhatsApp-Image-2026-04-25-at-3.26.30-PM-2-1024x576.jpeg 1024w, https:\/\/prensa.sma.gob.ar\/wp-content\/uploads\/2026\/04\/WhatsApp-Image-2026-04-25-at-3.26.30-PM-2-300x169.jpeg 300w, https:\/\/prensa.sma.gob.ar\/wp-content\/uploads\/2026\/04\/WhatsApp-Image-2026-04-25-at-3.26.30-PM-2-768x432.jpeg 768w, https:\/\/prensa.sma.gob.ar\/wp-content\/uploads\/2026\/04\/WhatsApp-Image-2026-04-25-at-3.26.30-PM-2-1536x864.jpeg 1536w, https:\/\/prensa.sma.gob.ar\/wp-content\/uploads\/2026\/04\/WhatsApp-Image-2026-04-25-at-3.26.30-PM-2-747x420.jpeg 747w, https:\/\/prensa.sma.gob.ar\/wp-content\/uploads\/2026\/04\/WhatsApp-Image-2026-04-25-at-3.26.30-PM-2-696x392.jpeg 696w, https:\/\/prensa.sma.gob.ar\/wp-content\/uploads\/2026\/04\/WhatsApp-Image-2026-04-25-at-3.26.30-PM-2-1068x601.jpeg 1068w, https:\/\/prensa.sma.gob.ar\/wp-content\/uploads\/2026\/04\/WhatsApp-Image-2026-04-25-at-3.26.30-PM-2.jpeg 1600w\" sizes=\"auto, (max-width: 1024px) 100vw, 1024px\" \/><\/figure>\n\n\n\n<figure class=\"wp-block-image size-large\"><img loading=\"lazy\" decoding=\"async\" width=\"1024\" height=\"576\" data-id=\"13612\" src=\"https:\/\/prensa.sma.gob.ar\/wp-content\/uploads\/2026\/04\/WhatsApp-Image-2026-04-25-at-3.26.30-PM-3-1024x576.jpeg\" alt=\"\" class=\"wp-image-13612\" srcset=\"https:\/\/prensa.sma.gob.ar\/wp-content\/uploads\/2026\/04\/WhatsApp-Image-2026-04-25-at-3.26.30-PM-3-1024x576.jpeg 1024w, https:\/\/prensa.sma.gob.ar\/wp-content\/uploads\/2026\/04\/WhatsApp-Image-2026-04-25-at-3.26.30-PM-3-300x169.jpeg 300w, https:\/\/prensa.sma.gob.ar\/wp-content\/uploads\/2026\/04\/WhatsApp-Image-2026-04-25-at-3.26.30-PM-3-768x432.jpeg 768w, https:\/\/prensa.sma.gob.ar\/wp-content\/uploads\/2026\/04\/WhatsApp-Image-2026-04-25-at-3.26.30-PM-3-1536x864.jpeg 1536w, https:\/\/prensa.sma.gob.ar\/wp-content\/uploads\/2026\/04\/WhatsApp-Image-2026-04-25-at-3.26.30-PM-3-747x420.jpeg 747w, https:\/\/prensa.sma.gob.ar\/wp-content\/uploads\/2026\/04\/WhatsApp-Image-2026-04-25-at-3.26.30-PM-3-696x392.jpeg 696w, https:\/\/prensa.sma.gob.ar\/wp-content\/uploads\/2026\/04\/WhatsApp-Image-2026-04-25-at-3.26.30-PM-3-1068x601.jpeg 1068w, https:\/\/prensa.sma.gob.ar\/wp-content\/uploads\/2026\/04\/WhatsApp-Image-2026-04-25-at-3.26.30-PM-3.jpeg 1600w\" sizes=\"auto, (max-width: 1024px) 100vw, 1024px\" \/><\/figure>\n\n\n\n<figure class=\"wp-block-image size-large\"><img loading=\"lazy\" decoding=\"async\" width=\"1024\" height=\"576\" data-id=\"13624\" src=\"https:\/\/prensa.sma.gob.ar\/wp-content\/uploads\/2026\/04\/WhatsApp-Image-2026-04-25-at-3.26.28-PM-1024x576.jpeg\" alt=\"\" class=\"wp-image-13624\" srcset=\"https:\/\/prensa.sma.gob.ar\/wp-content\/uploads\/2026\/04\/WhatsApp-Image-2026-04-25-at-3.26.28-PM-1024x576.jpeg 1024w, https:\/\/prensa.sma.gob.ar\/wp-content\/uploads\/2026\/04\/WhatsApp-Image-2026-04-25-at-3.26.28-PM-300x169.jpeg 300w, https:\/\/prensa.sma.gob.ar\/wp-content\/uploads\/2026\/04\/WhatsApp-Image-2026-04-25-at-3.26.28-PM-768x432.jpeg 768w, https:\/\/prensa.sma.gob.ar\/wp-content\/uploads\/2026\/04\/WhatsApp-Image-2026-04-25-at-3.26.28-PM-1536x864.jpeg 1536w, https:\/\/prensa.sma.gob.ar\/wp-content\/uploads\/2026\/04\/WhatsApp-Image-2026-04-25-at-3.26.28-PM-747x420.jpeg 747w, https:\/\/prensa.sma.gob.ar\/wp-content\/uploads\/2026\/04\/WhatsApp-Image-2026-04-25-at-3.26.28-PM-696x392.jpeg 696w, https:\/\/prensa.sma.gob.ar\/wp-content\/uploads\/2026\/04\/WhatsApp-Image-2026-04-25-at-3.26.28-PM-1068x601.jpeg 1068w, https:\/\/prensa.sma.gob.ar\/wp-content\/uploads\/2026\/04\/WhatsApp-Image-2026-04-25-at-3.26.28-PM.jpeg 1600w\" sizes=\"auto, (max-width: 1024px) 100vw, 1024px\" \/><\/figure>\n<\/figure>\n","protected":false},"excerpt":{"rendered":"<p>Con la inauguraci\u00f3n de los vestuarios y la sede de la Liga de F\u00fatbol y de la Asociaci\u00f3n de F\u00fatbol Femenino, el Municipio de San Mart\u00edn de los Andes cumpli\u00f3 un sue\u00f1o de varias generaciones y la actual gesti\u00f3n se transform\u00f3 en la que m\u00e1s invirti\u00f3 en obras deportivas. La obra, que fortalece el deporte [&hellip;]<\/p>\n","protected":false},"author":2,"featured_media":13644,"comment_status":"closed","ping_status":"open","sticky":false,"template":"","format":"standard","meta":{"footnotes":""},"categories":[7,16,14,17,1],"tags":[],"class_list":{"0":"post-13598","1":"post","2":"type-post","3":"status-publish","4":"format-standard","5":"has-post-thumbnail","7":"category-deportes","8":"category-destacadas","9":"category-noticias","10":"category-portada","11":"category-uncategorized"},"_links":{"self":[{"href":"https:\/\/prensa.sma.gob.ar\/index.php?rest_route=\/wp\/v2\/posts\/13598","targetHints":{"allow":["GET"]}}],"collection":[{"href":"https:\/\/prensa.sma.gob.ar\/index.php?rest_route=\/wp\/v2\/posts"}],"about":[{"href":"https:\/\/prensa.sma.gob.ar\/index.php?rest_route=\/wp\/v2\/types\/post"}],"author":[{"embeddable":true,"href":"https:\/\/prensa.sma.gob.ar\/index.php?rest_route=\/wp\/v2\/users\/2"}],"replies":[{"embeddable":true,"href":"https:\/\/prensa.sma.gob.ar\/index.php?rest_route=%2Fwp%2Fv2%2Fcomments&post=13598"}],"version-history":[{"count":2,"href":"https:\/\/prensa.sma.gob.ar\/index.php?rest_route=\/wp\/v2\/posts\/13598\/revisions"}],"predecessor-version":[{"id":13648,"href":"https:\/\/prensa.sma.gob.ar\/index.php?rest_route=\/wp\/v2\/posts\/13598\/revisions\/13648"}],"wp:featuredmedia":[{"embeddable":true,"href":"https:\/\/prensa.sma.gob.ar\/index.php?rest_route=\/wp\/v2\/media\/13644"}],"wp:attachment":[{"href":"https:\/\/prensa.sma.gob.ar\/index.php?rest_route=%2Fwp%2Fv2%2Fmedia&parent=13598"}],"wp:term":[{"taxonomy":"category","embeddable":true,"href":"https:\/\/prensa.sma.gob.ar\/index.php?rest_route=%2Fwp%2Fv2%2Fcategories&post=13598"},{"taxonomy":"post_tag","embeddable":true,"href":"https:\/\/prensa.sma.gob.ar\/index.php?rest_route=%2Fwp%2Fv2%2Ftags&post=13598"}],"curies":[{"name":"wp","href":"https:\/\/api.w.org\/{rel}","templated":true}]}}