{"id":13649,"date":"2026-04-28T02:04:51","date_gmt":"2026-04-28T02:04:51","guid":{"rendered":"https:\/\/prensa.sma.gob.ar\/?p=13649"},"modified":"2026-04-28T02:05:51","modified_gmt":"2026-04-28T02:05:51","slug":"exitosa-jornada-comunitaria-mas-de-90-arboles-y-arbustos-fueron-plantados-en-barrios-de-cordones-del-chapelco","status":"publish","type":"post","link":"https:\/\/prensa.sma.gob.ar\/?p=13649","title":{"rendered":"Gran jornada comunitaria: m\u00e1s de 90 \u00e1rboles y arbustos fueron plantados en barrios de Cordones del Chapelco"},"content":{"rendered":"\n<p>Vecinas y vecinos de barrios de la zona de Cordones del Chapelco, incluyendo las chacras 26, 28, 30 y 32, realizaron este fin de semana la plantaci\u00f3n de nativas, la m\u00e1s importante en lo que va del a\u00f1o, con gran participaci\u00f3n comunitaria y apoyo institucional y de especialistas, que incluy\u00f3 la colocaci\u00f3n de 92 ejemplares, mientras que otros 26 quedaron a resguardo para una pr\u00f3xima jornada comunitaria.<\/p>\n\n\n\n<p>De la actividad participaron las Juntas Vecinales de Cordones de Chapelco, con el acompa\u00f1amiento del Municipio de San Mart\u00edn de los Andes, la Fundaci\u00f3n Am\u00e9rica Sostenible (FAS), la Universidad Nacional del Comahue y el Parque Nacional Lanin.<\/p>\n\n\n\n<p>La movilizaci\u00f3n vecinal fue parte de la tercera jornada del programa \u00abSenderos de Cordones\u00bb, una iniciativa que busca integrar la biodiversidad nativa al entorno urbano, con el protagonismo central de las Juntas Vecinales de Cordones de Chapelco, Chacra 28, Chacra 32, Valle Chapelco y Jardines de la Estepa.<\/p>\n\n\n\n<p>Esta nueva jornada, con creciente participaci\u00f3n vecinal y coordinaci\u00f3n interinstitucional, se realiz\u00f3 en el marco de la Semana de la Tierra, y se inserta en el programa \u201cSenderos de Vida\u201d para el continente americano, que lleva adelante la Fundaci\u00f3n Am\u00e9rica Sostenible (FAS), instituci\u00f3n que recientemente firm\u00f3 un convenio de colaboraci\u00f3n con el Intendente Carlos Saloniti.<\/p>\n\n\n\n<figure class=\"wp-block-gallery has-nested-images columns-default is-cropped wp-block-gallery-1 is-layout-flex wp-block-gallery-is-layout-flex\">\n<figure class=\"wp-block-image size-large\"><img loading=\"lazy\" decoding=\"async\" width=\"1024\" height=\"771\" data-id=\"13651\" src=\"https:\/\/prensa.sma.gob.ar\/wp-content\/uploads\/2026\/04\/IMG_20260425_152454-1024x771.jpg\" alt=\"\" class=\"wp-image-13651\" srcset=\"https:\/\/prensa.sma.gob.ar\/wp-content\/uploads\/2026\/04\/IMG_20260425_152454-1024x771.jpg 1024w, https:\/\/prensa.sma.gob.ar\/wp-content\/uploads\/2026\/04\/IMG_20260425_152454-300x226.jpg 300w, https:\/\/prensa.sma.gob.ar\/wp-content\/uploads\/2026\/04\/IMG_20260425_152454-768x578.jpg 768w, https:\/\/prensa.sma.gob.ar\/wp-content\/uploads\/2026\/04\/IMG_20260425_152454-1536x1157.jpg 1536w, https:\/\/prensa.sma.gob.ar\/wp-content\/uploads\/2026\/04\/IMG_20260425_152454-2048x1542.jpg 2048w, https:\/\/prensa.sma.gob.ar\/wp-content\/uploads\/2026\/04\/IMG_20260425_152454-558x420.jpg 558w, https:\/\/prensa.sma.gob.ar\/wp-content\/uploads\/2026\/04\/IMG_20260425_152454-80x60.jpg 80w, https:\/\/prensa.sma.gob.ar\/wp-content\/uploads\/2026\/04\/IMG_20260425_152454-696x524.jpg 696w, https:\/\/prensa.sma.gob.ar\/wp-content\/uploads\/2026\/04\/IMG_20260425_152454-1068x804.jpg 1068w, https:\/\/prensa.sma.gob.ar\/wp-content\/uploads\/2026\/04\/IMG_20260425_152454-1920x1446.jpg 1920w\" sizes=\"auto, (max-width: 1024px) 100vw, 1024px\" \/><\/figure>\n\n\n\n<figure class=\"wp-block-image size-large\"><img loading=\"lazy\" decoding=\"async\" width=\"1024\" height=\"770\" data-id=\"13667\" src=\"https:\/\/prensa.sma.gob.ar\/wp-content\/uploads\/2026\/04\/WhatsApp-Image-2026-04-25-at-6.58.45-PM-1024x770.jpeg\" alt=\"\" class=\"wp-image-13667\" srcset=\"https:\/\/prensa.sma.gob.ar\/wp-content\/uploads\/2026\/04\/WhatsApp-Image-2026-04-25-at-6.58.45-PM-1024x770.jpeg 1024w, https:\/\/prensa.sma.gob.ar\/wp-content\/uploads\/2026\/04\/WhatsApp-Image-2026-04-25-at-6.58.45-PM-300x226.jpeg 300w, https:\/\/prensa.sma.gob.ar\/wp-content\/uploads\/2026\/04\/WhatsApp-Image-2026-04-25-at-6.58.45-PM-768x578.jpeg 768w, https:\/\/prensa.sma.gob.ar\/wp-content\/uploads\/2026\/04\/WhatsApp-Image-2026-04-25-at-6.58.45-PM-558x420.jpeg 558w, https:\/\/prensa.sma.gob.ar\/wp-content\/uploads\/2026\/04\/WhatsApp-Image-2026-04-25-at-6.58.45-PM-80x60.jpeg 80w, https:\/\/prensa.sma.gob.ar\/wp-content\/uploads\/2026\/04\/WhatsApp-Image-2026-04-25-at-6.58.45-PM-696x524.jpeg 696w, https:\/\/prensa.sma.gob.ar\/wp-content\/uploads\/2026\/04\/WhatsApp-Image-2026-04-25-at-6.58.45-PM-1068x804.jpeg 1068w, https:\/\/prensa.sma.gob.ar\/wp-content\/uploads\/2026\/04\/WhatsApp-Image-2026-04-25-at-6.58.45-PM.jpeg 1280w\" sizes=\"auto, (max-width: 1024px) 100vw, 1024px\" \/><\/figure>\n\n\n\n<figure class=\"wp-block-image size-large\"><img loading=\"lazy\" decoding=\"async\" width=\"771\" height=\"1024\" data-id=\"13660\" src=\"https:\/\/prensa.sma.gob.ar\/wp-content\/uploads\/2026\/04\/IMG_20260425_172504-771x1024.jpg\" alt=\"\" class=\"wp-image-13660\" srcset=\"https:\/\/prensa.sma.gob.ar\/wp-content\/uploads\/2026\/04\/IMG_20260425_172504-771x1024.jpg 771w, https:\/\/prensa.sma.gob.ar\/wp-content\/uploads\/2026\/04\/IMG_20260425_172504-226x300.jpg 226w, https:\/\/prensa.sma.gob.ar\/wp-content\/uploads\/2026\/04\/IMG_20260425_172504-768x1020.jpg 768w, https:\/\/prensa.sma.gob.ar\/wp-content\/uploads\/2026\/04\/IMG_20260425_172504-1157x1536.jpg 1157w, https:\/\/prensa.sma.gob.ar\/wp-content\/uploads\/2026\/04\/IMG_20260425_172504-1542x2048.jpg 1542w, https:\/\/prensa.sma.gob.ar\/wp-content\/uploads\/2026\/04\/IMG_20260425_172504-316x420.jpg 316w, https:\/\/prensa.sma.gob.ar\/wp-content\/uploads\/2026\/04\/IMG_20260425_172504-696x924.jpg 696w, https:\/\/prensa.sma.gob.ar\/wp-content\/uploads\/2026\/04\/IMG_20260425_172504-1068x1418.jpg 1068w, https:\/\/prensa.sma.gob.ar\/wp-content\/uploads\/2026\/04\/IMG_20260425_172504-1920x2550.jpg 1920w, https:\/\/prensa.sma.gob.ar\/wp-content\/uploads\/2026\/04\/IMG_20260425_172504-scaled.jpg 1928w\" sizes=\"auto, (max-width: 771px) 100vw, 771px\" \/><\/figure>\n<\/figure>\n\n\n\n<p>Detalle de la intervenci\u00f3n por zonas:<\/p>\n\n\n\n<p>\u25cf Las Nalcas: Se incorporaron 43 ejemplares, incluyendo Maitenes, Chacay, Chilcos, Notros, Radales y \u00d1ires, distribuidos entre la zona del arroyo, calle Vizcachas y el camino al mirador.<\/p>\n\n\n\n<p>\u25cf Jardines de la Estepa: Se sumaron 27 ejemplares, reforzando tanto el arbolado urbano como los espacios verdes con Notros, Chacay, Maitenes, \u00d1ires, Radales y Berberis.<\/p>\n\n\n\n<p>\u25cf Valle Chapelco: Se plantaron 15 ejemplares de Chacay, Berberis y Escalonias en sus espacios verdes.<\/p>\n\n\n\n<p>\u25cf Chacra 32: Se instalaron 7 \u00e1rboles (Maitenes, Radal y \u00d1ires) en su espacio com\u00fan.<\/p>\n\n\n\n<p>En Chacra 28, 26 ejemplares quedaron reservados para una pr\u00f3xima jornada.<\/p>\n\n\n\n<p>El \u00e9xito de la jornada fue posible gracias al trabajo articulado de diversas \u00e1reas municipales. El equipo de la Direcci\u00f3n de Espacios Verdes realiz\u00f3 la preparaci\u00f3n previa del terreno, mientras que la Delegaci\u00f3n de Cordones del Chapelco y la Subsecretar\u00eda de Juntas Vecinales participaron de la log\u00edstica.<\/p>\n\n\n\n<p>El docente Adriano Arach, del Centro Regional de la Universidad del Comahue (CRUSMA-UNCo) ofreci\u00f3 capacitaci\u00f3n t\u00e9cnica y asesoramiento a vecinas y vecinos durante la plantaci\u00f3n. Arach explic\u00f3 que los ejemplares fueron provistos en Hua Hum e hizo especial referencia a la universidad p\u00fablica en este trabajo comunitario junto al Municipio y la Fundaci\u00f3n.<\/p>\n\n\n\n<p>\u00abSenderos de Cordones\u00bb suma tres hitos mensuales: ciencia ciudadana en febrero, apertura del Sendero del Nalcal en marzo y esta masiva plantaci\u00f3n en abril. Actualmente, se trabaja en la conexi\u00f3n con el balc\u00f3n natural de Balc\u00f3n de la Vega, donde el municipio instalar\u00e1 mobiliario para descanso y contemplaci\u00f3n del paisaje.<\/p>\n\n\n\n<p>La Fundaci\u00f3n Am\u00e9rica Sostenible y las Juntas Vecinales de Cordones de Chapelco invitan a comercios y empresas locales a sumarse como auspiciantes de la pr\u00f3xima actividad de mayo (D\u00eda de la Biodiversidad), apoyando este proyecto que posiciona a la ciudad como referente en sostenibilidad participativa.<\/p>\n\n\n\n<p>La Fundaci\u00f3n destac\u00f3 \u201cel esfuerzo comunitario con respaldo institucional\u201d y agradeci\u00f3 especialmente al intendente Saloniti, al subsecretario del COPE, F\u00e9lix Cariboni, y la Administraci\u00f3n de Parques Nacionales (APN) por la donaci\u00f3n de ejemplares, por un valor de mercado superior a los dos millones de pesos.<\/p>\n\n\n\n<p>La referente de APN, Liliana Lozano, destac\u00f3 la importancia del esquema de padrinazgo vecinal impulsado por la Fundaci\u00f3n y las Juntas Vecinales, donde cada familia asume el compromiso de cuidado para asegurar la supervivencia de los \u00e1rboles en el tiempo.<\/p>\n\n\n\n<figure class=\"wp-block-gallery has-nested-images columns-default is-cropped wp-block-gallery-2 is-layout-flex wp-block-gallery-is-layout-flex\">\n<figure class=\"wp-block-image size-large\"><img loading=\"lazy\" decoding=\"async\" width=\"768\" height=\"1024\" data-id=\"13672\" src=\"https:\/\/prensa.sma.gob.ar\/wp-content\/uploads\/2026\/04\/WhatsApp-Image-2026-04-26-at-2.27.25-PM-768x1024.jpeg\" alt=\"\" class=\"wp-image-13672\" srcset=\"https:\/\/prensa.sma.gob.ar\/wp-content\/uploads\/2026\/04\/WhatsApp-Image-2026-04-26-at-2.27.25-PM-768x1024.jpeg 768w, https:\/\/prensa.sma.gob.ar\/wp-content\/uploads\/2026\/04\/WhatsApp-Image-2026-04-26-at-2.27.25-PM-225x300.jpeg 225w, https:\/\/prensa.sma.gob.ar\/wp-content\/uploads\/2026\/04\/WhatsApp-Image-2026-04-26-at-2.27.25-PM-1152x1536.jpeg 1152w, https:\/\/prensa.sma.gob.ar\/wp-content\/uploads\/2026\/04\/WhatsApp-Image-2026-04-26-at-2.27.25-PM-315x420.jpeg 315w, https:\/\/prensa.sma.gob.ar\/wp-content\/uploads\/2026\/04\/WhatsApp-Image-2026-04-26-at-2.27.25-PM-696x928.jpeg 696w, https:\/\/prensa.sma.gob.ar\/wp-content\/uploads\/2026\/04\/WhatsApp-Image-2026-04-26-at-2.27.25-PM-1068x1424.jpeg 1068w, https:\/\/prensa.sma.gob.ar\/wp-content\/uploads\/2026\/04\/WhatsApp-Image-2026-04-26-at-2.27.25-PM.jpeg 1200w\" sizes=\"auto, (max-width: 768px) 100vw, 768px\" \/><\/figure>\n\n\n\n<figure class=\"wp-block-image size-large\"><img loading=\"lazy\" decoding=\"async\" width=\"770\" height=\"1024\" data-id=\"13666\" src=\"https:\/\/prensa.sma.gob.ar\/wp-content\/uploads\/2026\/04\/WhatsApp-Image-2026-04-25-at-6.58.44-PM-770x1024.jpeg\" alt=\"\" class=\"wp-image-13666\" srcset=\"https:\/\/prensa.sma.gob.ar\/wp-content\/uploads\/2026\/04\/WhatsApp-Image-2026-04-25-at-6.58.44-PM-770x1024.jpeg 770w, https:\/\/prensa.sma.gob.ar\/wp-content\/uploads\/2026\/04\/WhatsApp-Image-2026-04-25-at-6.58.44-PM-226x300.jpeg 226w, https:\/\/prensa.sma.gob.ar\/wp-content\/uploads\/2026\/04\/WhatsApp-Image-2026-04-25-at-6.58.44-PM-768x1021.jpeg 768w, https:\/\/prensa.sma.gob.ar\/wp-content\/uploads\/2026\/04\/WhatsApp-Image-2026-04-25-at-6.58.44-PM-316x420.jpeg 316w, https:\/\/prensa.sma.gob.ar\/wp-content\/uploads\/2026\/04\/WhatsApp-Image-2026-04-25-at-6.58.44-PM-696x925.jpeg 696w, https:\/\/prensa.sma.gob.ar\/wp-content\/uploads\/2026\/04\/WhatsApp-Image-2026-04-25-at-6.58.44-PM.jpeg 963w\" sizes=\"auto, (max-width: 770px) 100vw, 770px\" \/><\/figure>\n\n\n\n<figure class=\"wp-block-image size-large\"><img loading=\"lazy\" decoding=\"async\" width=\"771\" height=\"1024\" data-id=\"13663\" src=\"https:\/\/prensa.sma.gob.ar\/wp-content\/uploads\/2026\/04\/IMG_20260425_175951-771x1024.jpg\" alt=\"\" class=\"wp-image-13663\" srcset=\"https:\/\/prensa.sma.gob.ar\/wp-content\/uploads\/2026\/04\/IMG_20260425_175951-771x1024.jpg 771w, https:\/\/prensa.sma.gob.ar\/wp-content\/uploads\/2026\/04\/IMG_20260425_175951-226x300.jpg 226w, https:\/\/prensa.sma.gob.ar\/wp-content\/uploads\/2026\/04\/IMG_20260425_175951-768x1020.jpg 768w, https:\/\/prensa.sma.gob.ar\/wp-content\/uploads\/2026\/04\/IMG_20260425_175951-1157x1536.jpg 1157w, https:\/\/prensa.sma.gob.ar\/wp-content\/uploads\/2026\/04\/IMG_20260425_175951-1542x2048.jpg 1542w, https:\/\/prensa.sma.gob.ar\/wp-content\/uploads\/2026\/04\/IMG_20260425_175951-316x420.jpg 316w, https:\/\/prensa.sma.gob.ar\/wp-content\/uploads\/2026\/04\/IMG_20260425_175951-696x924.jpg 696w, https:\/\/prensa.sma.gob.ar\/wp-content\/uploads\/2026\/04\/IMG_20260425_175951-1068x1418.jpg 1068w, https:\/\/prensa.sma.gob.ar\/wp-content\/uploads\/2026\/04\/IMG_20260425_175951-1920x2550.jpg 1920w, https:\/\/prensa.sma.gob.ar\/wp-content\/uploads\/2026\/04\/IMG_20260425_175951-scaled.jpg 1928w\" sizes=\"auto, (max-width: 771px) 100vw, 771px\" \/><\/figure>\n\n\n\n<figure class=\"wp-block-image size-large\"><img loading=\"lazy\" decoding=\"async\" width=\"771\" height=\"1024\" data-id=\"13661\" src=\"https:\/\/prensa.sma.gob.ar\/wp-content\/uploads\/2026\/04\/IMG_20260425_175922-771x1024.jpg\" alt=\"\" class=\"wp-image-13661\" srcset=\"https:\/\/prensa.sma.gob.ar\/wp-content\/uploads\/2026\/04\/IMG_20260425_175922-771x1024.jpg 771w, https:\/\/prensa.sma.gob.ar\/wp-content\/uploads\/2026\/04\/IMG_20260425_175922-226x300.jpg 226w, https:\/\/prensa.sma.gob.ar\/wp-content\/uploads\/2026\/04\/IMG_20260425_175922-768x1020.jpg 768w, https:\/\/prensa.sma.gob.ar\/wp-content\/uploads\/2026\/04\/IMG_20260425_175922-1157x1536.jpg 1157w, https:\/\/prensa.sma.gob.ar\/wp-content\/uploads\/2026\/04\/IMG_20260425_175922-1542x2048.jpg 1542w, https:\/\/prensa.sma.gob.ar\/wp-content\/uploads\/2026\/04\/IMG_20260425_175922-316x420.jpg 316w, https:\/\/prensa.sma.gob.ar\/wp-content\/uploads\/2026\/04\/IMG_20260425_175922-696x924.jpg 696w, https:\/\/prensa.sma.gob.ar\/wp-content\/uploads\/2026\/04\/IMG_20260425_175922-1068x1418.jpg 1068w, https:\/\/prensa.sma.gob.ar\/wp-content\/uploads\/2026\/04\/IMG_20260425_175922-1920x2550.jpg 1920w, https:\/\/prensa.sma.gob.ar\/wp-content\/uploads\/2026\/04\/IMG_20260425_175922-scaled.jpg 1928w\" sizes=\"auto, (max-width: 771px) 100vw, 771px\" \/><\/figure>\n\n\n\n<figure class=\"wp-block-image size-large\"><img loading=\"lazy\" decoding=\"async\" width=\"771\" height=\"1024\" data-id=\"13660\" src=\"https:\/\/prensa.sma.gob.ar\/wp-content\/uploads\/2026\/04\/IMG_20260425_172504-771x1024.jpg\" alt=\"\" class=\"wp-image-13660\" srcset=\"https:\/\/prensa.sma.gob.ar\/wp-content\/uploads\/2026\/04\/IMG_20260425_172504-771x1024.jpg 771w, https:\/\/prensa.sma.gob.ar\/wp-content\/uploads\/2026\/04\/IMG_20260425_172504-226x300.jpg 226w, https:\/\/prensa.sma.gob.ar\/wp-content\/uploads\/2026\/04\/IMG_20260425_172504-768x1020.jpg 768w, https:\/\/prensa.sma.gob.ar\/wp-content\/uploads\/2026\/04\/IMG_20260425_172504-1157x1536.jpg 1157w, https:\/\/prensa.sma.gob.ar\/wp-content\/uploads\/2026\/04\/IMG_20260425_172504-1542x2048.jpg 1542w, https:\/\/prensa.sma.gob.ar\/wp-content\/uploads\/2026\/04\/IMG_20260425_172504-316x420.jpg 316w, https:\/\/prensa.sma.gob.ar\/wp-content\/uploads\/2026\/04\/IMG_20260425_172504-696x924.jpg 696w, https:\/\/prensa.sma.gob.ar\/wp-content\/uploads\/2026\/04\/IMG_20260425_172504-1068x1418.jpg 1068w, https:\/\/prensa.sma.gob.ar\/wp-content\/uploads\/2026\/04\/IMG_20260425_172504-1920x2550.jpg 1920w, https:\/\/prensa.sma.gob.ar\/wp-content\/uploads\/2026\/04\/IMG_20260425_172504-scaled.jpg 1928w\" sizes=\"auto, (max-width: 771px) 100vw, 771px\" \/><\/figure>\n\n\n\n<figure class=\"wp-block-image size-large\"><img loading=\"lazy\" decoding=\"async\" width=\"771\" height=\"1024\" data-id=\"13659\" src=\"https:\/\/prensa.sma.gob.ar\/wp-content\/uploads\/2026\/04\/IMG_20260425_172453-771x1024.jpg\" alt=\"\" class=\"wp-image-13659\" srcset=\"https:\/\/prensa.sma.gob.ar\/wp-content\/uploads\/2026\/04\/IMG_20260425_172453-771x1024.jpg 771w, https:\/\/prensa.sma.gob.ar\/wp-content\/uploads\/2026\/04\/IMG_20260425_172453-226x300.jpg 226w, https:\/\/prensa.sma.gob.ar\/wp-content\/uploads\/2026\/04\/IMG_20260425_172453-768x1020.jpg 768w, https:\/\/prensa.sma.gob.ar\/wp-content\/uploads\/2026\/04\/IMG_20260425_172453-1157x1536.jpg 1157w, https:\/\/prensa.sma.gob.ar\/wp-content\/uploads\/2026\/04\/IMG_20260425_172453-1542x2048.jpg 1542w, https:\/\/prensa.sma.gob.ar\/wp-content\/uploads\/2026\/04\/IMG_20260425_172453-316x420.jpg 316w, https:\/\/prensa.sma.gob.ar\/wp-content\/uploads\/2026\/04\/IMG_20260425_172453-696x924.jpg 696w, https:\/\/prensa.sma.gob.ar\/wp-content\/uploads\/2026\/04\/IMG_20260425_172453-1068x1418.jpg 1068w, https:\/\/prensa.sma.gob.ar\/wp-content\/uploads\/2026\/04\/IMG_20260425_172453-1920x2550.jpg 1920w, https:\/\/prensa.sma.gob.ar\/wp-content\/uploads\/2026\/04\/IMG_20260425_172453-scaled.jpg 1928w\" sizes=\"auto, (max-width: 771px) 100vw, 771px\" \/><\/figure>\n\n\n\n<figure class=\"wp-block-image size-large\"><img loading=\"lazy\" decoding=\"async\" width=\"1024\" height=\"771\" data-id=\"13657\" src=\"https:\/\/prensa.sma.gob.ar\/wp-content\/uploads\/2026\/04\/IMG_20260425_172428-1024x771.jpg\" alt=\"\" class=\"wp-image-13657\" srcset=\"https:\/\/prensa.sma.gob.ar\/wp-content\/uploads\/2026\/04\/IMG_20260425_172428-1024x771.jpg 1024w, https:\/\/prensa.sma.gob.ar\/wp-content\/uploads\/2026\/04\/IMG_20260425_172428-300x226.jpg 300w, https:\/\/prensa.sma.gob.ar\/wp-content\/uploads\/2026\/04\/IMG_20260425_172428-768x578.jpg 768w, https:\/\/prensa.sma.gob.ar\/wp-content\/uploads\/2026\/04\/IMG_20260425_172428-1536x1157.jpg 1536w, https:\/\/prensa.sma.gob.ar\/wp-content\/uploads\/2026\/04\/IMG_20260425_172428-2048x1542.jpg 2048w, https:\/\/prensa.sma.gob.ar\/wp-content\/uploads\/2026\/04\/IMG_20260425_172428-558x420.jpg 558w, https:\/\/prensa.sma.gob.ar\/wp-content\/uploads\/2026\/04\/IMG_20260425_172428-80x60.jpg 80w, https:\/\/prensa.sma.gob.ar\/wp-content\/uploads\/2026\/04\/IMG_20260425_172428-696x524.jpg 696w, https:\/\/prensa.sma.gob.ar\/wp-content\/uploads\/2026\/04\/IMG_20260425_172428-1068x804.jpg 1068w, https:\/\/prensa.sma.gob.ar\/wp-content\/uploads\/2026\/04\/IMG_20260425_172428-1920x1446.jpg 1920w\" sizes=\"auto, (max-width: 1024px) 100vw, 1024px\" \/><\/figure>\n\n\n\n<figure class=\"wp-block-image size-large\"><img loading=\"lazy\" decoding=\"async\" width=\"771\" height=\"1024\" data-id=\"13655\" src=\"https:\/\/prensa.sma.gob.ar\/wp-content\/uploads\/2026\/04\/IMG_20260425_163023-771x1024.jpg\" alt=\"\" class=\"wp-image-13655\" srcset=\"https:\/\/prensa.sma.gob.ar\/wp-content\/uploads\/2026\/04\/IMG_20260425_163023-771x1024.jpg 771w, https:\/\/prensa.sma.gob.ar\/wp-content\/uploads\/2026\/04\/IMG_20260425_163023-226x300.jpg 226w, https:\/\/prensa.sma.gob.ar\/wp-content\/uploads\/2026\/04\/IMG_20260425_163023-768x1020.jpg 768w, https:\/\/prensa.sma.gob.ar\/wp-content\/uploads\/2026\/04\/IMG_20260425_163023-1157x1536.jpg 1157w, https:\/\/prensa.sma.gob.ar\/wp-content\/uploads\/2026\/04\/IMG_20260425_163023-1542x2048.jpg 1542w, https:\/\/prensa.sma.gob.ar\/wp-content\/uploads\/2026\/04\/IMG_20260425_163023-316x420.jpg 316w, https:\/\/prensa.sma.gob.ar\/wp-content\/uploads\/2026\/04\/IMG_20260425_163023-696x924.jpg 696w, https:\/\/prensa.sma.gob.ar\/wp-content\/uploads\/2026\/04\/IMG_20260425_163023-1068x1418.jpg 1068w, https:\/\/prensa.sma.gob.ar\/wp-content\/uploads\/2026\/04\/IMG_20260425_163023-1920x2550.jpg 1920w, https:\/\/prensa.sma.gob.ar\/wp-content\/uploads\/2026\/04\/IMG_20260425_163023-scaled.jpg 1928w\" sizes=\"auto, (max-width: 771px) 100vw, 771px\" \/><\/figure>\n\n\n\n<figure class=\"wp-block-image size-large\"><img loading=\"lazy\" decoding=\"async\" width=\"771\" height=\"1024\" data-id=\"13653\" src=\"https:\/\/prensa.sma.gob.ar\/wp-content\/uploads\/2026\/04\/IMG_20260425_152630-771x1024.jpg\" alt=\"\" class=\"wp-image-13653\" srcset=\"https:\/\/prensa.sma.gob.ar\/wp-content\/uploads\/2026\/04\/IMG_20260425_152630-771x1024.jpg 771w, https:\/\/prensa.sma.gob.ar\/wp-content\/uploads\/2026\/04\/IMG_20260425_152630-226x300.jpg 226w, https:\/\/prensa.sma.gob.ar\/wp-content\/uploads\/2026\/04\/IMG_20260425_152630-768x1020.jpg 768w, https:\/\/prensa.sma.gob.ar\/wp-content\/uploads\/2026\/04\/IMG_20260425_152630-1157x1536.jpg 1157w, https:\/\/prensa.sma.gob.ar\/wp-content\/uploads\/2026\/04\/IMG_20260425_152630-1542x2048.jpg 1542w, https:\/\/prensa.sma.gob.ar\/wp-content\/uploads\/2026\/04\/IMG_20260425_152630-316x420.jpg 316w, https:\/\/prensa.sma.gob.ar\/wp-content\/uploads\/2026\/04\/IMG_20260425_152630-696x924.jpg 696w, https:\/\/prensa.sma.gob.ar\/wp-content\/uploads\/2026\/04\/IMG_20260425_152630-1068x1418.jpg 1068w, https:\/\/prensa.sma.gob.ar\/wp-content\/uploads\/2026\/04\/IMG_20260425_152630-1920x2550.jpg 1920w, https:\/\/prensa.sma.gob.ar\/wp-content\/uploads\/2026\/04\/IMG_20260425_152630-scaled.jpg 1928w\" sizes=\"auto, (max-width: 771px) 100vw, 771px\" \/><\/figure>\n<\/figure>\n\n\n\n<figure class=\"wp-block-gallery has-nested-images columns-default is-cropped wp-block-gallery-3 is-layout-flex wp-block-gallery-is-layout-flex\">\n<figure class=\"wp-block-image size-large\"><img loading=\"lazy\" decoding=\"async\" width=\"450\" height=\"1024\" data-id=\"13674\" src=\"https:\/\/prensa.sma.gob.ar\/wp-content\/uploads\/2026\/04\/WhatsApp-Image-2026-04-25-at-11.11.39-PM-450x1024.jpeg\" alt=\"\" class=\"wp-image-13674\" srcset=\"https:\/\/prensa.sma.gob.ar\/wp-content\/uploads\/2026\/04\/WhatsApp-Image-2026-04-25-at-11.11.39-PM-450x1024.jpeg 450w, https:\/\/prensa.sma.gob.ar\/wp-content\/uploads\/2026\/04\/WhatsApp-Image-2026-04-25-at-11.11.39-PM-132x300.jpeg 132w, https:\/\/prensa.sma.gob.ar\/wp-content\/uploads\/2026\/04\/WhatsApp-Image-2026-04-25-at-11.11.39-PM-185x420.jpeg 185w, https:\/\/prensa.sma.gob.ar\/wp-content\/uploads\/2026\/04\/WhatsApp-Image-2026-04-25-at-11.11.39-PM.jpeg 563w\" sizes=\"auto, (max-width: 450px) 100vw, 450px\" \/><\/figure>\n\n\n\n<figure class=\"wp-block-image size-large\"><img loading=\"lazy\" decoding=\"async\" width=\"768\" height=\"1024\" data-id=\"13664\" src=\"https:\/\/prensa.sma.gob.ar\/wp-content\/uploads\/2026\/04\/WhatsApp-Image-2026-04-24-at-7.42.37-PM-768x1024.jpeg\" alt=\"\" class=\"wp-image-13664\" srcset=\"https:\/\/prensa.sma.gob.ar\/wp-content\/uploads\/2026\/04\/WhatsApp-Image-2026-04-24-at-7.42.37-PM-768x1024.jpeg 768w, https:\/\/prensa.sma.gob.ar\/wp-content\/uploads\/2026\/04\/WhatsApp-Image-2026-04-24-at-7.42.37-PM-225x300.jpeg 225w, https:\/\/prensa.sma.gob.ar\/wp-content\/uploads\/2026\/04\/WhatsApp-Image-2026-04-24-at-7.42.37-PM-1152x1536.jpeg 1152w, https:\/\/prensa.sma.gob.ar\/wp-content\/uploads\/2026\/04\/WhatsApp-Image-2026-04-24-at-7.42.37-PM-315x420.jpeg 315w, https:\/\/prensa.sma.gob.ar\/wp-content\/uploads\/2026\/04\/WhatsApp-Image-2026-04-24-at-7.42.37-PM-696x928.jpeg 696w, https:\/\/prensa.sma.gob.ar\/wp-content\/uploads\/2026\/04\/WhatsApp-Image-2026-04-24-at-7.42.37-PM-1068x1424.jpeg 1068w, https:\/\/prensa.sma.gob.ar\/wp-content\/uploads\/2026\/04\/WhatsApp-Image-2026-04-24-at-7.42.37-PM.jpeg 1200w\" sizes=\"auto, (max-width: 768px) 100vw, 768px\" \/><\/figure>\n\n\n\n<figure class=\"wp-block-image size-large\"><img loading=\"lazy\" decoding=\"async\" width=\"576\" height=\"1024\" data-id=\"13670\" src=\"https:\/\/prensa.sma.gob.ar\/wp-content\/uploads\/2026\/04\/WhatsApp-Image-2026-04-26-at-1.53.02-PM-576x1024.jpeg\" alt=\"\" class=\"wp-image-13670\" srcset=\"https:\/\/prensa.sma.gob.ar\/wp-content\/uploads\/2026\/04\/WhatsApp-Image-2026-04-26-at-1.53.02-PM-576x1024.jpeg 576w, https:\/\/prensa.sma.gob.ar\/wp-content\/uploads\/2026\/04\/WhatsApp-Image-2026-04-26-at-1.53.02-PM-169x300.jpeg 169w, https:\/\/prensa.sma.gob.ar\/wp-content\/uploads\/2026\/04\/WhatsApp-Image-2026-04-26-at-1.53.02-PM-768x1366.jpeg 768w, https:\/\/prensa.sma.gob.ar\/wp-content\/uploads\/2026\/04\/WhatsApp-Image-2026-04-26-at-1.53.02-PM-864x1536.jpeg 864w, https:\/\/prensa.sma.gob.ar\/wp-content\/uploads\/2026\/04\/WhatsApp-Image-2026-04-26-at-1.53.02-PM-236x420.jpeg 236w, https:\/\/prensa.sma.gob.ar\/wp-content\/uploads\/2026\/04\/WhatsApp-Image-2026-04-26-at-1.53.02-PM-696x1238.jpeg 696w, https:\/\/prensa.sma.gob.ar\/wp-content\/uploads\/2026\/04\/WhatsApp-Image-2026-04-26-at-1.53.02-PM.jpeg 899w\" sizes=\"auto, (max-width: 576px) 100vw, 576px\" \/><\/figure>\n<\/figure>\n","protected":false},"excerpt":{"rendered":"<p>Vecinas y vecinos de barrios de la zona de Cordones del Chapelco, incluyendo las chacras 26, 28, 30 y 32, realizaron este fin de semana la plantaci\u00f3n de nativas, la m\u00e1s importante en lo que va del a\u00f1o, con gran participaci\u00f3n comunitaria y apoyo institucional y de especialistas, que incluy\u00f3 la colocaci\u00f3n de 92 ejemplares, [&hellip;]<\/p>\n","protected":false},"author":2,"featured_media":13675,"comment_status":"closed","ping_status":"open","sticky":false,"template":"","format":"standard","meta":{"footnotes":""},"categories":[16,14],"tags":[],"class_list":{"0":"post-13649","1":"post","2":"type-post","3":"status-publish","4":"format-standard","5":"has-post-thumbnail","7":"category-destacadas","8":"category-noticias"},"_links":{"self":[{"href":"https:\/\/prensa.sma.gob.ar\/index.php?rest_route=\/wp\/v2\/posts\/13649","targetHints":{"allow":["GET"]}}],"collection":[{"href":"https:\/\/prensa.sma.gob.ar\/index.php?rest_route=\/wp\/v2\/posts"}],"about":[{"href":"https:\/\/prensa.sma.gob.ar\/index.php?rest_route=\/wp\/v2\/types\/post"}],"author":[{"embeddable":true,"href":"https:\/\/prensa.sma.gob.ar\/index.php?rest_route=\/wp\/v2\/users\/2"}],"replies":[{"embeddable":true,"href":"https:\/\/prensa.sma.gob.ar\/index.php?rest_route=%2Fwp%2Fv2%2Fcomments&post=13649"}],"version-history":[{"count":2,"href":"https:\/\/prensa.sma.gob.ar\/index.php?rest_route=\/wp\/v2\/posts\/13649\/revisions"}],"predecessor-version":[{"id":13679,"href":"https:\/\/prensa.sma.gob.ar\/index.php?rest_route=\/wp\/v2\/posts\/13649\/revisions\/13679"}],"wp:featuredmedia":[{"embeddable":true,"href":"https:\/\/prensa.sma.gob.ar\/index.php?rest_route=\/wp\/v2\/media\/13675"}],"wp:attachment":[{"href":"https:\/\/prensa.sma.gob.ar\/index.php?rest_route=%2Fwp%2Fv2%2Fmedia&parent=13649"}],"wp:term":[{"taxonomy":"category","embeddable":true,"href":"https:\/\/prensa.sma.gob.ar\/index.php?rest_route=%2Fwp%2Fv2%2Fcategories&post=13649"},{"taxonomy":"post_tag","embeddable":true,"href":"https:\/\/prensa.sma.gob.ar\/index.php?rest_route=%2Fwp%2Fv2%2Ftags&post=13649"}],"curies":[{"name":"wp","href":"https:\/\/api.w.org\/{rel}","templated":true}]}}