{"id":13683,"date":"2026-04-29T13:00:09","date_gmt":"2026-04-29T13:00:09","guid":{"rendered":"https:\/\/prensa.sma.gob.ar\/?p=13683"},"modified":"2026-04-29T13:38:03","modified_gmt":"2026-04-29T13:38:03","slug":"san-martin-de-los-andes-y-otros-municipios-colaboraran-con-la-nueva-linea-de-creditos-hipotecarios","status":"publish","type":"post","link":"https:\/\/prensa.sma.gob.ar\/?p=13683","title":{"rendered":"San Mart\u00edn de los Andes y otros municipios colaborar\u00e1n con la nueva l\u00ednea de cr\u00e9ditos hipotecarios"},"content":{"rendered":"\n<p>El intendente municipal, Carlos Saloniti, y otros mandatarios comunales firmaron convenios de colaboraci\u00f3n con el Gobierno provincial para facilitar la gesti\u00f3n de los tr\u00e1mites vinculados a los nuevos cr\u00e9ditos hipotecarios.<\/p>\n\n\n\n<p>La iniciativa, que busca fortalecer el rol de los gobiernos locales en el acompa\u00f1amiento a las familias que aspiran a un cr\u00e9dito hipotecario, forma parte de una estrategia integral que busca ampliar el acceso a soluciones habitacionales.<\/p>\n\n\n\n<p>La firma de los convenios se realiz\u00f3 este martes durante un encuentro encabezado por el gobernador neuquino, Rolando Figueroa, en el cual la Provincia present\u00f3 a intendentes el plan de cr\u00e9ditos hipotecarios que lanzar\u00e1 el 8 de mayo.<\/p>\n\n\n\n<p>Durante el encuentro, tambi\u00e9n se dio a conocer el plan de infraestructura vial previsto para la Provincia, con el objetivo de fortalecer el desarrollo territorial y acompa\u00f1ar el crecimiento de las localidades.<\/p>\n\n\n\n<p>En materia habitacional, se puso \u00e9nfasis en el avance de las l\u00edneas de cr\u00e9ditos hipotecarios que permitir\u00e1n a las familias acceder a la vivienda, promoviendo el desarrollo de proyectos en todo el territorio, el inicio de nuevas construcciones y ampliaciones, y facilitando el comienzo de obras.<\/p>\n\n\n\n<p>La presentaci\u00f3n estuvo a cargo de la ministra de Infraestructura, Tanya Bertoldi, y la secretaria de Vivienda y H\u00e1bitat, Ana Servidio. De la actividad tambi\u00e9n participaron la presidenta de la Legislatura, Zulma Reina; el jefe de Gabinete, Juan Luis \u201cPepe\u201d Ousset; y el presidente del IPVU-ADUS, Pablo Dietrich.<\/p>\n\n\n\n<p>El convenio, firmado entre el presidente de la Agencia de Desarrollo Urbano Sustentable (ADUS), Pablo Dietrich, y cada uno de los Municipios que adhirieron y busca \u201cotorgar tratamiento prioritario y expedito a los tr\u00e1mites municipales de visado, revisi\u00f3n y\/o aprobaci\u00f3n de planos y documentaci\u00f3n t\u00e9cnica de obras a ejecutar por particulares que postulen a financiamiento en el marco del Programa de Pr\u00e9stamos Hipotecarios Provinciales gestionado por ADUS para construcci\u00f3n, ampliaci\u00f3n, refacci\u00f3n o mejoramiento de vivienda\u201d.<\/p>\n\n\n\n<p>El convenio aclara que el \u00abtratamiento prioritario\u00bb debe entenderse como \u201cpriorizaci\u00f3n administrativa y organizacional en la tramitaci\u00f3n, sin implicar dispensa de requisitos t\u00e9cnicos ni excepciones normativas\u201d.<\/p>\n\n\n\n<p>En ese sentido, la Municipalidad \u201cdispondr\u00e1 un canal preferente de recepci\u00f3n y seguimiento para los tr\u00e1mites alcanzados, pudiendo consistir en: a) una \u00abventanilla\u00bb o mesa de entrada espec\u00edfica; y\/o b) un circuito digital con casilla oficial; y\/o c) un referente t\u00e9cnico-administrativo designado; con el fin de evitar demoras por derivaciones internas y facilitar el control de plazos\u201d.<\/p>\n\n\n\n<p>Adem\u00e1s, \u201ca los fines de posibilitar a los interesados el acceso al Programa de Pr\u00e9stamos Hipotecarios Provinciales gestionado por ADUS, el Municipio se compromete a realizar todas las acciones necesarias a fin de lograr la regularizaci\u00f3n dominial de los inmuebles ubicados dentro de su ejido municipal, en cuanto de ella dependiere\u201d.<\/p>\n\n\n\n<figure class=\"wp-block-gallery has-nested-images columns-default is-cropped wp-block-gallery-1 is-layout-flex wp-block-gallery-is-layout-flex\">\n<figure class=\"wp-block-image size-large\"><img loading=\"lazy\" decoding=\"async\" width=\"1024\" height=\"400\" data-id=\"13686\" src=\"https:\/\/prensa.sma.gob.ar\/wp-content\/uploads\/2026\/04\/WhatsApp-Image-2026-04-28-at-9.09.39-PM-1024x400.jpeg\" alt=\"\" class=\"wp-image-13686\" srcset=\"https:\/\/prensa.sma.gob.ar\/wp-content\/uploads\/2026\/04\/WhatsApp-Image-2026-04-28-at-9.09.39-PM-1024x400.jpeg 1024w, https:\/\/prensa.sma.gob.ar\/wp-content\/uploads\/2026\/04\/WhatsApp-Image-2026-04-28-at-9.09.39-PM-300x117.jpeg 300w, https:\/\/prensa.sma.gob.ar\/wp-content\/uploads\/2026\/04\/WhatsApp-Image-2026-04-28-at-9.09.39-PM-768x300.jpeg 768w, https:\/\/prensa.sma.gob.ar\/wp-content\/uploads\/2026\/04\/WhatsApp-Image-2026-04-28-at-9.09.39-PM-1536x600.jpeg 1536w, https:\/\/prensa.sma.gob.ar\/wp-content\/uploads\/2026\/04\/WhatsApp-Image-2026-04-28-at-9.09.39-PM-1075x420.jpeg 1075w, https:\/\/prensa.sma.gob.ar\/wp-content\/uploads\/2026\/04\/WhatsApp-Image-2026-04-28-at-9.09.39-PM-696x272.jpeg 696w, https:\/\/prensa.sma.gob.ar\/wp-content\/uploads\/2026\/04\/WhatsApp-Image-2026-04-28-at-9.09.39-PM-1068x417.jpeg 1068w, https:\/\/prensa.sma.gob.ar\/wp-content\/uploads\/2026\/04\/WhatsApp-Image-2026-04-28-at-9.09.39-PM.jpeg 1600w\" sizes=\"auto, (max-width: 1024px) 100vw, 1024px\" \/><\/figure>\n\n\n\n<figure class=\"wp-block-image size-full\"><img loading=\"lazy\" decoding=\"async\" width=\"953\" height=\"548\" data-id=\"13687\" src=\"https:\/\/prensa.sma.gob.ar\/wp-content\/uploads\/2026\/04\/WhatsApp-Image-2026-04-29-at-8.16.43-AM.jpeg\" alt=\"\" class=\"wp-image-13687\" srcset=\"https:\/\/prensa.sma.gob.ar\/wp-content\/uploads\/2026\/04\/WhatsApp-Image-2026-04-29-at-8.16.43-AM.jpeg 953w, https:\/\/prensa.sma.gob.ar\/wp-content\/uploads\/2026\/04\/WhatsApp-Image-2026-04-29-at-8.16.43-AM-300x173.jpeg 300w, https:\/\/prensa.sma.gob.ar\/wp-content\/uploads\/2026\/04\/WhatsApp-Image-2026-04-29-at-8.16.43-AM-768x442.jpeg 768w, https:\/\/prensa.sma.gob.ar\/wp-content\/uploads\/2026\/04\/WhatsApp-Image-2026-04-29-at-8.16.43-AM-730x420.jpeg 730w, https:\/\/prensa.sma.gob.ar\/wp-content\/uploads\/2026\/04\/WhatsApp-Image-2026-04-29-at-8.16.43-AM-696x400.jpeg 696w\" sizes=\"auto, (max-width: 953px) 100vw, 953px\" \/><\/figure>\n\n\n\n<figure class=\"wp-block-image size-large\"><img loading=\"lazy\" decoding=\"async\" width=\"1024\" height=\"682\" data-id=\"13685\" src=\"https:\/\/prensa.sma.gob.ar\/wp-content\/uploads\/2026\/04\/WhatsApp-Image-2026-04-28-at-9.09.39-PM-1-1024x682.jpeg\" alt=\"\" class=\"wp-image-13685\" srcset=\"https:\/\/prensa.sma.gob.ar\/wp-content\/uploads\/2026\/04\/WhatsApp-Image-2026-04-28-at-9.09.39-PM-1-1024x682.jpeg 1024w, https:\/\/prensa.sma.gob.ar\/wp-content\/uploads\/2026\/04\/WhatsApp-Image-2026-04-28-at-9.09.39-PM-1-300x200.jpeg 300w, https:\/\/prensa.sma.gob.ar\/wp-content\/uploads\/2026\/04\/WhatsApp-Image-2026-04-28-at-9.09.39-PM-1-768x512.jpeg 768w, https:\/\/prensa.sma.gob.ar\/wp-content\/uploads\/2026\/04\/WhatsApp-Image-2026-04-28-at-9.09.39-PM-1-1536x1023.jpeg 1536w, https:\/\/prensa.sma.gob.ar\/wp-content\/uploads\/2026\/04\/WhatsApp-Image-2026-04-28-at-9.09.39-PM-1-630x420.jpeg 630w, https:\/\/prensa.sma.gob.ar\/wp-content\/uploads\/2026\/04\/WhatsApp-Image-2026-04-28-at-9.09.39-PM-1-696x464.jpeg 696w, https:\/\/prensa.sma.gob.ar\/wp-content\/uploads\/2026\/04\/WhatsApp-Image-2026-04-28-at-9.09.39-PM-1-1068x712.jpeg 1068w, https:\/\/prensa.sma.gob.ar\/wp-content\/uploads\/2026\/04\/WhatsApp-Image-2026-04-28-at-9.09.39-PM-1.jpeg 1600w\" sizes=\"auto, (max-width: 1024px) 100vw, 1024px\" \/><\/figure>\n<\/figure>\n","protected":false},"excerpt":{"rendered":"<p>El intendente municipal, Carlos Saloniti, y otros mandatarios comunales firmaron convenios de colaboraci\u00f3n con el Gobierno provincial para facilitar la gesti\u00f3n de los tr\u00e1mites vinculados a los nuevos cr\u00e9ditos hipotecarios. La iniciativa, que busca fortalecer el rol de los gobiernos locales en el acompa\u00f1amiento a las familias que aspiran a un cr\u00e9dito hipotecario, forma parte [&hellip;]<\/p>\n","protected":false},"author":2,"featured_media":13690,"comment_status":"closed","ping_status":"open","sticky":false,"template":"","format":"standard","meta":{"footnotes":""},"categories":[16,14,17],"tags":[],"class_list":{"0":"post-13683","1":"post","2":"type-post","3":"status-publish","4":"format-standard","5":"has-post-thumbnail","7":"category-destacadas","8":"category-noticias","9":"category-portada"},"_links":{"self":[{"href":"https:\/\/prensa.sma.gob.ar\/index.php?rest_route=\/wp\/v2\/posts\/13683","targetHints":{"allow":["GET"]}}],"collection":[{"href":"https:\/\/prensa.sma.gob.ar\/index.php?rest_route=\/wp\/v2\/posts"}],"about":[{"href":"https:\/\/prensa.sma.gob.ar\/index.php?rest_route=\/wp\/v2\/types\/post"}],"author":[{"embeddable":true,"href":"https:\/\/prensa.sma.gob.ar\/index.php?rest_route=\/wp\/v2\/users\/2"}],"replies":[{"embeddable":true,"href":"https:\/\/prensa.sma.gob.ar\/index.php?rest_route=%2Fwp%2Fv2%2Fcomments&post=13683"}],"version-history":[{"count":3,"href":"https:\/\/prensa.sma.gob.ar\/index.php?rest_route=\/wp\/v2\/posts\/13683\/revisions"}],"predecessor-version":[{"id":13691,"href":"https:\/\/prensa.sma.gob.ar\/index.php?rest_route=\/wp\/v2\/posts\/13683\/revisions\/13691"}],"wp:featuredmedia":[{"embeddable":true,"href":"https:\/\/prensa.sma.gob.ar\/index.php?rest_route=\/wp\/v2\/media\/13690"}],"wp:attachment":[{"href":"https:\/\/prensa.sma.gob.ar\/index.php?rest_route=%2Fwp%2Fv2%2Fmedia&parent=13683"}],"wp:term":[{"taxonomy":"category","embeddable":true,"href":"https:\/\/prensa.sma.gob.ar\/index.php?rest_route=%2Fwp%2Fv2%2Fcategories&post=13683"},{"taxonomy":"post_tag","embeddable":true,"href":"https:\/\/prensa.sma.gob.ar\/index.php?rest_route=%2Fwp%2Fv2%2Ftags&post=13683"}],"curies":[{"name":"wp","href":"https:\/\/api.w.org\/{rel}","templated":true}]}}