{"id":13692,"date":"2026-04-29T14:37:28","date_gmt":"2026-04-29T14:37:28","guid":{"rendered":"https:\/\/prensa.sma.gob.ar\/?p=13692"},"modified":"2026-04-29T14:37:29","modified_gmt":"2026-04-29T14:37:29","slug":"cronograma-de-limpieza-entre-el-4-de-mayo-y-el-8-de-mayo-de-2026","status":"publish","type":"post","link":"https:\/\/prensa.sma.gob.ar\/?p=13692","title":{"rendered":"Cronograma de limpieza entre el 4 de mayo y el 8 de mayo de 2026"},"content":{"rendered":"\n<p>El \u00e1rea de Barrido y Limpieza informa el cronograma de trabajos en microbasurales y espacios comunes en los barrios.<\/p>\n\n\n\n<p><strong>Vega Maip\u00fa, Nahuilen, Ruca Hue, Cordones de Chapelco, Chacra 32, Chacra 30 y Chacra 28<\/strong><\/p>\n\n\n\n<p>Los trabajos, que se hacen con m\u00e1quina y cami\u00f3n, incluyen limpieza de basureros clandestinos y limpieza general de los barrios.<\/p>\n\n\n\n<p>El Municipio recuerda que el cronograma es rotativo semanalmente y abarca los diferentes barrios de nuestra ciudad.<\/p>\n\n\n\n<figure class=\"wp-block-gallery has-nested-images columns-default is-cropped wp-block-gallery-1 is-layout-flex wp-block-gallery-is-layout-flex\">\n<figure class=\"wp-block-image size-large\"><img loading=\"lazy\" decoding=\"async\" width=\"720\" height=\"637\" data-id=\"13694\" src=\"https:\/\/prensa.sma.gob.ar\/wp-content\/uploads\/2026\/04\/Microbasural-2.jpg\" alt=\"\" class=\"wp-image-13694\" srcset=\"https:\/\/prensa.sma.gob.ar\/wp-content\/uploads\/2026\/04\/Microbasural-2.jpg 720w, https:\/\/prensa.sma.gob.ar\/wp-content\/uploads\/2026\/04\/Microbasural-2-300x265.jpg 300w, https:\/\/prensa.sma.gob.ar\/wp-content\/uploads\/2026\/04\/Microbasural-2-475x420.jpg 475w, https:\/\/prensa.sma.gob.ar\/wp-content\/uploads\/2026\/04\/Microbasural-2-696x616.jpg 696w\" sizes=\"auto, (max-width: 720px) 100vw, 720px\" \/><\/figure>\n\n\n\n<figure class=\"wp-block-image size-large\"><img loading=\"lazy\" decoding=\"async\" width=\"576\" height=\"540\" data-id=\"13693\" src=\"https:\/\/prensa.sma.gob.ar\/wp-content\/uploads\/2026\/04\/Micro-basural-3.jpg\" alt=\"\" class=\"wp-image-13693\" srcset=\"https:\/\/prensa.sma.gob.ar\/wp-content\/uploads\/2026\/04\/Micro-basural-3.jpg 576w, https:\/\/prensa.sma.gob.ar\/wp-content\/uploads\/2026\/04\/Micro-basural-3-300x281.jpg 300w, https:\/\/prensa.sma.gob.ar\/wp-content\/uploads\/2026\/04\/Micro-basural-3-448x420.jpg 448w\" sizes=\"auto, (max-width: 576px) 100vw, 576px\" \/><\/figure>\n<\/figure>\n","protected":false},"excerpt":{"rendered":"<p>El \u00e1rea de Barrido y Limpieza informa el cronograma de trabajos en microbasurales y espacios comunes en los barrios. Vega Maip\u00fa, Nahuilen, Ruca Hue, Cordones de Chapelco, Chacra 32, Chacra 30 y Chacra 28 Los trabajos, que se hacen con m\u00e1quina y cami\u00f3n, incluyen limpieza de basureros clandestinos y limpieza general de los barrios. El [&hellip;]<\/p>\n","protected":false},"author":2,"featured_media":13695,"comment_status":"closed","ping_status":"open","sticky":false,"template":"","format":"standard","meta":{"footnotes":""},"categories":[16,14],"tags":[],"class_list":{"0":"post-13692","1":"post","2":"type-post","3":"status-publish","4":"format-standard","5":"has-post-thumbnail","7":"category-destacadas","8":"category-noticias"},"_links":{"self":[{"href":"https:\/\/prensa.sma.gob.ar\/index.php?rest_route=\/wp\/v2\/posts\/13692","targetHints":{"allow":["GET"]}}],"collection":[{"href":"https:\/\/prensa.sma.gob.ar\/index.php?rest_route=\/wp\/v2\/posts"}],"about":[{"href":"https:\/\/prensa.sma.gob.ar\/index.php?rest_route=\/wp\/v2\/types\/post"}],"author":[{"embeddable":true,"href":"https:\/\/prensa.sma.gob.ar\/index.php?rest_route=\/wp\/v2\/users\/2"}],"replies":[{"embeddable":true,"href":"https:\/\/prensa.sma.gob.ar\/index.php?rest_route=%2Fwp%2Fv2%2Fcomments&post=13692"}],"version-history":[{"count":1,"href":"https:\/\/prensa.sma.gob.ar\/index.php?rest_route=\/wp\/v2\/posts\/13692\/revisions"}],"predecessor-version":[{"id":13696,"href":"https:\/\/prensa.sma.gob.ar\/index.php?rest_route=\/wp\/v2\/posts\/13692\/revisions\/13696"}],"wp:featuredmedia":[{"embeddable":true,"href":"https:\/\/prensa.sma.gob.ar\/index.php?rest_route=\/wp\/v2\/media\/13695"}],"wp:attachment":[{"href":"https:\/\/prensa.sma.gob.ar\/index.php?rest_route=%2Fwp%2Fv2%2Fmedia&parent=13692"}],"wp:term":[{"taxonomy":"category","embeddable":true,"href":"https:\/\/prensa.sma.gob.ar\/index.php?rest_route=%2Fwp%2Fv2%2Fcategories&post=13692"},{"taxonomy":"post_tag","embeddable":true,"href":"https:\/\/prensa.sma.gob.ar\/index.php?rest_route=%2Fwp%2Fv2%2Ftags&post=13692"}],"curies":[{"name":"wp","href":"https:\/\/api.w.org\/{rel}","templated":true}]}}