{"id":13697,"date":"2026-04-29T22:35:25","date_gmt":"2026-04-29T22:35:25","guid":{"rendered":"https:\/\/prensa.sma.gob.ar\/?p=13697"},"modified":"2026-04-29T22:35:26","modified_gmt":"2026-04-29T22:35:26","slug":"despues-de-44-anos-estamos-muy-cerca-de-cumplir-el-sueno-del-ciart","status":"publish","type":"post","link":"https:\/\/prensa.sma.gob.ar\/?p=13697","title":{"rendered":"\u201cDespu\u00e9s de 44 a\u00f1os, estamos muy cerca de cumplir el sue\u00f1o del CIART\u201d"},"content":{"rendered":"\n<p>El intendente municipal, Carlos Saloniti, valor\u00f3 la adjudicaci\u00f3n de la construcci\u00f3n del nuevo edificio del Centro de Iniciaci\u00f3n Art\u00edstica N\u00b0 5 (CIART) de nuestra ciudad, y record\u00f3 que este establecimiento tiene m\u00e1s de 1.000 inscriptos este a\u00f1o.<\/p>\n\n\n\n<p>\u201cEl CIART N\u00b0 5 va a ser una realidad para San Mart\u00edn de los Andes. Tenemos m\u00e1s de 1.000 inscriptos este a\u00f1o y, despu\u00e9s de 44 a\u00f1os de funcionamiento, se va a cumplir el sue\u00f1o de tener nuestro edificio propio\u201d, se\u00f1al\u00f3 el jefe comunal, luego de reunirse con el gobernador de Neuqu\u00e9n, Rolando Figueroa.<\/p>\n\n\n\n<p>Saloniti agradeci\u00f3 este nuevo paso del gobierno de la provincia del Neuqu\u00e9n, que, a trav\u00e9s del ministerio de Infraestructura, adjudic\u00f3 la construcci\u00f3n del nuevo edificio del Centro de Iniciaci\u00f3n Art\u00edstica, una obra hist\u00f3rica para la comunidad educativa y cultural de San Mart\u00edn de los Andes.<\/p>\n\n\n\n<p>El CIART forma parte de una serie de convenios que firm\u00f3 esta semana el gobernador Rolando Figueroa para la ejecuci\u00f3n de infraestructura en la provincia, lo que permitir\u00e1 que en 30 d\u00edas se inicie la construcci\u00f3n de seis nuevas obras en distintas localidades.<\/p>\n\n\n\n<p>El gobernador Figueroa destac\u00f3 que \u201cen San Mart\u00edn de los Andes estamos llevando adelante la infraestructura que es necesaria para el desarrollo de la educaci\u00f3n\u201d y agreg\u00f3 que se trata de \u201cescuelas que hist\u00f3ricamente eran demandadas est\u00e1n todas en construcci\u00f3n\u201d.<\/p>\n\n\n\n<p>\u201cAntes de junio, si las condiciones clim\u00e1ticas lo permiten, vamos a avanzar tambi\u00e9n con esta obra. Lo importante es que lo estamos haciendo entre todos\u201d, afirm\u00f3 el mandatario provincial luego de sostener reuniones con intendentes de la provincia.<\/p>\n\n\n\n<p>La ministra de Infraestructura, Tanya Bertoldi, sostuvo que \u201cestamos llevando adelante un plan de infraestructura que nos permite poner en marcha obras de gran importancia en toda la provincia\u201d y agreg\u00f3 que \u201cavanzamos en saldar deudas hist\u00f3ricas y en acompa\u00f1ar el crecimiento de cada localidad, como en este caso\u201d.<\/p>\n\n\n\n<p>Esta obra es parte de la fuerte \u2013hist\u00f3rica- inversi\u00f3n del Estado provincial en edificios educativos de nuestra ciudad, que incluye el nuevo edificio del CPEM N\u00ba 96, el de la escuela Integral N\u00ba 3 y la ampliaci\u00f3n de la EPET N\u00ba 21 y la Escuela N\u00b0 313. Pr\u00f3ximamente se iniciar\u00e1 la construcci\u00f3n del nuevo edificio para el Centro de Formaci\u00f3n Profesional N\u00ba 19.<\/p>\n\n\n\n<p>El nuevo edificio del CIART N\u00ba 5 tendr\u00e1 una superficie de 1.050 metros cuadrados, con espacios destinados a talleres de danza y teatro, vestuarios, camarines y \u00e1reas para la ense\u00f1anza musical, incluyendo aulas y estudio de grabaci\u00f3n. La obra cuenta con un plazo de ejecuci\u00f3n de 12 meses y una inversi\u00f3n que supera los 4.100 millones de pesos.<\/p>\n\n\n\n<p>El nuevo edificio se emplazar\u00e1 en el sector de El Arenal, en un predio compartido con la Escuela de M\u00fasica, entre las calles Don Bosco, Bibliotecas Argentinas y la Ruta Provincial N\u00ba 40. La propuesta arquitect\u00f3nica prev\u00e9 el desarrollo de tres vol\u00famenes interconectados mediante una galer\u00eda, organizados en funci\u00f3n del plan de estudios y adaptados a las caracter\u00edsticas del terreno.<\/p>\n\n\n\n<p><strong>ALGUNAS CARACTER\u00cdSTICAS DEL CIART N\u00b0 5<\/strong><\/p>\n\n\n\n<p>El CIART de San Mart\u00edn de los Andes naci\u00f3 en 1982 y es parte del sistema de educaci\u00f3n p\u00fablica provincial.<\/p>\n\n\n\n<p>El proyecto de un edificio propio comenz\u00f3 en 2006.&nbsp;<\/p>\n\n\n\n<p>Actualmente, funciona en las instalaciones de una casa donada por una familia al Municipio. Adem\u00e1s, dicta talleres en el Centro de Desarrollo Infantil Pichi Rayen, en el barrio El Arenal.<\/p>\n\n\n\n<p>El CIART otorga de manera gratuita mil vacantes anuales a personas de diferentes edades y con unos 100 talleres de diversas orientaciones art\u00edsticas, en tres turnos.&nbsp;<\/p>\n\n\n\n<p>Ofrece talleres vocacionales organizados en las siguientes \u00c1reas:<\/p>\n\n\n\n<ol class=\"wp-block-list\">\n<li><strong>Artes Visuales<\/strong><\/li>\n\n\n\n<li><strong>Artes Esc\u00e9nicas y del Movimiento<\/strong><\/li>\n\n\n\n<li><strong>Artes de la M\u00fasica y el Sonido<\/strong><\/li>\n\n\n\n<li><strong>Artes del Fuego<\/strong><\/li>\n\n\n\n<li><strong>Artes Audiovisuales\u00a0<\/strong><\/li>\n\n\n\n<li><strong>Artes Literarias<\/strong><\/li>\n<\/ol>\n\n\n\n<p>En los \u00faltimos 15 a\u00f1os, triplic\u00f3 la matr\u00edcula.<\/p>\n\n\n\n<p>En 2010, asistieron 380 alumnos y alumnas repartidos en dos turnos. &nbsp;<\/p>\n\n\n\n<p>En 2016, hubo 545 alumnos y alumnas en tres turnos.<\/p>\n\n\n\n<p>En 2018, participaron 950 personas (se recibieron 1200 solicitudes de vacante)<\/p>\n\n\n\n<p>En 2026, asisten 1050 alumnos y alumnas en 3 turnos (se recibieron m\u00e1s de 1400 solicitudes de vacante)<\/p>\n\n\n\n<p>El equipo de trabajo est\u00e1 formado por 35 docentes, equipo directivo y administrativo de 4 personas y 6 auxiliares de servicio.<\/p>\n\n\n\n<p>Se relaciona de manera permanente con otras instituciones y organizaciones, ofreciendo formaci\u00f3n art\u00edstica y atendiendo a la diversidad de la poblaci\u00f3n.&nbsp;<\/p>\n\n\n\n<p>Adem\u00e1s, se vincula con otras organizaciones e instituciones de la localidad, tanto municipales como provinciales y no gubernamentales.<\/p>\n\n\n\n<ul class=\"wp-block-list\">\n<li>Hospital Ram\u00f3n Carrillo, \u00e1rea de Psico social y otras \u00e1reas.<\/li>\n\n\n\n<li>Escuela Especial N\u00b0 8<\/li>\n\n\n\n<li>Escuela Especial Integral N\u00b03<\/li>\n\n\n\n<li>Epa N\u00b010<\/li>\n\n\n\n<li>Escuela N\u00b0161 Paila Menuco<\/li>\n\n\n\n<li>Mesa pol\u00edtica por infancia, adolescencia y familia (confirmar bien el nombre)<\/li>\n\n\n\n<li>Biblioteca 4 de Febrero<\/li>\n\n\n\n<li>Asociaci\u00f3n Civil Puentes de Luz<\/li>\n\n\n\n<li>CIC (Centro de Integraci\u00f3n Comunitaria)<\/li>\n\n\n\n<li>Colectivos Art\u00edsticos\u00a0<\/li>\n\n\n\n<li>Escuelas Primarias<\/li>\n\n\n\n<li>Escuela Superior de M\u00fasica<\/li>\n\n\n\n<li>Fiestas populares organizadas desde la comunidad<\/li>\n\n\n\n<li>Profesionales del Arte y Capacitadores.<\/li>\n\n\n\n<li>Orquestas infanto juveniles<\/li>\n<\/ul>\n","protected":false},"excerpt":{"rendered":"<p>El intendente municipal, Carlos Saloniti, valor\u00f3 la adjudicaci\u00f3n de la construcci\u00f3n del nuevo edificio del Centro de Iniciaci\u00f3n Art\u00edstica N\u00b0 5 (CIART) de nuestra ciudad, y record\u00f3 que este establecimiento tiene m\u00e1s de 1.000 inscriptos este a\u00f1o. \u201cEl CIART N\u00b0 5 va a ser una realidad para San Mart\u00edn de los Andes. Tenemos m\u00e1s de [&hellip;]<\/p>\n","protected":false},"author":2,"featured_media":13698,"comment_status":"closed","ping_status":"open","sticky":false,"template":"","format":"standard","meta":{"footnotes":""},"categories":[16,14,17],"tags":[],"class_list":{"0":"post-13697","1":"post","2":"type-post","3":"status-publish","4":"format-standard","5":"has-post-thumbnail","7":"category-destacadas","8":"category-noticias","9":"category-portada"},"_links":{"self":[{"href":"https:\/\/prensa.sma.gob.ar\/index.php?rest_route=\/wp\/v2\/posts\/13697","targetHints":{"allow":["GET"]}}],"collection":[{"href":"https:\/\/prensa.sma.gob.ar\/index.php?rest_route=\/wp\/v2\/posts"}],"about":[{"href":"https:\/\/prensa.sma.gob.ar\/index.php?rest_route=\/wp\/v2\/types\/post"}],"author":[{"embeddable":true,"href":"https:\/\/prensa.sma.gob.ar\/index.php?rest_route=\/wp\/v2\/users\/2"}],"replies":[{"embeddable":true,"href":"https:\/\/prensa.sma.gob.ar\/index.php?rest_route=%2Fwp%2Fv2%2Fcomments&post=13697"}],"version-history":[{"count":1,"href":"https:\/\/prensa.sma.gob.ar\/index.php?rest_route=\/wp\/v2\/posts\/13697\/revisions"}],"predecessor-version":[{"id":13699,"href":"https:\/\/prensa.sma.gob.ar\/index.php?rest_route=\/wp\/v2\/posts\/13697\/revisions\/13699"}],"wp:featuredmedia":[{"embeddable":true,"href":"https:\/\/prensa.sma.gob.ar\/index.php?rest_route=\/wp\/v2\/media\/13698"}],"wp:attachment":[{"href":"https:\/\/prensa.sma.gob.ar\/index.php?rest_route=%2Fwp%2Fv2%2Fmedia&parent=13697"}],"wp:term":[{"taxonomy":"category","embeddable":true,"href":"https:\/\/prensa.sma.gob.ar\/index.php?rest_route=%2Fwp%2Fv2%2Fcategories&post=13697"},{"taxonomy":"post_tag","embeddable":true,"href":"https:\/\/prensa.sma.gob.ar\/index.php?rest_route=%2Fwp%2Fv2%2Ftags&post=13697"}],"curies":[{"name":"wp","href":"https:\/\/api.w.org\/{rel}","templated":true}]}}