{"id":13702,"date":"2026-04-30T23:44:52","date_gmt":"2026-04-30T23:44:52","guid":{"rendered":"https:\/\/prensa.sma.gob.ar\/?p=13702"},"modified":"2026-04-30T23:44:52","modified_gmt":"2026-04-30T23:44:52","slug":"con-el-nuevo-desfibrilador-la-terminal-de-omnibus-tambien-es-zona-cardioprotegida","status":"publish","type":"post","link":"https:\/\/prensa.sma.gob.ar\/?p=13702","title":{"rendered":"Con el nuevo desfibrilador, la Terminal de \u00d3mnibus tambi\u00e9n es Zona Cardioprotegida"},"content":{"rendered":"\n<p>El Municipio, a trav\u00e9s del \u00e1rea de Seguridad e Higiene, dependiente de la Direcci\u00f3n de Recursos Humanos, gestion\u00f3 la adquisici\u00f3n e instalaci\u00f3n, este jueves, de un Desfibrilador Externo Autom\u00e1tico (DEA) en la Terminal de \u00d3mnibus.<\/p>\n\n\n\n<p>Estos dispositivos tienen como objetivo reducir la morbimortalidad s\u00fabita de origen cardiovascular, beneficiando tanto a los usuarios del transporte urbano, interurbano y de larga distancia como tambi\u00e9n a empleados de la terminal y a trabajadores municipales de las dependencias que funcionan all\u00ed.<\/p>\n\n\n\n<p>La compra e instalaci\u00f3n se realiz\u00f3, adem\u00e1s, en cumplimiento de la Ley Provincial N.\u00ba 3071 \u201cMuerte S\u00fabita \u2013 Sistema de Prevenci\u00f3n Integral\u201d y la Ordenanza N.\u00ba 13.327\/2021.<\/p>\n\n\n\n<p>El DEA es un dispositivo m\u00e9dico port\u00e1til que permite brindar asistencia inmediata a una persona que sufre un paro card\u00edaco, aplicando una descarga el\u00e9ctrica capaz de restablecer el ritmo card\u00edaco normal.<\/p>\n\n\n\n<p>Actualmente ya cuentan con DEA:<\/p>\n\n\n\n<p><strong>El Palacio Municipal<\/strong><\/p>\n\n\n\n<p><strong>La Direcci\u00f3n de Protecci\u00f3n Civil<\/strong><\/p>\n\n\n\n<p><strong>La Terminal de \u00d3mnibus<\/strong><\/p>\n\n\n\n<p>El Municipio, a trav\u00e9s de Seguridad e Higiene, contin\u00faa fortaleciendo una ciudad cardioprotegida, apostando a la prevenci\u00f3n y al cuidado de todos y todas.<\/p>\n","protected":false},"excerpt":{"rendered":"<p>El Municipio, a trav\u00e9s del \u00e1rea de Seguridad e Higiene, dependiente de la Direcci\u00f3n de Recursos Humanos, gestion\u00f3 la adquisici\u00f3n e instalaci\u00f3n, este jueves, de un Desfibrilador Externo Autom\u00e1tico (DEA) en la Terminal de \u00d3mnibus. Estos dispositivos tienen como objetivo reducir la morbimortalidad s\u00fabita de origen cardiovascular, beneficiando tanto a los usuarios del transporte urbano, [&hellip;]<\/p>\n","protected":false},"author":2,"featured_media":13703,"comment_status":"closed","ping_status":"open","sticky":false,"template":"","format":"standard","meta":{"footnotes":""},"categories":[16,11,14,34],"tags":[],"class_list":{"0":"post-13702","1":"post","2":"type-post","3":"status-publish","4":"format-standard","5":"has-post-thumbnail","7":"category-destacadas","8":"category-gobierno","9":"category-noticias","10":"category-recursos-humanos"},"_links":{"self":[{"href":"https:\/\/prensa.sma.gob.ar\/index.php?rest_route=\/wp\/v2\/posts\/13702","targetHints":{"allow":["GET"]}}],"collection":[{"href":"https:\/\/prensa.sma.gob.ar\/index.php?rest_route=\/wp\/v2\/posts"}],"about":[{"href":"https:\/\/prensa.sma.gob.ar\/index.php?rest_route=\/wp\/v2\/types\/post"}],"author":[{"embeddable":true,"href":"https:\/\/prensa.sma.gob.ar\/index.php?rest_route=\/wp\/v2\/users\/2"}],"replies":[{"embeddable":true,"href":"https:\/\/prensa.sma.gob.ar\/index.php?rest_route=%2Fwp%2Fv2%2Fcomments&post=13702"}],"version-history":[{"count":1,"href":"https:\/\/prensa.sma.gob.ar\/index.php?rest_route=\/wp\/v2\/posts\/13702\/revisions"}],"predecessor-version":[{"id":13704,"href":"https:\/\/prensa.sma.gob.ar\/index.php?rest_route=\/wp\/v2\/posts\/13702\/revisions\/13704"}],"wp:featuredmedia":[{"embeddable":true,"href":"https:\/\/prensa.sma.gob.ar\/index.php?rest_route=\/wp\/v2\/media\/13703"}],"wp:attachment":[{"href":"https:\/\/prensa.sma.gob.ar\/index.php?rest_route=%2Fwp%2Fv2%2Fmedia&parent=13702"}],"wp:term":[{"taxonomy":"category","embeddable":true,"href":"https:\/\/prensa.sma.gob.ar\/index.php?rest_route=%2Fwp%2Fv2%2Fcategories&post=13702"},{"taxonomy":"post_tag","embeddable":true,"href":"https:\/\/prensa.sma.gob.ar\/index.php?rest_route=%2Fwp%2Fv2%2Ftags&post=13702"}],"curies":[{"name":"wp","href":"https:\/\/api.w.org\/{rel}","templated":true}]}}