{"id":1545,"date":"2024-08-19T00:05:05","date_gmt":"2024-08-19T00:05:05","guid":{"rendered":"https:\/\/prensa.sma.gob.ar\/?p=1545"},"modified":"2024-08-21T11:46:42","modified_gmt":"2024-08-21T11:46:42","slug":"se-realizara-el-sorteo-de-12-lotes-para-personal-de-salud-policia-y-bomberos","status":"publish","type":"post","link":"https:\/\/prensa.sma.gob.ar\/?p=1545","title":{"rendered":"Se realizar\u00e1 el sorteo de doce lotes para personal de salud, polic\u00eda y bomberos"},"content":{"rendered":"\n<p>El pr\u00f3ximo mi\u00e9rcoles 21 se llevar\u00e1 a cabo el sorteo de 12 soluciones habitacionales Chacra 28 para el personal de Salud, personal de la Polic\u00eda Provincial y de Bomberos Voluntarios, con residencia en nuestra ciudad.<\/p>\n\n\n\n<p>El sorteo se realizar\u00e1 en el marco de la Ordenanza N\u00b0 14.399\/23 y se llevar\u00e1 a cabo el mi\u00e9rcoles 21 de agosto de 2024, a las 9:00hs, en el Sal\u00f3n Municipal, ante escribana p\u00fablica y con transmisi\u00f3n en directo.<\/p>\n\n\n\n<p>El\u00a0 intendente municipal, Carlos Saloniti, y el Instituto de Vivienda y H\u00e1bitat del Municipio, invitan a este sorteo que, adem\u00e1s, se podr\u00e1 seguir en directo a trav\u00e9s de <em>streaming<\/em> y de <a href=\"https:\/\/sanmartininformaradio879.com\/\"><strong>Radio Municipal<\/strong><\/a>, FM 87.9.<\/p>\n\n\n\n<p>La directora de Vivienda y H\u00e1bitat, Carolina Amaya, inform\u00f3 que este sorteo completa las 24 soluciones habitacionales localizadas en Chacra 28, tal como consigna la ordenanza mencionada, que dispone asignarle cuatro lotes al personal de salud, cuatro a Bomberos Voluntarios y cuatro a la Polic\u00eda del Neuqu\u00e9n.<\/p>\n\n\n\n<p>Los listados de los postulantes \u2013cada uno de los cuales tiene asignado un n\u00famero de orden- podr\u00e1n consultarse en las tres instituciones mencionadas. Tambi\u00e9n se dispondr\u00e1n en el Palacio Municipal, Delegaciones Municipales, en el Instituto de Vivienda y H\u00e1bitat y al pi\u00e9 de este art\u00edculo.<\/p>\n\n\n\n<figure class=\"wp-block-gallery has-nested-images columns-default is-cropped wp-block-gallery-1 is-layout-flex wp-block-gallery-is-layout-flex\">\n<figure class=\"wp-block-image size-large\"><img loading=\"lazy\" decoding=\"async\" width=\"1024\" height=\"589\" data-id=\"1547\" src=\"https:\/\/prensa.sma.gob.ar\/wp-content\/uploads\/2024\/08\/WhatsApp-Image-2024-08-13-at-15.46.591-1024x589.jpeg\" alt=\"\" class=\"wp-image-1547\" srcset=\"https:\/\/prensa.sma.gob.ar\/wp-content\/uploads\/2024\/08\/WhatsApp-Image-2024-08-13-at-15.46.591-1024x589.jpeg 1024w, https:\/\/prensa.sma.gob.ar\/wp-content\/uploads\/2024\/08\/WhatsApp-Image-2024-08-13-at-15.46.591-300x173.jpeg 300w, https:\/\/prensa.sma.gob.ar\/wp-content\/uploads\/2024\/08\/WhatsApp-Image-2024-08-13-at-15.46.591-768x442.jpeg 768w, https:\/\/prensa.sma.gob.ar\/wp-content\/uploads\/2024\/08\/WhatsApp-Image-2024-08-13-at-15.46.591-1536x883.jpeg 1536w, https:\/\/prensa.sma.gob.ar\/wp-content\/uploads\/2024\/08\/WhatsApp-Image-2024-08-13-at-15.46.591-730x420.jpeg 730w, https:\/\/prensa.sma.gob.ar\/wp-content\/uploads\/2024\/08\/WhatsApp-Image-2024-08-13-at-15.46.591-696x400.jpeg 696w, https:\/\/prensa.sma.gob.ar\/wp-content\/uploads\/2024\/08\/WhatsApp-Image-2024-08-13-at-15.46.591-1068x614.jpeg 1068w, https:\/\/prensa.sma.gob.ar\/wp-content\/uploads\/2024\/08\/WhatsApp-Image-2024-08-13-at-15.46.591.jpeg 1600w\" sizes=\"auto, (max-width: 1024px) 100vw, 1024px\" \/><\/figure>\n<\/figure>\n\n\n\n<p>Amaya explic\u00f3 que, en los \u00faltimos meses, \u201chemos trabajado con las tres instituciones, Salud, Bomberos y Polic\u00eda, y ellas confeccionaron en sus respectivos \u00e1mbitos la convocatoria, la inscripci\u00f3n en el registro y la actualizaci\u00f3n de datos de su personal\u201d.<\/p>\n\n\n\n<p>\u201cLas metodolog\u00eda del sorteo es con la escribana p\u00fablica Laura Franco. Vamos a sortear en el orden que la ordenanza citada avala el procedimiento: vamos a trabajar con el sorteo a los cuatro titulares y luego los cuatro suplentes, con cada una de las tres instituciones\u201d, detall\u00f3.<\/p>\n\n\n\n<p>Agreg\u00f3 que, \u201cluego de eso, como sucede con cado sorteo, se inicia un per\u00edodo de impugnaci\u00f3n y, luego, avanzaremos con los pre adjudicatarios en encuentros con las familias, de la misma manera que vamos a hacer pr\u00f3ximamente con los pre adjudicatarios de los 212 lotes sorteados en marzo\u201d.<\/p>\n\n\n\n<div data-wp-interactive=\"core\/file\" class=\"wp-block-file\"><object data-wp-bind--hidden=\"!state.hasPdfPreview\" hidden class=\"wp-block-file__embed\" data=\"https:\/\/prensa.sma.gob.ar\/wp-content\/uploads\/2024\/08\/GRUPO-12-PERSONAL-DE-LA-POLICIA.pdf\" type=\"application\/pdf\" style=\"width:100%;height:600px\" aria-label=\"Incrustado de GRUPO 12 - PERSONAL DE LA POLICIA.\"><\/object><a id=\"wp-block-file--media-ad180e0e-6a9a-4ddd-a1eb-046afddc4131\" href=\"https:\/\/prensa.sma.gob.ar\/wp-content\/uploads\/2024\/08\/GRUPO-12-PERSONAL-DE-LA-POLICIA.pdf\">GRUPO 12 &#8211; PERSONAL DE LA POLICIA<\/a><a href=\"https:\/\/prensa.sma.gob.ar\/wp-content\/uploads\/2024\/08\/GRUPO-12-PERSONAL-DE-LA-POLICIA.pdf\" class=\"wp-block-file__button wp-element-button\" download aria-describedby=\"wp-block-file--media-ad180e0e-6a9a-4ddd-a1eb-046afddc4131\">Descarga<\/a><\/div>\n\n\n\n<div data-wp-interactive=\"core\/file\" class=\"wp-block-file\"><object data-wp-bind--hidden=\"!state.hasPdfPreview\" hidden class=\"wp-block-file__embed\" data=\"https:\/\/prensa.sma.gob.ar\/wp-content\/uploads\/2024\/08\/GRUPO-11-PERSONAL-DE-SALUD.pdf\" type=\"application\/pdf\" style=\"width:100%;height:600px\" aria-label=\"Incrustado de GRUPO 11 - PERSONAL DE SALUD.\"><\/object><a id=\"wp-block-file--media-ff975ce0-4451-4950-a085-ca9024363d32\" href=\"https:\/\/prensa.sma.gob.ar\/wp-content\/uploads\/2024\/08\/GRUPO-11-PERSONAL-DE-SALUD.pdf\">GRUPO 11 &#8211; PERSONAL DE SALUD<\/a><a href=\"https:\/\/prensa.sma.gob.ar\/wp-content\/uploads\/2024\/08\/GRUPO-11-PERSONAL-DE-SALUD.pdf\" class=\"wp-block-file__button wp-element-button\" download aria-describedby=\"wp-block-file--media-ff975ce0-4451-4950-a085-ca9024363d32\">Descarga<\/a><\/div>\n\n\n\n<div data-wp-interactive=\"core\/file\" class=\"wp-block-file\"><object data-wp-bind--hidden=\"!state.hasPdfPreview\" hidden class=\"wp-block-file__embed\" data=\"https:\/\/prensa.sma.gob.ar\/wp-content\/uploads\/2024\/08\/GRUPO-10-BOMBEROS-VOLUNTARIO-1.pdf\" type=\"application\/pdf\" style=\"width:100%;height:600px\" aria-label=\"Incrustado de GRUPO 10 - BOMBEROS VOLUNTARIO (1).\"><\/object><a id=\"wp-block-file--media-5ef694c6-b848-4b14-94b3-ec4ce2cf3641\" href=\"https:\/\/prensa.sma.gob.ar\/wp-content\/uploads\/2024\/08\/GRUPO-10-BOMBEROS-VOLUNTARIO-1.pdf\">GRUPO 10 &#8211; BOMBEROS VOLUNTARIO (1)<\/a><a href=\"https:\/\/prensa.sma.gob.ar\/wp-content\/uploads\/2024\/08\/GRUPO-10-BOMBEROS-VOLUNTARIO-1.pdf\" class=\"wp-block-file__button wp-element-button\" download aria-describedby=\"wp-block-file--media-5ef694c6-b848-4b14-94b3-ec4ce2cf3641\">Descarga<\/a><\/div>\n","protected":false},"excerpt":{"rendered":"<p>El pr\u00f3ximo mi\u00e9rcoles 21 se llevar\u00e1 a cabo el sorteo de 12 soluciones habitacionales Chacra 28 para el personal de Salud, personal de la Polic\u00eda Provincial y de Bomberos Voluntarios, con residencia en nuestra ciudad. El sorteo se realizar\u00e1 en el marco de la Ordenanza N\u00b0 14.399\/23 y se llevar\u00e1 a cabo el mi\u00e9rcoles 21 [&hellip;]<\/p>\n","protected":false},"author":2,"featured_media":1546,"comment_status":"closed","ping_status":"open","sticky":false,"template":"","format":"standard","meta":{"footnotes":""},"categories":[16,14,17,37],"tags":[],"class_list":{"0":"post-1545","1":"post","2":"type-post","3":"status-publish","4":"format-standard","5":"has-post-thumbnail","7":"category-destacadas","8":"category-noticias","9":"category-portada","10":"category-vivienda"},"_links":{"self":[{"href":"https:\/\/prensa.sma.gob.ar\/index.php?rest_route=\/wp\/v2\/posts\/1545","targetHints":{"allow":["GET"]}}],"collection":[{"href":"https:\/\/prensa.sma.gob.ar\/index.php?rest_route=\/wp\/v2\/posts"}],"about":[{"href":"https:\/\/prensa.sma.gob.ar\/index.php?rest_route=\/wp\/v2\/types\/post"}],"author":[{"embeddable":true,"href":"https:\/\/prensa.sma.gob.ar\/index.php?rest_route=\/wp\/v2\/users\/2"}],"replies":[{"embeddable":true,"href":"https:\/\/prensa.sma.gob.ar\/index.php?rest_route=%2Fwp%2Fv2%2Fcomments&post=1545"}],"version-history":[{"count":3,"href":"https:\/\/prensa.sma.gob.ar\/index.php?rest_route=\/wp\/v2\/posts\/1545\/revisions"}],"predecessor-version":[{"id":1554,"href":"https:\/\/prensa.sma.gob.ar\/index.php?rest_route=\/wp\/v2\/posts\/1545\/revisions\/1554"}],"wp:featuredmedia":[{"embeddable":true,"href":"https:\/\/prensa.sma.gob.ar\/index.php?rest_route=\/wp\/v2\/media\/1546"}],"wp:attachment":[{"href":"https:\/\/prensa.sma.gob.ar\/index.php?rest_route=%2Fwp%2Fv2%2Fmedia&parent=1545"}],"wp:term":[{"taxonomy":"category","embeddable":true,"href":"https:\/\/prensa.sma.gob.ar\/index.php?rest_route=%2Fwp%2Fv2%2Fcategories&post=1545"},{"taxonomy":"post_tag","embeddable":true,"href":"https:\/\/prensa.sma.gob.ar\/index.php?rest_route=%2Fwp%2Fv2%2Ftags&post=1545"}],"curies":[{"name":"wp","href":"https:\/\/api.w.org\/{rel}","templated":true}]}}