{"id":16177,"date":"2026-09-01T12:20:18","date_gmt":"2026-09-01T12:20:18","guid":{"rendered":"https:\/\/prensa.sma.gob.ar\/?p=16177"},"modified":"2026-09-01T12:27:45","modified_gmt":"2026-09-01T12:27:45","slug":"rigen-desde-este-1-de-septiembre-las-nuevas-medidas-de-alivio-fiscal","status":"publish","type":"post","link":"https:\/\/prensa.sma.gob.ar\/?p=16177","title":{"rendered":"Rigen desde este 1 de septiembre las nuevas medidas de alivio fiscal"},"content":{"rendered":"\n<p class=\"wp-block-paragraph\">El Ejecutivo Municipal promulg\u00f3 las dos ordenanzas que generan alivio fiscal en la poblaci\u00f3n, tanto dentro del Plan de Regularizaci\u00f3n de Deudas Municipales como la destinadas a aliviar la situaci\u00f3n econ\u00f3mica del sector comercial. Ambas normas rigen desde este martes hasta el pr\u00f3ximo 30 de septiembre.<\/p>\n\n\n\n<p class=\"wp-block-paragraph\">En lo que hace espec\u00edficamente al \u00e1mbito comercial, la Ordenanza N\u00b0 15.714\/26, aprobada por el Concejo Deliberante y promulgada este lunes por el Ejecutivo Municipal, <strong>incluye una reducci\u00f3n del 35% en todas las categor\u00edas de la tasa de Comercio<\/strong>.<\/p>\n\n\n\n<p class=\"wp-block-paragraph\">En sus fundamentos, la norma menciona que, en funci\u00f3n del \u201ccontexto econ\u00f3mico actual y sumado a la temporada invernal del a\u00f1o 2025, la actividad comercial se ha visto contra\u00edda\u201d.<\/p>\n\n\n\n<p class=\"wp-block-paragraph\">\u201cTanto el Departamento Ejecutivo como el Departamento Legislativo han recibido a las C\u00e1maras de Comercio, Industria y Turismo de San Mart\u00edn de los Andes, Asociaci\u00f3n Gastron\u00f3mica Hotelera de San Mart\u00edn de los Andes y Asociaci\u00f3n de Agencias de Viajes y Turismo de San Mart\u00edn de los Andes han manifestado su preocupaci\u00f3n no s\u00f3lo por las deudas acumuladas sino tambi\u00e9n por la incertidumbre de lo que viene\u201d, explica.<\/p>\n\n\n\n<p class=\"wp-block-paragraph\">\u201cExiste una voluntad de dar respuesta a dichas demandas, otorgando una reducci\u00f3n para los meses que quedan de este a\u00f1o, de un 35%\u201d, se\u00f1ala.<\/p>\n\n\n\n<p class=\"wp-block-paragraph\">La Ordenanza N\u00b0 15.713\/26 establece el Plan de Regularizaci\u00f3n de Deudas Municipales a favor de los contribuyentes que posean deudas municipales de cualquier naturaleza, incluso aquellas que hayan sido objeto de intimaci\u00f3n o ejecuci\u00f3n judicial.<\/p>\n\n\n\n<p class=\"wp-block-paragraph\">La normativa se\u00f1ala que los acogimientos al presente Plan de Regularizaci\u00f3n de Deudas, respecto de deuda municipales efectuados por los contribuyentes, est\u00e1n establecidos de acuerdo a los siguientes \u00edtems:<\/p>\n\n\n\n<p class=\"wp-block-paragraph\"><strong>100% de quita de intereses en hasta tres (3) pagos en deudas por todo concepto de hasta $30.000.000 (pesos treinta millones).<\/strong><\/p>\n\n\n\n<ol style=\"list-style-type:lower-alpha\" class=\"wp-block-list\"><\/ol>\n\n\n\n<p class=\"wp-block-paragraph\"><strong>50% de quita de intereses en hasta seis (6) pagos en deudas por todo concepto de hasta $30.000.000 (pesos treinta millones).<\/strong><\/p>\n\n\n\n<p class=\"wp-block-paragraph\"><strong>50% de quita de intereses en hasta tres (3) pagos en deudas por todo concepto mayores a $30.000.000 (pesos treinta millones).<\/strong><\/p>\n\n\n\n<p class=\"wp-block-paragraph\"><strong>25% de quita de intereses en hasta seis (6) pagos en deudas por todo concepto mayores a $30.000.000 (pesos treinta millones)<\/strong><\/p>\n\n\n\n<p class=\"wp-block-paragraph\">\u201cPara todos los casos, el c\u00e1lculo de los intereses punitorios y compensatorios ser\u00e1n aplicados seg\u00fan la normativa tributaria vigente devengados al d\u00eda de la suscripci\u00f3n del plan de pago\u201d, se\u00f1ala la normativa.<\/p>\n\n\n\n<p class=\"wp-block-paragraph\">El Art\u00edculo 3\u00ba establece que \u201cel saldo pendiente de pago, constituir\u00e1 nueva deuda fiscal y devengar\u00e1 intereses desde el d\u00eda siguiente al considerado para determinar la deuda que dio origen al plan de facilidades, y hasta el de su inclusi\u00f3n en este nuevo acogimiento\u201d.<\/p>\n\n\n\n<p class=\"wp-block-paragraph\">Las iniciativas surgieron en un contexto de preocupaci\u00f3n por la situaci\u00f3n econ\u00f3mica del comercio local, particularmente afectado por el comportamiento del turismo interno y una temporada que no alcanz\u00f3 las expectativas del sector.<\/p>\n\n\n\n<p class=\"wp-block-paragraph\">La discusi\u00f3n sobre la tasa de Comercio se inici\u00f3 a partir de planteos realizados por la C\u00e1mara de Comercio y deriv\u00f3 en una agenda de trabajo entre representantes del sector, el Ejecutivo municipal y los distintos bloques del Concejo Deliberante.<\/p>\n\n\n\n<p class=\"wp-block-paragraph\">El secretario de Gobierno del Municipio, Mat\u00edas Consoli, se\u00f1al\u00f3 que las medidas aprobadas buscan un alivio inmediato al sector comercial, como resultado de varias reuniones de representantes de Comercio y de Turismo con funcionarios del Ejecutivo y con concejales (fotos de una reuni\u00f3n en julio, en el Sal\u00f3n Municipal).<\/p>\n\n\n\n<p class=\"wp-block-paragraph\">\u201cEllos plantearon que la temporada no fue buena; analizaron el mundial, que la nevada llego m\u00e1s tarde y el contexto nacional e internacional, con un d\u00f3lar que no nos hace competitivos donde, el que puede, viaja al exterior\u201d, resumi\u00f3 Consoli, luego de las reuniones<\/p>\n\n\n\n<p class=\"wp-block-paragraph\">\u201cDespu\u00e9s de esas reuniones, se presentaron proyectos de ordenanza y, en base a eso, se trabaj\u00f3 en comisi\u00f3n para generar este paquete de alivio fiscal. Con los concejales entendimos que hay que dar una mano en una temporada que no fue la esperada, donde las ventas cayeron\u201d, se\u00f1al\u00f3.<\/p>\n\n\n\n<p class=\"wp-block-paragraph\">Tambi\u00e9n afirm\u00f3 que \u201ctenemos aproximadamente 1800 habilitaciones comerciales, y hay un grupo de comerciantes que fue escuchados, atr\u00e1s hay un mont\u00f3n de familias\u201d y sostuvo que \u201ces una ayuda desde el Municipio, lo que no podemos cambiar es la situaci\u00f3n nacional que tambi\u00e9n condiciona el movimiento comercial\u201d.<\/p>\n\n\n\n<figure class=\"wp-block-gallery has-nested-images columns-default is-cropped wp-block-gallery-1 is-layout-flex wp-block-gallery-is-layout-flex\">\n<figure class=\"wp-block-image size-large\"><img loading=\"lazy\" decoding=\"async\" width=\"1024\" height=\"576\" data-id=\"16179\" src=\"https:\/\/prensa.sma.gob.ar\/wp-content\/uploads\/2026\/09\/WhatsApp-Image-2026-09-01-at-8.50.18-AM1-1024x576.jpeg\" alt=\"\" class=\"wp-image-16179\" srcset=\"https:\/\/prensa.sma.gob.ar\/wp-content\/uploads\/2026\/09\/WhatsApp-Image-2026-09-01-at-8.50.18-AM1-1024x576.jpeg 1024w, https:\/\/prensa.sma.gob.ar\/wp-content\/uploads\/2026\/09\/WhatsApp-Image-2026-09-01-at-8.50.18-AM1-300x169.jpeg 300w, https:\/\/prensa.sma.gob.ar\/wp-content\/uploads\/2026\/09\/WhatsApp-Image-2026-09-01-at-8.50.18-AM1-768x432.jpeg 768w, https:\/\/prensa.sma.gob.ar\/wp-content\/uploads\/2026\/09\/WhatsApp-Image-2026-09-01-at-8.50.18-AM1-1536x864.jpeg 1536w, https:\/\/prensa.sma.gob.ar\/wp-content\/uploads\/2026\/09\/WhatsApp-Image-2026-09-01-at-8.50.18-AM1-747x420.jpeg 747w, https:\/\/prensa.sma.gob.ar\/wp-content\/uploads\/2026\/09\/WhatsApp-Image-2026-09-01-at-8.50.18-AM1-696x392.jpeg 696w, https:\/\/prensa.sma.gob.ar\/wp-content\/uploads\/2026\/09\/WhatsApp-Image-2026-09-01-at-8.50.18-AM1-1068x601.jpeg 1068w, https:\/\/prensa.sma.gob.ar\/wp-content\/uploads\/2026\/09\/WhatsApp-Image-2026-09-01-at-8.50.18-AM1.jpeg 1600w\" sizes=\"auto, (max-width: 1024px) 100vw, 1024px\" \/><\/figure>\n\n\n\n<figure class=\"wp-block-image size-large\"><img loading=\"lazy\" decoding=\"async\" width=\"1024\" height=\"576\" data-id=\"16181\" src=\"https:\/\/prensa.sma.gob.ar\/wp-content\/uploads\/2026\/09\/WhatsApp-Image-2026-09-01-at-8.50.17-AM-1024x576.jpeg\" alt=\"\" class=\"wp-image-16181\" srcset=\"https:\/\/prensa.sma.gob.ar\/wp-content\/uploads\/2026\/09\/WhatsApp-Image-2026-09-01-at-8.50.17-AM-1024x576.jpeg 1024w, https:\/\/prensa.sma.gob.ar\/wp-content\/uploads\/2026\/09\/WhatsApp-Image-2026-09-01-at-8.50.17-AM-300x169.jpeg 300w, https:\/\/prensa.sma.gob.ar\/wp-content\/uploads\/2026\/09\/WhatsApp-Image-2026-09-01-at-8.50.17-AM-768x432.jpeg 768w, https:\/\/prensa.sma.gob.ar\/wp-content\/uploads\/2026\/09\/WhatsApp-Image-2026-09-01-at-8.50.17-AM-1536x864.jpeg 1536w, https:\/\/prensa.sma.gob.ar\/wp-content\/uploads\/2026\/09\/WhatsApp-Image-2026-09-01-at-8.50.17-AM-747x420.jpeg 747w, https:\/\/prensa.sma.gob.ar\/wp-content\/uploads\/2026\/09\/WhatsApp-Image-2026-09-01-at-8.50.17-AM-696x392.jpeg 696w, https:\/\/prensa.sma.gob.ar\/wp-content\/uploads\/2026\/09\/WhatsApp-Image-2026-09-01-at-8.50.17-AM-1068x601.jpeg 1068w, https:\/\/prensa.sma.gob.ar\/wp-content\/uploads\/2026\/09\/WhatsApp-Image-2026-09-01-at-8.50.17-AM.jpeg 1600w\" sizes=\"auto, (max-width: 1024px) 100vw, 1024px\" \/><\/figure>\n\n\n\n<figure class=\"wp-block-image size-large\"><img loading=\"lazy\" decoding=\"async\" width=\"1024\" height=\"576\" data-id=\"16178\" src=\"https:\/\/prensa.sma.gob.ar\/wp-content\/uploads\/2026\/09\/WhatsApp-Image-2026-09-01-at-8.50.17-AM1-1024x576.jpeg\" alt=\"\" class=\"wp-image-16178\" srcset=\"https:\/\/prensa.sma.gob.ar\/wp-content\/uploads\/2026\/09\/WhatsApp-Image-2026-09-01-at-8.50.17-AM1-1024x576.jpeg 1024w, https:\/\/prensa.sma.gob.ar\/wp-content\/uploads\/2026\/09\/WhatsApp-Image-2026-09-01-at-8.50.17-AM1-300x169.jpeg 300w, https:\/\/prensa.sma.gob.ar\/wp-content\/uploads\/2026\/09\/WhatsApp-Image-2026-09-01-at-8.50.17-AM1-768x432.jpeg 768w, https:\/\/prensa.sma.gob.ar\/wp-content\/uploads\/2026\/09\/WhatsApp-Image-2026-09-01-at-8.50.17-AM1-1536x864.jpeg 1536w, https:\/\/prensa.sma.gob.ar\/wp-content\/uploads\/2026\/09\/WhatsApp-Image-2026-09-01-at-8.50.17-AM1-747x420.jpeg 747w, https:\/\/prensa.sma.gob.ar\/wp-content\/uploads\/2026\/09\/WhatsApp-Image-2026-09-01-at-8.50.17-AM1-696x392.jpeg 696w, https:\/\/prensa.sma.gob.ar\/wp-content\/uploads\/2026\/09\/WhatsApp-Image-2026-09-01-at-8.50.17-AM1-1068x601.jpeg 1068w, https:\/\/prensa.sma.gob.ar\/wp-content\/uploads\/2026\/09\/WhatsApp-Image-2026-09-01-at-8.50.17-AM1.jpeg 1600w\" sizes=\"auto, (max-width: 1024px) 100vw, 1024px\" \/><\/figure>\n<\/figure>\n","protected":false},"excerpt":{"rendered":"<p>El Ejecutivo Municipal promulg\u00f3 las dos ordenanzas que generan alivio fiscal en la poblaci\u00f3n, tanto dentro del Plan de Regularizaci\u00f3n de Deudas Municipales como la destinadas a aliviar la situaci\u00f3n econ\u00f3mica del sector comercial. Ambas normas rigen desde este martes hasta el pr\u00f3ximo 30 de septiembre. En lo que hace espec\u00edficamente al \u00e1mbito comercial, la [&hellip;]<\/p>\n","protected":false},"author":2,"featured_media":16189,"comment_status":"closed","ping_status":"open","sticky":false,"template":"","format":"standard","meta":{"footnotes":""},"categories":[16,8,11,14,17],"tags":[],"class_list":["post-16177","post","type-post","status-publish","format-standard","has-post-thumbnail","category-destacadas","category-economia","category-gobierno","category-noticias","category-portada"],"_links":{"self":[{"href":"https:\/\/prensa.sma.gob.ar\/index.php?rest_route=\/wp\/v2\/posts\/16177","targetHints":{"allow":["GET"]}}],"collection":[{"href":"https:\/\/prensa.sma.gob.ar\/index.php?rest_route=\/wp\/v2\/posts"}],"about":[{"href":"https:\/\/prensa.sma.gob.ar\/index.php?rest_route=\/wp\/v2\/types\/post"}],"author":[{"embeddable":true,"href":"https:\/\/prensa.sma.gob.ar\/index.php?rest_route=\/wp\/v2\/users\/2"}],"replies":[{"embeddable":true,"href":"https:\/\/prensa.sma.gob.ar\/index.php?rest_route=%2Fwp%2Fv2%2Fcomments&post=16177"}],"version-history":[{"count":6,"href":"https:\/\/prensa.sma.gob.ar\/index.php?rest_route=\/wp\/v2\/posts\/16177\/revisions"}],"predecessor-version":[{"id":16191,"href":"https:\/\/prensa.sma.gob.ar\/index.php?rest_route=\/wp\/v2\/posts\/16177\/revisions\/16191"}],"wp:featuredmedia":[{"embeddable":true,"href":"https:\/\/prensa.sma.gob.ar\/index.php?rest_route=\/wp\/v2\/media\/16189"}],"wp:attachment":[{"href":"https:\/\/prensa.sma.gob.ar\/index.php?rest_route=%2Fwp%2Fv2%2Fmedia&parent=16177"}],"wp:term":[{"taxonomy":"category","embeddable":true,"href":"https:\/\/prensa.sma.gob.ar\/index.php?rest_route=%2Fwp%2Fv2%2Fcategories&post=16177"},{"taxonomy":"post_tag","embeddable":true,"href":"https:\/\/prensa.sma.gob.ar\/index.php?rest_route=%2Fwp%2Fv2%2Ftags&post=16177"}],"curies":[{"name":"wp","href":"https:\/\/api.w.org\/{rel}","templated":true}]}}