{"id":16192,"date":"2026-09-01T18:08:49","date_gmt":"2026-09-01T18:08:49","guid":{"rendered":"https:\/\/prensa.sma.gob.ar\/?p=16192"},"modified":"2026-09-01T18:08:51","modified_gmt":"2026-09-01T18:08:51","slug":"trabajos-de-bacheo-con-hormigon-de-av-koessler","status":"publish","type":"post","link":"https:\/\/prensa.sma.gob.ar\/?p=16192","title":{"rendered":"Trabajos de bacheo con hormig\u00f3n de Av. Koessler"},"content":{"rendered":"\n<p class=\"wp-block-paragraph\">La Secretar\u00eda de Obras y Servicios P\u00fablicos complet\u00f3 este martes un nuevo tramo de bacheo con hormig\u00f3n de Av. Koessler.<\/p>\n\n\n\n<p class=\"wp-block-paragraph\">La cuadrilla hormigon\u00f3 el \u00faltimo sector de baches previsto para rellenar en la mano que va hacia el centro de la ciudad.<\/p>\n\n\n\n<p class=\"wp-block-paragraph\">Recordamos que Av. Koessler est\u00e1 cerrada al tr\u00e1nsito desde la Rotonda de F\u00e9lix Amador hasta ICEBLE. Se realiza desv\u00edo por calle Los Cipreses.<\/p>\n\n\n\n<p class=\"wp-block-paragraph\">El corte demandar\u00e1 el tiempo que necesite el secado del hormig\u00f3n. Luego, se trabajar\u00e1 sobre otros tramos de la avenida, en la mano desde el centro hacia los barrios.<\/p>\n","protected":false},"excerpt":{"rendered":"<p>La Secretar\u00eda de Obras y Servicios P\u00fablicos complet\u00f3 este martes un nuevo tramo de bacheo con hormig\u00f3n de Av. Koessler. La cuadrilla hormigon\u00f3 el \u00faltimo sector de baches previsto para rellenar en la mano que va hacia el centro de la ciudad. Recordamos que Av. Koessler est\u00e1 cerrada al tr\u00e1nsito desde la Rotonda de F\u00e9lix [&hellip;]<\/p>\n","protected":false},"author":2,"featured_media":16193,"comment_status":"closed","ping_status":"open","sticky":false,"template":"","format":"standard","meta":{"footnotes":""},"categories":[16,14,19,17],"tags":[],"class_list":["post-16192","post","type-post","status-publish","format-standard","has-post-thumbnail","category-destacadas","category-noticias","category-obras-y-servicios-publicos","category-portada"],"_links":{"self":[{"href":"https:\/\/prensa.sma.gob.ar\/index.php?rest_route=\/wp\/v2\/posts\/16192","targetHints":{"allow":["GET"]}}],"collection":[{"href":"https:\/\/prensa.sma.gob.ar\/index.php?rest_route=\/wp\/v2\/posts"}],"about":[{"href":"https:\/\/prensa.sma.gob.ar\/index.php?rest_route=\/wp\/v2\/types\/post"}],"author":[{"embeddable":true,"href":"https:\/\/prensa.sma.gob.ar\/index.php?rest_route=\/wp\/v2\/users\/2"}],"replies":[{"embeddable":true,"href":"https:\/\/prensa.sma.gob.ar\/index.php?rest_route=%2Fwp%2Fv2%2Fcomments&post=16192"}],"version-history":[{"count":1,"href":"https:\/\/prensa.sma.gob.ar\/index.php?rest_route=\/wp\/v2\/posts\/16192\/revisions"}],"predecessor-version":[{"id":16194,"href":"https:\/\/prensa.sma.gob.ar\/index.php?rest_route=\/wp\/v2\/posts\/16192\/revisions\/16194"}],"wp:featuredmedia":[{"embeddable":true,"href":"https:\/\/prensa.sma.gob.ar\/index.php?rest_route=\/wp\/v2\/media\/16193"}],"wp:attachment":[{"href":"https:\/\/prensa.sma.gob.ar\/index.php?rest_route=%2Fwp%2Fv2%2Fmedia&parent=16192"}],"wp:term":[{"taxonomy":"category","embeddable":true,"href":"https:\/\/prensa.sma.gob.ar\/index.php?rest_route=%2Fwp%2Fv2%2Fcategories&post=16192"},{"taxonomy":"post_tag","embeddable":true,"href":"https:\/\/prensa.sma.gob.ar\/index.php?rest_route=%2Fwp%2Fv2%2Ftags&post=16192"}],"curies":[{"name":"wp","href":"https:\/\/api.w.org\/{rel}","templated":true}]}}