{"id":16213,"date":"2026-09-04T01:44:07","date_gmt":"2026-09-04T01:44:07","guid":{"rendered":"https:\/\/prensa.sma.gob.ar\/?p=16213"},"modified":"2026-09-04T02:46:49","modified_gmt":"2026-09-04T02:46:49","slug":"organizaciones-vecinas-y-vecinos-movilizados-en-apoyo-al-intendente-saloniti","status":"publish","type":"post","link":"https:\/\/prensa.sma.gob.ar\/?p=16213","title":{"rendered":"Organizaciones, vecinas y vecinos movilizados en apoyo al intendente Saloniti"},"content":{"rendered":"\n<p class=\"wp-block-paragraph\">El intendente municipal, Carlos Saloniti, asisti\u00f3 a la sesi\u00f3n especial de este jueves en el Concejo Deliberante acompa\u00f1ado de representantes y afiliados de los sindicatos ATE, UTA; de comisiones barriales, organizaciones sociales, instituciones deportivas y representantes de entidades de culto. La jornada incluy\u00f3 una vigilia hasta que, cerca de las 17 horas, el Legislativo comunal se expidi\u00f3 sobre el pedido de Juicio Pol\u00edtico.<\/p>\n\n\n\n<p class=\"wp-block-paragraph\">Desde temprano, una asamblea de trabajadores municipales de la Asociaci\u00f3n de Trabajadores del Estado decidi\u00f3 marchar hacia el Concejo Deliberante para acompa\u00f1ar al jefe comunal y, adem\u00e1s, en defensa del Convenio de Trabajo, cuya legitimidad fue puesta en duda en uno de los cargos contra el intendente en el pedido de Juicio Pol\u00edtico.<\/p>\n\n\n\n<p class=\"wp-block-paragraph\">En el Concejo se unieron representantes de otros sectores de nuestra comunidad, para escuchar el audio de la exposici\u00f3n del intendente Saloniti, dentro del recinto. Algunas expresiones del jefe comunal fueron acompa\u00f1adas por aplausos y bombos, en particular cuando hizo referencia a la importancia que tiene la Comisi\u00f3n de Interpretaci\u00f3n y Autocomposici\u00f3n Paritaria (CIAP) y la reafirmaci\u00f3n de los derechos laborales de los trabajadores.<\/p>\n\n\n\n<p class=\"wp-block-paragraph\">Dentro del recinto, las respuestas del jefe comunal incluyeron datos t\u00e9cnicos rigurosos, antecedentes administrativos, citas de expedientes y contextos sociales y pol\u00edticos en la toma de decisiones. Con ese material, que llev\u00f3 al Concejo Deliberante encarpetado y colocado en cajas, Saloniti refut\u00f3 cada uno de los argumentos utilizados por la denunciante. <\/p>\n\n\n\n<p class=\"wp-block-paragraph\">Saloniti lleg\u00f3 al Concejo Deliberante a las 8.30, acompa\u00f1ado de sus secretarios y otros funcionarios, adem\u00e1s de los trabajadores y vecinos movilizados. Casi cuatro horas despu\u00e9s, al terminar la sesi\u00f3n, el intendente se retir\u00f3 del recinto y fue recibido en la calle por aplausos, abrazos y l\u00e1grimas de emoci\u00f3n.<\/p>\n\n\n\n<p class=\"wp-block-paragraph\">Mientras los concejales pasaban a cuarto intermedio para analizar la exposici\u00f3n del intendente y expedirse sobre el pedido de Juicio Pol\u00edtico, Saloniti camin\u00f3 por la calle P\u00e9rez, salud\u00f3 a los asistentes y a los funcionarios, cruz\u00f3 la Av. Roca y esper\u00f3 en su despacho la resoluci\u00f3n, que se conoci\u00f3 cerca de las 17.<\/p>\n\n\n\n<p class=\"wp-block-paragraph\">Durante la tarde, el jefe comunal recibi\u00f3 mensajes y llamados de apoyo y acompa\u00f1amiento, tanto desde nuestra ciudad como desde otros puntos de la provincia. Conocido el resultado, Saloniti baj\u00f3 a agradecer a los trabajadores y trabajadoras que hab\u00edan acompa\u00f1ado la espera, pidi\u00f3 redoblar los esfuerzos para honrar el empleo municipal y ser concientes de que algunos sectores sociales buscan estigmatizar a los trabajadores como parte del descr\u00e9dito institucional.<\/p>\n\n\n\n<p class=\"wp-block-paragraph\">Luego de retirarse del Palacio Municipal, el intendente recibi\u00f3 un llamado el gobernador de Neuqu\u00e9n, Rolando Figueroa, tal como hab\u00eda recibido anteriormente mensajes del gabinete provinciai.<\/p>\n\n\n\n<figure class=\"wp-block-gallery has-nested-images columns-default is-cropped wp-block-gallery-1 is-layout-flex wp-block-gallery-is-layout-flex\">\n<figure class=\"wp-block-image size-large\"><img loading=\"lazy\" decoding=\"async\" width=\"1024\" height=\"576\" data-id=\"16256\" src=\"https:\/\/prensa.sma.gob.ar\/wp-content\/uploads\/2026\/09\/WhatsApp-Image-2026-09-03-at-1.52.28-PM-1024x576.jpeg\" alt=\"\" class=\"wp-image-16256\" srcset=\"https:\/\/prensa.sma.gob.ar\/wp-content\/uploads\/2026\/09\/WhatsApp-Image-2026-09-03-at-1.52.28-PM-1024x576.jpeg 1024w, https:\/\/prensa.sma.gob.ar\/wp-content\/uploads\/2026\/09\/WhatsApp-Image-2026-09-03-at-1.52.28-PM-300x169.jpeg 300w, https:\/\/prensa.sma.gob.ar\/wp-content\/uploads\/2026\/09\/WhatsApp-Image-2026-09-03-at-1.52.28-PM-768x432.jpeg 768w, https:\/\/prensa.sma.gob.ar\/wp-content\/uploads\/2026\/09\/WhatsApp-Image-2026-09-03-at-1.52.28-PM-1536x864.jpeg 1536w, https:\/\/prensa.sma.gob.ar\/wp-content\/uploads\/2026\/09\/WhatsApp-Image-2026-09-03-at-1.52.28-PM-324x182.jpeg 324w, https:\/\/prensa.sma.gob.ar\/wp-content\/uploads\/2026\/09\/WhatsApp-Image-2026-09-03-at-1.52.28-PM-695x391.jpeg 695w, https:\/\/prensa.sma.gob.ar\/wp-content\/uploads\/2026\/09\/WhatsApp-Image-2026-09-03-at-1.52.28-PM-1067x600.jpeg 1067w, https:\/\/prensa.sma.gob.ar\/wp-content\/uploads\/2026\/09\/WhatsApp-Image-2026-09-03-at-1.52.28-PM.jpeg 1600w\" sizes=\"auto, (max-width: 1024px) 100vw, 1024px\" \/><\/figure>\n\n\n\n<figure class=\"wp-block-image size-large\"><img loading=\"lazy\" decoding=\"async\" width=\"1024\" height=\"576\" data-id=\"16255\" src=\"https:\/\/prensa.sma.gob.ar\/wp-content\/uploads\/2026\/09\/WhatsApp-Image-2026-09-03-at-1.52.29-PM-1024x576.jpeg\" alt=\"\" class=\"wp-image-16255\" srcset=\"https:\/\/prensa.sma.gob.ar\/wp-content\/uploads\/2026\/09\/WhatsApp-Image-2026-09-03-at-1.52.29-PM-1024x576.jpeg 1024w, https:\/\/prensa.sma.gob.ar\/wp-content\/uploads\/2026\/09\/WhatsApp-Image-2026-09-03-at-1.52.29-PM-300x169.jpeg 300w, https:\/\/prensa.sma.gob.ar\/wp-content\/uploads\/2026\/09\/WhatsApp-Image-2026-09-03-at-1.52.29-PM-768x432.jpeg 768w, https:\/\/prensa.sma.gob.ar\/wp-content\/uploads\/2026\/09\/WhatsApp-Image-2026-09-03-at-1.52.29-PM-1536x864.jpeg 1536w, https:\/\/prensa.sma.gob.ar\/wp-content\/uploads\/2026\/09\/WhatsApp-Image-2026-09-03-at-1.52.29-PM-695x391.jpeg 695w, https:\/\/prensa.sma.gob.ar\/wp-content\/uploads\/2026\/09\/WhatsApp-Image-2026-09-03-at-1.52.29-PM-324x182.jpeg 324w, https:\/\/prensa.sma.gob.ar\/wp-content\/uploads\/2026\/09\/WhatsApp-Image-2026-09-03-at-1.52.29-PM-1067x600.jpeg 1067w, https:\/\/prensa.sma.gob.ar\/wp-content\/uploads\/2026\/09\/WhatsApp-Image-2026-09-03-at-1.52.29-PM.jpeg 1600w\" sizes=\"auto, (max-width: 1024px) 100vw, 1024px\" \/><\/figure>\n<\/figure>\n\n\n\n<figure class=\"wp-block-gallery has-nested-images columns-default is-cropped wp-block-gallery-2 is-layout-flex wp-block-gallery-is-layout-flex\">\n<figure class=\"wp-block-image size-large\"><img loading=\"lazy\" decoding=\"async\" width=\"1024\" height=\"576\" data-id=\"16253\" src=\"https:\/\/prensa.sma.gob.ar\/wp-content\/uploads\/2026\/09\/WhatsApp-Image-2026-09-03-at-1.52.29-PM-2-1024x576.jpeg\" alt=\"\" class=\"wp-image-16253\" srcset=\"https:\/\/prensa.sma.gob.ar\/wp-content\/uploads\/2026\/09\/WhatsApp-Image-2026-09-03-at-1.52.29-PM-2-1024x576.jpeg 1024w, https:\/\/prensa.sma.gob.ar\/wp-content\/uploads\/2026\/09\/WhatsApp-Image-2026-09-03-at-1.52.29-PM-2-300x169.jpeg 300w, https:\/\/prensa.sma.gob.ar\/wp-content\/uploads\/2026\/09\/WhatsApp-Image-2026-09-03-at-1.52.29-PM-2-768x432.jpeg 768w, https:\/\/prensa.sma.gob.ar\/wp-content\/uploads\/2026\/09\/WhatsApp-Image-2026-09-03-at-1.52.29-PM-2-1536x864.jpeg 1536w, https:\/\/prensa.sma.gob.ar\/wp-content\/uploads\/2026\/09\/WhatsApp-Image-2026-09-03-at-1.52.29-PM-2-324x182.jpeg 324w, https:\/\/prensa.sma.gob.ar\/wp-content\/uploads\/2026\/09\/WhatsApp-Image-2026-09-03-at-1.52.29-PM-2-695x391.jpeg 695w, https:\/\/prensa.sma.gob.ar\/wp-content\/uploads\/2026\/09\/WhatsApp-Image-2026-09-03-at-1.52.29-PM-2-1067x600.jpeg 1067w, https:\/\/prensa.sma.gob.ar\/wp-content\/uploads\/2026\/09\/WhatsApp-Image-2026-09-03-at-1.52.29-PM-2.jpeg 1600w\" sizes=\"auto, (max-width: 1024px) 100vw, 1024px\" \/><\/figure>\n\n\n\n<figure class=\"wp-block-image size-large\"><img loading=\"lazy\" decoding=\"async\" width=\"1024\" height=\"576\" data-id=\"16252\" src=\"https:\/\/prensa.sma.gob.ar\/wp-content\/uploads\/2026\/09\/WhatsApp-Image-2026-09-03-at-1.52.29-PM-3-1024x576.jpeg\" alt=\"\" class=\"wp-image-16252\" srcset=\"https:\/\/prensa.sma.gob.ar\/wp-content\/uploads\/2026\/09\/WhatsApp-Image-2026-09-03-at-1.52.29-PM-3-1024x576.jpeg 1024w, https:\/\/prensa.sma.gob.ar\/wp-content\/uploads\/2026\/09\/WhatsApp-Image-2026-09-03-at-1.52.29-PM-3-300x169.jpeg 300w, https:\/\/prensa.sma.gob.ar\/wp-content\/uploads\/2026\/09\/WhatsApp-Image-2026-09-03-at-1.52.29-PM-3-768x432.jpeg 768w, https:\/\/prensa.sma.gob.ar\/wp-content\/uploads\/2026\/09\/WhatsApp-Image-2026-09-03-at-1.52.29-PM-3-1536x864.jpeg 1536w, https:\/\/prensa.sma.gob.ar\/wp-content\/uploads\/2026\/09\/WhatsApp-Image-2026-09-03-at-1.52.29-PM-3-324x182.jpeg 324w, https:\/\/prensa.sma.gob.ar\/wp-content\/uploads\/2026\/09\/WhatsApp-Image-2026-09-03-at-1.52.29-PM-3-695x391.jpeg 695w, https:\/\/prensa.sma.gob.ar\/wp-content\/uploads\/2026\/09\/WhatsApp-Image-2026-09-03-at-1.52.29-PM-3-1067x600.jpeg 1067w, https:\/\/prensa.sma.gob.ar\/wp-content\/uploads\/2026\/09\/WhatsApp-Image-2026-09-03-at-1.52.29-PM-3.jpeg 1600w\" sizes=\"auto, (max-width: 1024px) 100vw, 1024px\" \/><\/figure>\n\n\n\n<figure class=\"wp-block-image size-large\"><img loading=\"lazy\" decoding=\"async\" width=\"1024\" height=\"576\" data-id=\"16254\" src=\"https:\/\/prensa.sma.gob.ar\/wp-content\/uploads\/2026\/09\/WhatsApp-Image-2026-09-03-at-1.52.29-PM-1-1024x576.jpeg\" alt=\"\" class=\"wp-image-16254\" srcset=\"https:\/\/prensa.sma.gob.ar\/wp-content\/uploads\/2026\/09\/WhatsApp-Image-2026-09-03-at-1.52.29-PM-1-1024x576.jpeg 1024w, https:\/\/prensa.sma.gob.ar\/wp-content\/uploads\/2026\/09\/WhatsApp-Image-2026-09-03-at-1.52.29-PM-1-300x169.jpeg 300w, https:\/\/prensa.sma.gob.ar\/wp-content\/uploads\/2026\/09\/WhatsApp-Image-2026-09-03-at-1.52.29-PM-1-768x432.jpeg 768w, https:\/\/prensa.sma.gob.ar\/wp-content\/uploads\/2026\/09\/WhatsApp-Image-2026-09-03-at-1.52.29-PM-1-1536x864.jpeg 1536w, https:\/\/prensa.sma.gob.ar\/wp-content\/uploads\/2026\/09\/WhatsApp-Image-2026-09-03-at-1.52.29-PM-1-324x182.jpeg 324w, https:\/\/prensa.sma.gob.ar\/wp-content\/uploads\/2026\/09\/WhatsApp-Image-2026-09-03-at-1.52.29-PM-1-695x391.jpeg 695w, https:\/\/prensa.sma.gob.ar\/wp-content\/uploads\/2026\/09\/WhatsApp-Image-2026-09-03-at-1.52.29-PM-1-1067x600.jpeg 1067w, https:\/\/prensa.sma.gob.ar\/wp-content\/uploads\/2026\/09\/WhatsApp-Image-2026-09-03-at-1.52.29-PM-1.jpeg 1600w\" sizes=\"auto, (max-width: 1024px) 100vw, 1024px\" \/><\/figure>\n<\/figure>\n\n\n\n<figure class=\"wp-block-image size-large\"><img loading=\"lazy\" decoding=\"async\" width=\"1024\" height=\"576\" src=\"https:\/\/prensa.sma.gob.ar\/wp-content\/uploads\/2026\/09\/WhatsApp-Image-2026-09-03-at-1.52.29-PM-4-1024x576.jpeg\" alt=\"\" class=\"wp-image-16251\" srcset=\"https:\/\/prensa.sma.gob.ar\/wp-content\/uploads\/2026\/09\/WhatsApp-Image-2026-09-03-at-1.52.29-PM-4-1024x576.jpeg 1024w, https:\/\/prensa.sma.gob.ar\/wp-content\/uploads\/2026\/09\/WhatsApp-Image-2026-09-03-at-1.52.29-PM-4-300x169.jpeg 300w, https:\/\/prensa.sma.gob.ar\/wp-content\/uploads\/2026\/09\/WhatsApp-Image-2026-09-03-at-1.52.29-PM-4-768x432.jpeg 768w, https:\/\/prensa.sma.gob.ar\/wp-content\/uploads\/2026\/09\/WhatsApp-Image-2026-09-03-at-1.52.29-PM-4-1536x864.jpeg 1536w, https:\/\/prensa.sma.gob.ar\/wp-content\/uploads\/2026\/09\/WhatsApp-Image-2026-09-03-at-1.52.29-PM-4-324x182.jpeg 324w, https:\/\/prensa.sma.gob.ar\/wp-content\/uploads\/2026\/09\/WhatsApp-Image-2026-09-03-at-1.52.29-PM-4-695x391.jpeg 695w, https:\/\/prensa.sma.gob.ar\/wp-content\/uploads\/2026\/09\/WhatsApp-Image-2026-09-03-at-1.52.29-PM-4-1067x600.jpeg 1067w, https:\/\/prensa.sma.gob.ar\/wp-content\/uploads\/2026\/09\/WhatsApp-Image-2026-09-03-at-1.52.29-PM-4.jpeg 1600w\" sizes=\"auto, (max-width: 1024px) 100vw, 1024px\" \/><\/figure>\n\n\n\n<figure class=\"wp-block-gallery has-nested-images columns-default is-cropped wp-block-gallery-3 is-layout-flex wp-block-gallery-is-layout-flex\">\n<figure class=\"wp-block-image size-large\"><img loading=\"lazy\" decoding=\"async\" width=\"1024\" height=\"576\" data-id=\"16246\" src=\"https:\/\/prensa.sma.gob.ar\/wp-content\/uploads\/2026\/09\/WhatsApp-Image-2026-09-03-at-1.52.30-PM-4-1024x576.jpeg\" alt=\"\" class=\"wp-image-16246\" srcset=\"https:\/\/prensa.sma.gob.ar\/wp-content\/uploads\/2026\/09\/WhatsApp-Image-2026-09-03-at-1.52.30-PM-4-1024x576.jpeg 1024w, https:\/\/prensa.sma.gob.ar\/wp-content\/uploads\/2026\/09\/WhatsApp-Image-2026-09-03-at-1.52.30-PM-4-300x169.jpeg 300w, https:\/\/prensa.sma.gob.ar\/wp-content\/uploads\/2026\/09\/WhatsApp-Image-2026-09-03-at-1.52.30-PM-4-768x432.jpeg 768w, https:\/\/prensa.sma.gob.ar\/wp-content\/uploads\/2026\/09\/WhatsApp-Image-2026-09-03-at-1.52.30-PM-4-1536x864.jpeg 1536w, https:\/\/prensa.sma.gob.ar\/wp-content\/uploads\/2026\/09\/WhatsApp-Image-2026-09-03-at-1.52.30-PM-4-324x182.jpeg 324w, https:\/\/prensa.sma.gob.ar\/wp-content\/uploads\/2026\/09\/WhatsApp-Image-2026-09-03-at-1.52.30-PM-4-695x391.jpeg 695w, https:\/\/prensa.sma.gob.ar\/wp-content\/uploads\/2026\/09\/WhatsApp-Image-2026-09-03-at-1.52.30-PM-4-1067x600.jpeg 1067w, https:\/\/prensa.sma.gob.ar\/wp-content\/uploads\/2026\/09\/WhatsApp-Image-2026-09-03-at-1.52.30-PM-4.jpeg 1600w\" sizes=\"auto, (max-width: 1024px) 100vw, 1024px\" \/><\/figure>\n\n\n\n<figure class=\"wp-block-image size-large\"><img loading=\"lazy\" decoding=\"async\" width=\"1024\" height=\"576\" data-id=\"16238\" src=\"https:\/\/prensa.sma.gob.ar\/wp-content\/uploads\/2026\/09\/WhatsApp-Image-2026-09-03-at-2.14.21-PM-1-1024x576.jpeg\" alt=\"\" class=\"wp-image-16238\" srcset=\"https:\/\/prensa.sma.gob.ar\/wp-content\/uploads\/2026\/09\/WhatsApp-Image-2026-09-03-at-2.14.21-PM-1-1024x576.jpeg 1024w, https:\/\/prensa.sma.gob.ar\/wp-content\/uploads\/2026\/09\/WhatsApp-Image-2026-09-03-at-2.14.21-PM-1-300x169.jpeg 300w, https:\/\/prensa.sma.gob.ar\/wp-content\/uploads\/2026\/09\/WhatsApp-Image-2026-09-03-at-2.14.21-PM-1-768x432.jpeg 768w, https:\/\/prensa.sma.gob.ar\/wp-content\/uploads\/2026\/09\/WhatsApp-Image-2026-09-03-at-2.14.21-PM-1-1536x864.jpeg 1536w, https:\/\/prensa.sma.gob.ar\/wp-content\/uploads\/2026\/09\/WhatsApp-Image-2026-09-03-at-2.14.21-PM-1-324x182.jpeg 324w, https:\/\/prensa.sma.gob.ar\/wp-content\/uploads\/2026\/09\/WhatsApp-Image-2026-09-03-at-2.14.21-PM-1-695x391.jpeg 695w, https:\/\/prensa.sma.gob.ar\/wp-content\/uploads\/2026\/09\/WhatsApp-Image-2026-09-03-at-2.14.21-PM-1-1067x600.jpeg 1067w, https:\/\/prensa.sma.gob.ar\/wp-content\/uploads\/2026\/09\/WhatsApp-Image-2026-09-03-at-2.14.21-PM-1.jpeg 1600w\" sizes=\"auto, (max-width: 1024px) 100vw, 1024px\" \/><\/figure>\n<\/figure>\n\n\n\n<figure class=\"wp-block-gallery has-nested-images columns-default is-cropped wp-block-gallery-4 is-layout-flex wp-block-gallery-is-layout-flex\">\n<figure class=\"wp-block-image size-large\"><img loading=\"lazy\" decoding=\"async\" width=\"1024\" height=\"576\" data-id=\"16244\" src=\"https:\/\/prensa.sma.gob.ar\/wp-content\/uploads\/2026\/09\/WhatsApp-Image-2026-09-03-at-2.14.20-PM-1-1024x576.jpeg\" alt=\"\" class=\"wp-image-16244\" srcset=\"https:\/\/prensa.sma.gob.ar\/wp-content\/uploads\/2026\/09\/WhatsApp-Image-2026-09-03-at-2.14.20-PM-1-1024x576.jpeg 1024w, https:\/\/prensa.sma.gob.ar\/wp-content\/uploads\/2026\/09\/WhatsApp-Image-2026-09-03-at-2.14.20-PM-1-300x169.jpeg 300w, https:\/\/prensa.sma.gob.ar\/wp-content\/uploads\/2026\/09\/WhatsApp-Image-2026-09-03-at-2.14.20-PM-1-768x432.jpeg 768w, https:\/\/prensa.sma.gob.ar\/wp-content\/uploads\/2026\/09\/WhatsApp-Image-2026-09-03-at-2.14.20-PM-1-1536x864.jpeg 1536w, https:\/\/prensa.sma.gob.ar\/wp-content\/uploads\/2026\/09\/WhatsApp-Image-2026-09-03-at-2.14.20-PM-1-324x182.jpeg 324w, https:\/\/prensa.sma.gob.ar\/wp-content\/uploads\/2026\/09\/WhatsApp-Image-2026-09-03-at-2.14.20-PM-1-695x391.jpeg 695w, https:\/\/prensa.sma.gob.ar\/wp-content\/uploads\/2026\/09\/WhatsApp-Image-2026-09-03-at-2.14.20-PM-1-1067x600.jpeg 1067w, https:\/\/prensa.sma.gob.ar\/wp-content\/uploads\/2026\/09\/WhatsApp-Image-2026-09-03-at-2.14.20-PM-1.jpeg 1600w\" sizes=\"auto, (max-width: 1024px) 100vw, 1024px\" \/><\/figure>\n\n\n\n<figure class=\"wp-block-image size-large\"><img loading=\"lazy\" decoding=\"async\" width=\"1024\" height=\"576\" data-id=\"16245\" src=\"https:\/\/prensa.sma.gob.ar\/wp-content\/uploads\/2026\/09\/WhatsApp-Image-2026-09-03-at-2.14.20-PM-1024x576.jpeg\" alt=\"\" class=\"wp-image-16245\" srcset=\"https:\/\/prensa.sma.gob.ar\/wp-content\/uploads\/2026\/09\/WhatsApp-Image-2026-09-03-at-2.14.20-PM-1024x576.jpeg 1024w, https:\/\/prensa.sma.gob.ar\/wp-content\/uploads\/2026\/09\/WhatsApp-Image-2026-09-03-at-2.14.20-PM-300x169.jpeg 300w, https:\/\/prensa.sma.gob.ar\/wp-content\/uploads\/2026\/09\/WhatsApp-Image-2026-09-03-at-2.14.20-PM-768x432.jpeg 768w, https:\/\/prensa.sma.gob.ar\/wp-content\/uploads\/2026\/09\/WhatsApp-Image-2026-09-03-at-2.14.20-PM-1536x864.jpeg 1536w, https:\/\/prensa.sma.gob.ar\/wp-content\/uploads\/2026\/09\/WhatsApp-Image-2026-09-03-at-2.14.20-PM-324x182.jpeg 324w, https:\/\/prensa.sma.gob.ar\/wp-content\/uploads\/2026\/09\/WhatsApp-Image-2026-09-03-at-2.14.20-PM-695x391.jpeg 695w, https:\/\/prensa.sma.gob.ar\/wp-content\/uploads\/2026\/09\/WhatsApp-Image-2026-09-03-at-2.14.20-PM-1067x600.jpeg 1067w, https:\/\/prensa.sma.gob.ar\/wp-content\/uploads\/2026\/09\/WhatsApp-Image-2026-09-03-at-2.14.20-PM.jpeg 1600w\" sizes=\"auto, (max-width: 1024px) 100vw, 1024px\" \/><\/figure>\n<\/figure>\n\n\n\n<figure class=\"wp-block-gallery has-nested-images columns-default is-cropped wp-block-gallery-5 is-layout-flex wp-block-gallery-is-layout-flex\">\n<figure class=\"wp-block-image size-large\"><img loading=\"lazy\" decoding=\"async\" width=\"1024\" height=\"576\" data-id=\"16243\" src=\"https:\/\/prensa.sma.gob.ar\/wp-content\/uploads\/2026\/09\/WhatsApp-Image-2026-09-03-at-2.14.20-PM-2-1024x576.jpeg\" alt=\"\" class=\"wp-image-16243\" srcset=\"https:\/\/prensa.sma.gob.ar\/wp-content\/uploads\/2026\/09\/WhatsApp-Image-2026-09-03-at-2.14.20-PM-2-1024x576.jpeg 1024w, https:\/\/prensa.sma.gob.ar\/wp-content\/uploads\/2026\/09\/WhatsApp-Image-2026-09-03-at-2.14.20-PM-2-300x169.jpeg 300w, https:\/\/prensa.sma.gob.ar\/wp-content\/uploads\/2026\/09\/WhatsApp-Image-2026-09-03-at-2.14.20-PM-2-768x432.jpeg 768w, https:\/\/prensa.sma.gob.ar\/wp-content\/uploads\/2026\/09\/WhatsApp-Image-2026-09-03-at-2.14.20-PM-2-1536x864.jpeg 1536w, https:\/\/prensa.sma.gob.ar\/wp-content\/uploads\/2026\/09\/WhatsApp-Image-2026-09-03-at-2.14.20-PM-2-324x182.jpeg 324w, https:\/\/prensa.sma.gob.ar\/wp-content\/uploads\/2026\/09\/WhatsApp-Image-2026-09-03-at-2.14.20-PM-2-695x391.jpeg 695w, https:\/\/prensa.sma.gob.ar\/wp-content\/uploads\/2026\/09\/WhatsApp-Image-2026-09-03-at-2.14.20-PM-2-1067x600.jpeg 1067w, https:\/\/prensa.sma.gob.ar\/wp-content\/uploads\/2026\/09\/WhatsApp-Image-2026-09-03-at-2.14.20-PM-2.jpeg 1600w\" sizes=\"auto, (max-width: 1024px) 100vw, 1024px\" \/><\/figure>\n\n\n\n<figure class=\"wp-block-image size-large\"><img loading=\"lazy\" decoding=\"async\" width=\"1024\" height=\"576\" data-id=\"16241\" src=\"https:\/\/prensa.sma.gob.ar\/wp-content\/uploads\/2026\/09\/WhatsApp-Image-2026-09-03-at-2.14.20-PM-4-1024x576.jpeg\" alt=\"\" class=\"wp-image-16241\" srcset=\"https:\/\/prensa.sma.gob.ar\/wp-content\/uploads\/2026\/09\/WhatsApp-Image-2026-09-03-at-2.14.20-PM-4-1024x576.jpeg 1024w, https:\/\/prensa.sma.gob.ar\/wp-content\/uploads\/2026\/09\/WhatsApp-Image-2026-09-03-at-2.14.20-PM-4-300x169.jpeg 300w, https:\/\/prensa.sma.gob.ar\/wp-content\/uploads\/2026\/09\/WhatsApp-Image-2026-09-03-at-2.14.20-PM-4-768x432.jpeg 768w, https:\/\/prensa.sma.gob.ar\/wp-content\/uploads\/2026\/09\/WhatsApp-Image-2026-09-03-at-2.14.20-PM-4-1536x864.jpeg 1536w, https:\/\/prensa.sma.gob.ar\/wp-content\/uploads\/2026\/09\/WhatsApp-Image-2026-09-03-at-2.14.20-PM-4-324x182.jpeg 324w, https:\/\/prensa.sma.gob.ar\/wp-content\/uploads\/2026\/09\/WhatsApp-Image-2026-09-03-at-2.14.20-PM-4-695x391.jpeg 695w, https:\/\/prensa.sma.gob.ar\/wp-content\/uploads\/2026\/09\/WhatsApp-Image-2026-09-03-at-2.14.20-PM-4-1067x600.jpeg 1067w, https:\/\/prensa.sma.gob.ar\/wp-content\/uploads\/2026\/09\/WhatsApp-Image-2026-09-03-at-2.14.20-PM-4.jpeg 1600w\" sizes=\"auto, (max-width: 1024px) 100vw, 1024px\" \/><\/figure>\n<\/figure>\n\n\n\n<figure class=\"wp-block-gallery has-nested-images columns-default is-cropped wp-block-gallery-6 is-layout-flex wp-block-gallery-is-layout-flex\">\n<figure class=\"wp-block-image size-large\"><img loading=\"lazy\" decoding=\"async\" width=\"1024\" height=\"576\" data-id=\"16240\" src=\"https:\/\/prensa.sma.gob.ar\/wp-content\/uploads\/2026\/09\/WhatsApp-Image-2026-09-03-at-2.14.20-PM-5-1024x576.jpeg\" alt=\"\" class=\"wp-image-16240\" srcset=\"https:\/\/prensa.sma.gob.ar\/wp-content\/uploads\/2026\/09\/WhatsApp-Image-2026-09-03-at-2.14.20-PM-5-1024x576.jpeg 1024w, https:\/\/prensa.sma.gob.ar\/wp-content\/uploads\/2026\/09\/WhatsApp-Image-2026-09-03-at-2.14.20-PM-5-300x169.jpeg 300w, https:\/\/prensa.sma.gob.ar\/wp-content\/uploads\/2026\/09\/WhatsApp-Image-2026-09-03-at-2.14.20-PM-5-768x432.jpeg 768w, https:\/\/prensa.sma.gob.ar\/wp-content\/uploads\/2026\/09\/WhatsApp-Image-2026-09-03-at-2.14.20-PM-5-1536x864.jpeg 1536w, https:\/\/prensa.sma.gob.ar\/wp-content\/uploads\/2026\/09\/WhatsApp-Image-2026-09-03-at-2.14.20-PM-5-324x182.jpeg 324w, https:\/\/prensa.sma.gob.ar\/wp-content\/uploads\/2026\/09\/WhatsApp-Image-2026-09-03-at-2.14.20-PM-5-695x391.jpeg 695w, https:\/\/prensa.sma.gob.ar\/wp-content\/uploads\/2026\/09\/WhatsApp-Image-2026-09-03-at-2.14.20-PM-5-1067x600.jpeg 1067w, https:\/\/prensa.sma.gob.ar\/wp-content\/uploads\/2026\/09\/WhatsApp-Image-2026-09-03-at-2.14.20-PM-5.jpeg 1600w\" sizes=\"auto, (max-width: 1024px) 100vw, 1024px\" \/><\/figure>\n\n\n\n<figure class=\"wp-block-image size-large\"><img loading=\"lazy\" decoding=\"async\" width=\"1024\" height=\"576\" data-id=\"16239\" src=\"https:\/\/prensa.sma.gob.ar\/wp-content\/uploads\/2026\/09\/WhatsApp-Image-2026-09-03-at-2.14.21-PM-1024x576.jpeg\" alt=\"\" class=\"wp-image-16239\" srcset=\"https:\/\/prensa.sma.gob.ar\/wp-content\/uploads\/2026\/09\/WhatsApp-Image-2026-09-03-at-2.14.21-PM-1024x576.jpeg 1024w, https:\/\/prensa.sma.gob.ar\/wp-content\/uploads\/2026\/09\/WhatsApp-Image-2026-09-03-at-2.14.21-PM-300x169.jpeg 300w, https:\/\/prensa.sma.gob.ar\/wp-content\/uploads\/2026\/09\/WhatsApp-Image-2026-09-03-at-2.14.21-PM-1536x864.jpeg 1536w, https:\/\/prensa.sma.gob.ar\/wp-content\/uploads\/2026\/09\/WhatsApp-Image-2026-09-03-at-2.14.21-PM-768x432.jpeg 768w, https:\/\/prensa.sma.gob.ar\/wp-content\/uploads\/2026\/09\/WhatsApp-Image-2026-09-03-at-2.14.21-PM-324x182.jpeg 324w, https:\/\/prensa.sma.gob.ar\/wp-content\/uploads\/2026\/09\/WhatsApp-Image-2026-09-03-at-2.14.21-PM-695x391.jpeg 695w, https:\/\/prensa.sma.gob.ar\/wp-content\/uploads\/2026\/09\/WhatsApp-Image-2026-09-03-at-2.14.21-PM-1067x600.jpeg 1067w, https:\/\/prensa.sma.gob.ar\/wp-content\/uploads\/2026\/09\/WhatsApp-Image-2026-09-03-at-2.14.21-PM.jpeg 1600w\" sizes=\"auto, (max-width: 1024px) 100vw, 1024px\" \/><\/figure>\n\n\n\n<figure class=\"wp-block-image size-large\"><img loading=\"lazy\" decoding=\"async\" width=\"1024\" height=\"576\" data-id=\"16237\" src=\"https:\/\/prensa.sma.gob.ar\/wp-content\/uploads\/2026\/09\/WhatsApp-Image-2026-09-03-at-2.14.21-PM-2-1024x576.jpeg\" alt=\"\" class=\"wp-image-16237\" srcset=\"https:\/\/prensa.sma.gob.ar\/wp-content\/uploads\/2026\/09\/WhatsApp-Image-2026-09-03-at-2.14.21-PM-2-1024x576.jpeg 1024w, https:\/\/prensa.sma.gob.ar\/wp-content\/uploads\/2026\/09\/WhatsApp-Image-2026-09-03-at-2.14.21-PM-2-300x169.jpeg 300w, https:\/\/prensa.sma.gob.ar\/wp-content\/uploads\/2026\/09\/WhatsApp-Image-2026-09-03-at-2.14.21-PM-2-768x432.jpeg 768w, https:\/\/prensa.sma.gob.ar\/wp-content\/uploads\/2026\/09\/WhatsApp-Image-2026-09-03-at-2.14.21-PM-2-1536x864.jpeg 1536w, https:\/\/prensa.sma.gob.ar\/wp-content\/uploads\/2026\/09\/WhatsApp-Image-2026-09-03-at-2.14.21-PM-2-324x182.jpeg 324w, https:\/\/prensa.sma.gob.ar\/wp-content\/uploads\/2026\/09\/WhatsApp-Image-2026-09-03-at-2.14.21-PM-2-695x391.jpeg 695w, https:\/\/prensa.sma.gob.ar\/wp-content\/uploads\/2026\/09\/WhatsApp-Image-2026-09-03-at-2.14.21-PM-2-1067x600.jpeg 1067w, https:\/\/prensa.sma.gob.ar\/wp-content\/uploads\/2026\/09\/WhatsApp-Image-2026-09-03-at-2.14.21-PM-2.jpeg 1600w\" sizes=\"auto, (max-width: 1024px) 100vw, 1024px\" \/><\/figure>\n\n\n\n<figure class=\"wp-block-image size-large\"><img loading=\"lazy\" decoding=\"async\" width=\"1024\" height=\"576\" data-id=\"16235\" src=\"https:\/\/prensa.sma.gob.ar\/wp-content\/uploads\/2026\/09\/WhatsApp-Image-2026-09-03-at-2.14.21-PM-4-1024x576.jpeg\" alt=\"\" class=\"wp-image-16235\" srcset=\"https:\/\/prensa.sma.gob.ar\/wp-content\/uploads\/2026\/09\/WhatsApp-Image-2026-09-03-at-2.14.21-PM-4-1024x576.jpeg 1024w, https:\/\/prensa.sma.gob.ar\/wp-content\/uploads\/2026\/09\/WhatsApp-Image-2026-09-03-at-2.14.21-PM-4-300x169.jpeg 300w, https:\/\/prensa.sma.gob.ar\/wp-content\/uploads\/2026\/09\/WhatsApp-Image-2026-09-03-at-2.14.21-PM-4-768x432.jpeg 768w, https:\/\/prensa.sma.gob.ar\/wp-content\/uploads\/2026\/09\/WhatsApp-Image-2026-09-03-at-2.14.21-PM-4-1536x864.jpeg 1536w, https:\/\/prensa.sma.gob.ar\/wp-content\/uploads\/2026\/09\/WhatsApp-Image-2026-09-03-at-2.14.21-PM-4-324x182.jpeg 324w, https:\/\/prensa.sma.gob.ar\/wp-content\/uploads\/2026\/09\/WhatsApp-Image-2026-09-03-at-2.14.21-PM-4-695x391.jpeg 695w, https:\/\/prensa.sma.gob.ar\/wp-content\/uploads\/2026\/09\/WhatsApp-Image-2026-09-03-at-2.14.21-PM-4-1067x600.jpeg 1067w, https:\/\/prensa.sma.gob.ar\/wp-content\/uploads\/2026\/09\/WhatsApp-Image-2026-09-03-at-2.14.21-PM-4.jpeg 1600w\" sizes=\"auto, (max-width: 1024px) 100vw, 1024px\" \/><\/figure>\n\n\n\n<figure class=\"wp-block-image size-large\"><img loading=\"lazy\" decoding=\"async\" width=\"1024\" height=\"576\" data-id=\"16236\" src=\"https:\/\/prensa.sma.gob.ar\/wp-content\/uploads\/2026\/09\/WhatsApp-Image-2026-09-03-at-2.14.21-PM-3-1024x576.jpeg\" alt=\"\" class=\"wp-image-16236\" srcset=\"https:\/\/prensa.sma.gob.ar\/wp-content\/uploads\/2026\/09\/WhatsApp-Image-2026-09-03-at-2.14.21-PM-3-1024x576.jpeg 1024w, https:\/\/prensa.sma.gob.ar\/wp-content\/uploads\/2026\/09\/WhatsApp-Image-2026-09-03-at-2.14.21-PM-3-300x169.jpeg 300w, https:\/\/prensa.sma.gob.ar\/wp-content\/uploads\/2026\/09\/WhatsApp-Image-2026-09-03-at-2.14.21-PM-3-768x432.jpeg 768w, https:\/\/prensa.sma.gob.ar\/wp-content\/uploads\/2026\/09\/WhatsApp-Image-2026-09-03-at-2.14.21-PM-3-1536x864.jpeg 1536w, https:\/\/prensa.sma.gob.ar\/wp-content\/uploads\/2026\/09\/WhatsApp-Image-2026-09-03-at-2.14.21-PM-3-324x182.jpeg 324w, https:\/\/prensa.sma.gob.ar\/wp-content\/uploads\/2026\/09\/WhatsApp-Image-2026-09-03-at-2.14.21-PM-3-695x391.jpeg 695w, https:\/\/prensa.sma.gob.ar\/wp-content\/uploads\/2026\/09\/WhatsApp-Image-2026-09-03-at-2.14.21-PM-3-1067x600.jpeg 1067w, https:\/\/prensa.sma.gob.ar\/wp-content\/uploads\/2026\/09\/WhatsApp-Image-2026-09-03-at-2.14.21-PM-3.jpeg 1600w\" sizes=\"auto, (max-width: 1024px) 100vw, 1024px\" \/><\/figure>\n\n\n\n<figure class=\"wp-block-image size-large\"><img loading=\"lazy\" decoding=\"async\" width=\"1024\" height=\"576\" data-id=\"16234\" src=\"https:\/\/prensa.sma.gob.ar\/wp-content\/uploads\/2026\/09\/WhatsApp-Image-2026-09-03-at-2.14.22-PM-1-1024x576.jpeg\" alt=\"\" class=\"wp-image-16234\" srcset=\"https:\/\/prensa.sma.gob.ar\/wp-content\/uploads\/2026\/09\/WhatsApp-Image-2026-09-03-at-2.14.22-PM-1-1024x576.jpeg 1024w, https:\/\/prensa.sma.gob.ar\/wp-content\/uploads\/2026\/09\/WhatsApp-Image-2026-09-03-at-2.14.22-PM-1-300x169.jpeg 300w, https:\/\/prensa.sma.gob.ar\/wp-content\/uploads\/2026\/09\/WhatsApp-Image-2026-09-03-at-2.14.22-PM-1-768x432.jpeg 768w, https:\/\/prensa.sma.gob.ar\/wp-content\/uploads\/2026\/09\/WhatsApp-Image-2026-09-03-at-2.14.22-PM-1-1536x864.jpeg 1536w, https:\/\/prensa.sma.gob.ar\/wp-content\/uploads\/2026\/09\/WhatsApp-Image-2026-09-03-at-2.14.22-PM-1-324x182.jpeg 324w, https:\/\/prensa.sma.gob.ar\/wp-content\/uploads\/2026\/09\/WhatsApp-Image-2026-09-03-at-2.14.22-PM-1-695x391.jpeg 695w, https:\/\/prensa.sma.gob.ar\/wp-content\/uploads\/2026\/09\/WhatsApp-Image-2026-09-03-at-2.14.22-PM-1-1067x600.jpeg 1067w, https:\/\/prensa.sma.gob.ar\/wp-content\/uploads\/2026\/09\/WhatsApp-Image-2026-09-03-at-2.14.22-PM-1.jpeg 1600w\" sizes=\"auto, (max-width: 1024px) 100vw, 1024px\" \/><\/figure>\n\n\n\n<figure class=\"wp-block-image size-large\"><img loading=\"lazy\" decoding=\"async\" width=\"1024\" height=\"576\" data-id=\"16233\" src=\"https:\/\/prensa.sma.gob.ar\/wp-content\/uploads\/2026\/09\/WhatsApp-Image-2026-09-03-at-2.14.22-PM-1024x576.jpeg\" alt=\"\" class=\"wp-image-16233\" srcset=\"https:\/\/prensa.sma.gob.ar\/wp-content\/uploads\/2026\/09\/WhatsApp-Image-2026-09-03-at-2.14.22-PM-1024x576.jpeg 1024w, https:\/\/prensa.sma.gob.ar\/wp-content\/uploads\/2026\/09\/WhatsApp-Image-2026-09-03-at-2.14.22-PM-300x169.jpeg 300w, https:\/\/prensa.sma.gob.ar\/wp-content\/uploads\/2026\/09\/WhatsApp-Image-2026-09-03-at-2.14.22-PM-768x432.jpeg 768w, https:\/\/prensa.sma.gob.ar\/wp-content\/uploads\/2026\/09\/WhatsApp-Image-2026-09-03-at-2.14.22-PM-1536x864.jpeg 1536w, https:\/\/prensa.sma.gob.ar\/wp-content\/uploads\/2026\/09\/WhatsApp-Image-2026-09-03-at-2.14.22-PM-324x182.jpeg 324w, https:\/\/prensa.sma.gob.ar\/wp-content\/uploads\/2026\/09\/WhatsApp-Image-2026-09-03-at-2.14.22-PM-695x391.jpeg 695w, https:\/\/prensa.sma.gob.ar\/wp-content\/uploads\/2026\/09\/WhatsApp-Image-2026-09-03-at-2.14.22-PM-1067x600.jpeg 1067w, https:\/\/prensa.sma.gob.ar\/wp-content\/uploads\/2026\/09\/WhatsApp-Image-2026-09-03-at-2.14.22-PM.jpeg 1600w\" sizes=\"auto, (max-width: 1024px) 100vw, 1024px\" \/><\/figure>\n\n\n\n<figure class=\"wp-block-image size-large\"><img loading=\"lazy\" decoding=\"async\" width=\"1024\" height=\"576\" data-id=\"16232\" src=\"https:\/\/prensa.sma.gob.ar\/wp-content\/uploads\/2026\/09\/WhatsApp-Image-2026-09-03-at-2.14.22-PM-2-1024x576.jpeg\" alt=\"\" class=\"wp-image-16232\" srcset=\"https:\/\/prensa.sma.gob.ar\/wp-content\/uploads\/2026\/09\/WhatsApp-Image-2026-09-03-at-2.14.22-PM-2-1024x576.jpeg 1024w, https:\/\/prensa.sma.gob.ar\/wp-content\/uploads\/2026\/09\/WhatsApp-Image-2026-09-03-at-2.14.22-PM-2-300x169.jpeg 300w, https:\/\/prensa.sma.gob.ar\/wp-content\/uploads\/2026\/09\/WhatsApp-Image-2026-09-03-at-2.14.22-PM-2-768x432.jpeg 768w, https:\/\/prensa.sma.gob.ar\/wp-content\/uploads\/2026\/09\/WhatsApp-Image-2026-09-03-at-2.14.22-PM-2-1536x864.jpeg 1536w, https:\/\/prensa.sma.gob.ar\/wp-content\/uploads\/2026\/09\/WhatsApp-Image-2026-09-03-at-2.14.22-PM-2-324x182.jpeg 324w, https:\/\/prensa.sma.gob.ar\/wp-content\/uploads\/2026\/09\/WhatsApp-Image-2026-09-03-at-2.14.22-PM-2-695x391.jpeg 695w, https:\/\/prensa.sma.gob.ar\/wp-content\/uploads\/2026\/09\/WhatsApp-Image-2026-09-03-at-2.14.22-PM-2-1067x600.jpeg 1067w, https:\/\/prensa.sma.gob.ar\/wp-content\/uploads\/2026\/09\/WhatsApp-Image-2026-09-03-at-2.14.22-PM-2.jpeg 1600w\" sizes=\"auto, (max-width: 1024px) 100vw, 1024px\" \/><\/figure>\n\n\n\n<figure class=\"wp-block-image size-large\"><img loading=\"lazy\" decoding=\"async\" width=\"1024\" height=\"576\" data-id=\"16231\" src=\"https:\/\/prensa.sma.gob.ar\/wp-content\/uploads\/2026\/09\/WhatsApp-Image-2026-09-03-at-2.14.22-PM-3-1024x576.jpeg\" alt=\"\" class=\"wp-image-16231\" srcset=\"https:\/\/prensa.sma.gob.ar\/wp-content\/uploads\/2026\/09\/WhatsApp-Image-2026-09-03-at-2.14.22-PM-3-1024x576.jpeg 1024w, https:\/\/prensa.sma.gob.ar\/wp-content\/uploads\/2026\/09\/WhatsApp-Image-2026-09-03-at-2.14.22-PM-3-300x169.jpeg 300w, https:\/\/prensa.sma.gob.ar\/wp-content\/uploads\/2026\/09\/WhatsApp-Image-2026-09-03-at-2.14.22-PM-3-768x432.jpeg 768w, https:\/\/prensa.sma.gob.ar\/wp-content\/uploads\/2026\/09\/WhatsApp-Image-2026-09-03-at-2.14.22-PM-3-1536x864.jpeg 1536w, https:\/\/prensa.sma.gob.ar\/wp-content\/uploads\/2026\/09\/WhatsApp-Image-2026-09-03-at-2.14.22-PM-3-324x182.jpeg 324w, https:\/\/prensa.sma.gob.ar\/wp-content\/uploads\/2026\/09\/WhatsApp-Image-2026-09-03-at-2.14.22-PM-3-695x391.jpeg 695w, https:\/\/prensa.sma.gob.ar\/wp-content\/uploads\/2026\/09\/WhatsApp-Image-2026-09-03-at-2.14.22-PM-3-1067x600.jpeg 1067w, https:\/\/prensa.sma.gob.ar\/wp-content\/uploads\/2026\/09\/WhatsApp-Image-2026-09-03-at-2.14.22-PM-3.jpeg 1600w\" sizes=\"auto, (max-width: 1024px) 100vw, 1024px\" \/><\/figure>\n\n\n\n<figure class=\"wp-block-image size-large\"><img loading=\"lazy\" decoding=\"async\" width=\"1024\" height=\"576\" data-id=\"16228\" src=\"https:\/\/prensa.sma.gob.ar\/wp-content\/uploads\/2026\/09\/WhatsApp-Image-2026-09-03-at-2.14.23-PM-1-1024x576.jpeg\" alt=\"\" class=\"wp-image-16228\" srcset=\"https:\/\/prensa.sma.gob.ar\/wp-content\/uploads\/2026\/09\/WhatsApp-Image-2026-09-03-at-2.14.23-PM-1-1024x576.jpeg 1024w, https:\/\/prensa.sma.gob.ar\/wp-content\/uploads\/2026\/09\/WhatsApp-Image-2026-09-03-at-2.14.23-PM-1-300x169.jpeg 300w, https:\/\/prensa.sma.gob.ar\/wp-content\/uploads\/2026\/09\/WhatsApp-Image-2026-09-03-at-2.14.23-PM-1-768x432.jpeg 768w, https:\/\/prensa.sma.gob.ar\/wp-content\/uploads\/2026\/09\/WhatsApp-Image-2026-09-03-at-2.14.23-PM-1-1536x864.jpeg 1536w, https:\/\/prensa.sma.gob.ar\/wp-content\/uploads\/2026\/09\/WhatsApp-Image-2026-09-03-at-2.14.23-PM-1-324x182.jpeg 324w, https:\/\/prensa.sma.gob.ar\/wp-content\/uploads\/2026\/09\/WhatsApp-Image-2026-09-03-at-2.14.23-PM-1-695x391.jpeg 695w, https:\/\/prensa.sma.gob.ar\/wp-content\/uploads\/2026\/09\/WhatsApp-Image-2026-09-03-at-2.14.23-PM-1-1067x600.jpeg 1067w, https:\/\/prensa.sma.gob.ar\/wp-content\/uploads\/2026\/09\/WhatsApp-Image-2026-09-03-at-2.14.23-PM-1.jpeg 1600w\" sizes=\"auto, (max-width: 1024px) 100vw, 1024px\" \/><\/figure>\n\n\n\n<figure class=\"wp-block-image size-large\"><img loading=\"lazy\" decoding=\"async\" width=\"1024\" height=\"576\" data-id=\"16227\" src=\"https:\/\/prensa.sma.gob.ar\/wp-content\/uploads\/2026\/09\/WhatsApp-Image-2026-09-03-at-2.14.23-PM-2-1024x576.jpeg\" alt=\"\" class=\"wp-image-16227\" srcset=\"https:\/\/prensa.sma.gob.ar\/wp-content\/uploads\/2026\/09\/WhatsApp-Image-2026-09-03-at-2.14.23-PM-2-1024x576.jpeg 1024w, https:\/\/prensa.sma.gob.ar\/wp-content\/uploads\/2026\/09\/WhatsApp-Image-2026-09-03-at-2.14.23-PM-2-300x169.jpeg 300w, https:\/\/prensa.sma.gob.ar\/wp-content\/uploads\/2026\/09\/WhatsApp-Image-2026-09-03-at-2.14.23-PM-2-768x432.jpeg 768w, https:\/\/prensa.sma.gob.ar\/wp-content\/uploads\/2026\/09\/WhatsApp-Image-2026-09-03-at-2.14.23-PM-2-1536x864.jpeg 1536w, https:\/\/prensa.sma.gob.ar\/wp-content\/uploads\/2026\/09\/WhatsApp-Image-2026-09-03-at-2.14.23-PM-2-324x182.jpeg 324w, https:\/\/prensa.sma.gob.ar\/wp-content\/uploads\/2026\/09\/WhatsApp-Image-2026-09-03-at-2.14.23-PM-2-695x391.jpeg 695w, https:\/\/prensa.sma.gob.ar\/wp-content\/uploads\/2026\/09\/WhatsApp-Image-2026-09-03-at-2.14.23-PM-2-1067x600.jpeg 1067w, https:\/\/prensa.sma.gob.ar\/wp-content\/uploads\/2026\/09\/WhatsApp-Image-2026-09-03-at-2.14.23-PM-2.jpeg 1600w\" sizes=\"auto, (max-width: 1024px) 100vw, 1024px\" \/><\/figure>\n\n\n\n<figure class=\"wp-block-image size-large\"><img loading=\"lazy\" decoding=\"async\" width=\"1024\" height=\"576\" data-id=\"16229\" src=\"https:\/\/prensa.sma.gob.ar\/wp-content\/uploads\/2026\/09\/WhatsApp-Image-2026-09-03-at-2.14.23-PM-1024x576.jpeg\" alt=\"\" class=\"wp-image-16229\" srcset=\"https:\/\/prensa.sma.gob.ar\/wp-content\/uploads\/2026\/09\/WhatsApp-Image-2026-09-03-at-2.14.23-PM-1024x576.jpeg 1024w, https:\/\/prensa.sma.gob.ar\/wp-content\/uploads\/2026\/09\/WhatsApp-Image-2026-09-03-at-2.14.23-PM-300x169.jpeg 300w, https:\/\/prensa.sma.gob.ar\/wp-content\/uploads\/2026\/09\/WhatsApp-Image-2026-09-03-at-2.14.23-PM-768x432.jpeg 768w, https:\/\/prensa.sma.gob.ar\/wp-content\/uploads\/2026\/09\/WhatsApp-Image-2026-09-03-at-2.14.23-PM-1536x864.jpeg 1536w, https:\/\/prensa.sma.gob.ar\/wp-content\/uploads\/2026\/09\/WhatsApp-Image-2026-09-03-at-2.14.23-PM-324x182.jpeg 324w, https:\/\/prensa.sma.gob.ar\/wp-content\/uploads\/2026\/09\/WhatsApp-Image-2026-09-03-at-2.14.23-PM-695x391.jpeg 695w, https:\/\/prensa.sma.gob.ar\/wp-content\/uploads\/2026\/09\/WhatsApp-Image-2026-09-03-at-2.14.23-PM-1067x600.jpeg 1067w, https:\/\/prensa.sma.gob.ar\/wp-content\/uploads\/2026\/09\/WhatsApp-Image-2026-09-03-at-2.14.23-PM.jpeg 1600w\" sizes=\"auto, (max-width: 1024px) 100vw, 1024px\" \/><\/figure>\n\n\n\n<figure class=\"wp-block-image size-large\"><img loading=\"lazy\" decoding=\"async\" width=\"1024\" height=\"576\" data-id=\"16230\" src=\"https:\/\/prensa.sma.gob.ar\/wp-content\/uploads\/2026\/09\/WhatsApp-Image-2026-09-03-at-2.14.22-PM-4-1024x576.jpeg\" alt=\"\" class=\"wp-image-16230\" srcset=\"https:\/\/prensa.sma.gob.ar\/wp-content\/uploads\/2026\/09\/WhatsApp-Image-2026-09-03-at-2.14.22-PM-4-1024x576.jpeg 1024w, https:\/\/prensa.sma.gob.ar\/wp-content\/uploads\/2026\/09\/WhatsApp-Image-2026-09-03-at-2.14.22-PM-4-300x169.jpeg 300w, https:\/\/prensa.sma.gob.ar\/wp-content\/uploads\/2026\/09\/WhatsApp-Image-2026-09-03-at-2.14.22-PM-4-768x432.jpeg 768w, https:\/\/prensa.sma.gob.ar\/wp-content\/uploads\/2026\/09\/WhatsApp-Image-2026-09-03-at-2.14.22-PM-4-1536x864.jpeg 1536w, https:\/\/prensa.sma.gob.ar\/wp-content\/uploads\/2026\/09\/WhatsApp-Image-2026-09-03-at-2.14.22-PM-4-324x182.jpeg 324w, https:\/\/prensa.sma.gob.ar\/wp-content\/uploads\/2026\/09\/WhatsApp-Image-2026-09-03-at-2.14.22-PM-4-695x391.jpeg 695w, https:\/\/prensa.sma.gob.ar\/wp-content\/uploads\/2026\/09\/WhatsApp-Image-2026-09-03-at-2.14.22-PM-4-1067x600.jpeg 1067w, https:\/\/prensa.sma.gob.ar\/wp-content\/uploads\/2026\/09\/WhatsApp-Image-2026-09-03-at-2.14.22-PM-4.jpeg 1600w\" sizes=\"auto, (max-width: 1024px) 100vw, 1024px\" \/><\/figure>\n\n\n\n<figure class=\"wp-block-image size-large\"><img loading=\"lazy\" decoding=\"async\" width=\"1024\" height=\"576\" data-id=\"16226\" src=\"https:\/\/prensa.sma.gob.ar\/wp-content\/uploads\/2026\/09\/WhatsApp-Image-2026-09-03-at-2.14.24-PM-2-1024x576.jpeg\" alt=\"\" class=\"wp-image-16226\" srcset=\"https:\/\/prensa.sma.gob.ar\/wp-content\/uploads\/2026\/09\/WhatsApp-Image-2026-09-03-at-2.14.24-PM-2-1024x576.jpeg 1024w, https:\/\/prensa.sma.gob.ar\/wp-content\/uploads\/2026\/09\/WhatsApp-Image-2026-09-03-at-2.14.24-PM-2-300x169.jpeg 300w, https:\/\/prensa.sma.gob.ar\/wp-content\/uploads\/2026\/09\/WhatsApp-Image-2026-09-03-at-2.14.24-PM-2-768x432.jpeg 768w, https:\/\/prensa.sma.gob.ar\/wp-content\/uploads\/2026\/09\/WhatsApp-Image-2026-09-03-at-2.14.24-PM-2-1536x864.jpeg 1536w, https:\/\/prensa.sma.gob.ar\/wp-content\/uploads\/2026\/09\/WhatsApp-Image-2026-09-03-at-2.14.24-PM-2-324x182.jpeg 324w, https:\/\/prensa.sma.gob.ar\/wp-content\/uploads\/2026\/09\/WhatsApp-Image-2026-09-03-at-2.14.24-PM-2-695x391.jpeg 695w, https:\/\/prensa.sma.gob.ar\/wp-content\/uploads\/2026\/09\/WhatsApp-Image-2026-09-03-at-2.14.24-PM-2-1067x600.jpeg 1067w, https:\/\/prensa.sma.gob.ar\/wp-content\/uploads\/2026\/09\/WhatsApp-Image-2026-09-03-at-2.14.24-PM-2.jpeg 1600w\" sizes=\"auto, (max-width: 1024px) 100vw, 1024px\" \/><\/figure>\n\n\n\n<figure class=\"wp-block-image size-large\"><img loading=\"lazy\" decoding=\"async\" width=\"1024\" height=\"576\" data-id=\"16224\" src=\"https:\/\/prensa.sma.gob.ar\/wp-content\/uploads\/2026\/09\/WhatsApp-Image-2026-09-03-at-2.14.24-PM-3-1024x576.jpeg\" alt=\"\" class=\"wp-image-16224\" srcset=\"https:\/\/prensa.sma.gob.ar\/wp-content\/uploads\/2026\/09\/WhatsApp-Image-2026-09-03-at-2.14.24-PM-3-1024x576.jpeg 1024w, https:\/\/prensa.sma.gob.ar\/wp-content\/uploads\/2026\/09\/WhatsApp-Image-2026-09-03-at-2.14.24-PM-3-300x169.jpeg 300w, https:\/\/prensa.sma.gob.ar\/wp-content\/uploads\/2026\/09\/WhatsApp-Image-2026-09-03-at-2.14.24-PM-3-768x432.jpeg 768w, https:\/\/prensa.sma.gob.ar\/wp-content\/uploads\/2026\/09\/WhatsApp-Image-2026-09-03-at-2.14.24-PM-3-1536x864.jpeg 1536w, https:\/\/prensa.sma.gob.ar\/wp-content\/uploads\/2026\/09\/WhatsApp-Image-2026-09-03-at-2.14.24-PM-3-324x182.jpeg 324w, https:\/\/prensa.sma.gob.ar\/wp-content\/uploads\/2026\/09\/WhatsApp-Image-2026-09-03-at-2.14.24-PM-3-695x391.jpeg 695w, https:\/\/prensa.sma.gob.ar\/wp-content\/uploads\/2026\/09\/WhatsApp-Image-2026-09-03-at-2.14.24-PM-3-1067x600.jpeg 1067w, https:\/\/prensa.sma.gob.ar\/wp-content\/uploads\/2026\/09\/WhatsApp-Image-2026-09-03-at-2.14.24-PM-3.jpeg 1600w\" sizes=\"auto, (max-width: 1024px) 100vw, 1024px\" \/><\/figure>\n\n\n\n<figure class=\"wp-block-image size-large\"><img loading=\"lazy\" decoding=\"async\" width=\"1024\" height=\"576\" data-id=\"16222\" src=\"https:\/\/prensa.sma.gob.ar\/wp-content\/uploads\/2026\/09\/WhatsApp-Image-2026-09-03-at-2.14.24-PM-1024x576.jpeg\" alt=\"\" class=\"wp-image-16222\" srcset=\"https:\/\/prensa.sma.gob.ar\/wp-content\/uploads\/2026\/09\/WhatsApp-Image-2026-09-03-at-2.14.24-PM-1024x576.jpeg 1024w, https:\/\/prensa.sma.gob.ar\/wp-content\/uploads\/2026\/09\/WhatsApp-Image-2026-09-03-at-2.14.24-PM-300x169.jpeg 300w, https:\/\/prensa.sma.gob.ar\/wp-content\/uploads\/2026\/09\/WhatsApp-Image-2026-09-03-at-2.14.24-PM-768x432.jpeg 768w, https:\/\/prensa.sma.gob.ar\/wp-content\/uploads\/2026\/09\/WhatsApp-Image-2026-09-03-at-2.14.24-PM-324x182.jpeg 324w, https:\/\/prensa.sma.gob.ar\/wp-content\/uploads\/2026\/09\/WhatsApp-Image-2026-09-03-at-2.14.24-PM-1536x864.jpeg 1536w, https:\/\/prensa.sma.gob.ar\/wp-content\/uploads\/2026\/09\/WhatsApp-Image-2026-09-03-at-2.14.24-PM-695x391.jpeg 695w, https:\/\/prensa.sma.gob.ar\/wp-content\/uploads\/2026\/09\/WhatsApp-Image-2026-09-03-at-2.14.24-PM-1067x600.jpeg 1067w, https:\/\/prensa.sma.gob.ar\/wp-content\/uploads\/2026\/09\/WhatsApp-Image-2026-09-03-at-2.14.24-PM.jpeg 1600w\" sizes=\"auto, (max-width: 1024px) 100vw, 1024px\" \/><\/figure>\n\n\n\n<figure class=\"wp-block-image size-large\"><img loading=\"lazy\" decoding=\"async\" width=\"1024\" height=\"576\" data-id=\"16225\" src=\"https:\/\/prensa.sma.gob.ar\/wp-content\/uploads\/2026\/09\/WhatsApp-Image-2026-09-03-at-2.14.24-PM-1-1024x576.jpeg\" alt=\"\" class=\"wp-image-16225\" srcset=\"https:\/\/prensa.sma.gob.ar\/wp-content\/uploads\/2026\/09\/WhatsApp-Image-2026-09-03-at-2.14.24-PM-1-1024x576.jpeg 1024w, https:\/\/prensa.sma.gob.ar\/wp-content\/uploads\/2026\/09\/WhatsApp-Image-2026-09-03-at-2.14.24-PM-1-768x432.jpeg 768w, https:\/\/prensa.sma.gob.ar\/wp-content\/uploads\/2026\/09\/WhatsApp-Image-2026-09-03-at-2.14.24-PM-1-300x169.jpeg 300w, https:\/\/prensa.sma.gob.ar\/wp-content\/uploads\/2026\/09\/WhatsApp-Image-2026-09-03-at-2.14.24-PM-1-1536x864.jpeg 1536w, https:\/\/prensa.sma.gob.ar\/wp-content\/uploads\/2026\/09\/WhatsApp-Image-2026-09-03-at-2.14.24-PM-1-324x182.jpeg 324w, https:\/\/prensa.sma.gob.ar\/wp-content\/uploads\/2026\/09\/WhatsApp-Image-2026-09-03-at-2.14.24-PM-1-695x391.jpeg 695w, https:\/\/prensa.sma.gob.ar\/wp-content\/uploads\/2026\/09\/WhatsApp-Image-2026-09-03-at-2.14.24-PM-1-1067x600.jpeg 1067w, https:\/\/prensa.sma.gob.ar\/wp-content\/uploads\/2026\/09\/WhatsApp-Image-2026-09-03-at-2.14.24-PM-1.jpeg 1600w\" sizes=\"auto, (max-width: 1024px) 100vw, 1024px\" \/><\/figure>\n\n\n\n<figure class=\"wp-block-image size-large\"><img loading=\"lazy\" decoding=\"async\" width=\"1024\" height=\"576\" data-id=\"16223\" src=\"https:\/\/prensa.sma.gob.ar\/wp-content\/uploads\/2026\/09\/WhatsApp-Image-2026-09-03-at-2.14.24-PM-4-1024x576.jpeg\" alt=\"\" class=\"wp-image-16223\" srcset=\"https:\/\/prensa.sma.gob.ar\/wp-content\/uploads\/2026\/09\/WhatsApp-Image-2026-09-03-at-2.14.24-PM-4-1024x576.jpeg 1024w, https:\/\/prensa.sma.gob.ar\/wp-content\/uploads\/2026\/09\/WhatsApp-Image-2026-09-03-at-2.14.24-PM-4-300x169.jpeg 300w, https:\/\/prensa.sma.gob.ar\/wp-content\/uploads\/2026\/09\/WhatsApp-Image-2026-09-03-at-2.14.24-PM-4-768x432.jpeg 768w, https:\/\/prensa.sma.gob.ar\/wp-content\/uploads\/2026\/09\/WhatsApp-Image-2026-09-03-at-2.14.24-PM-4-1536x864.jpeg 1536w, https:\/\/prensa.sma.gob.ar\/wp-content\/uploads\/2026\/09\/WhatsApp-Image-2026-09-03-at-2.14.24-PM-4-324x182.jpeg 324w, https:\/\/prensa.sma.gob.ar\/wp-content\/uploads\/2026\/09\/WhatsApp-Image-2026-09-03-at-2.14.24-PM-4-695x391.jpeg 695w, https:\/\/prensa.sma.gob.ar\/wp-content\/uploads\/2026\/09\/WhatsApp-Image-2026-09-03-at-2.14.24-PM-4-1067x600.jpeg 1067w, https:\/\/prensa.sma.gob.ar\/wp-content\/uploads\/2026\/09\/WhatsApp-Image-2026-09-03-at-2.14.24-PM-4.jpeg 1600w\" sizes=\"auto, (max-width: 1024px) 100vw, 1024px\" \/><\/figure>\n\n\n\n<figure class=\"wp-block-image size-large\"><img loading=\"lazy\" decoding=\"async\" width=\"1024\" height=\"576\" data-id=\"16220\" src=\"https:\/\/prensa.sma.gob.ar\/wp-content\/uploads\/2026\/09\/WhatsApp-Image-2026-09-03-at-2.14.25-PM-1-1024x576.jpeg\" alt=\"\" class=\"wp-image-16220\" srcset=\"https:\/\/prensa.sma.gob.ar\/wp-content\/uploads\/2026\/09\/WhatsApp-Image-2026-09-03-at-2.14.25-PM-1-1024x576.jpeg 1024w, https:\/\/prensa.sma.gob.ar\/wp-content\/uploads\/2026\/09\/WhatsApp-Image-2026-09-03-at-2.14.25-PM-1-300x169.jpeg 300w, https:\/\/prensa.sma.gob.ar\/wp-content\/uploads\/2026\/09\/WhatsApp-Image-2026-09-03-at-2.14.25-PM-1-768x432.jpeg 768w, https:\/\/prensa.sma.gob.ar\/wp-content\/uploads\/2026\/09\/WhatsApp-Image-2026-09-03-at-2.14.25-PM-1-1536x864.jpeg 1536w, https:\/\/prensa.sma.gob.ar\/wp-content\/uploads\/2026\/09\/WhatsApp-Image-2026-09-03-at-2.14.25-PM-1-695x391.jpeg 695w, https:\/\/prensa.sma.gob.ar\/wp-content\/uploads\/2026\/09\/WhatsApp-Image-2026-09-03-at-2.14.25-PM-1-324x182.jpeg 324w, https:\/\/prensa.sma.gob.ar\/wp-content\/uploads\/2026\/09\/WhatsApp-Image-2026-09-03-at-2.14.25-PM-1-1067x600.jpeg 1067w, https:\/\/prensa.sma.gob.ar\/wp-content\/uploads\/2026\/09\/WhatsApp-Image-2026-09-03-at-2.14.25-PM-1.jpeg 1600w\" sizes=\"auto, (max-width: 1024px) 100vw, 1024px\" \/><\/figure>\n\n\n\n<figure class=\"wp-block-image size-large\"><img loading=\"lazy\" decoding=\"async\" width=\"1024\" height=\"576\" data-id=\"16217\" src=\"https:\/\/prensa.sma.gob.ar\/wp-content\/uploads\/2026\/09\/WhatsApp-Image-2026-09-03-at-2.14.25-PM-3-1024x576.jpeg\" alt=\"\" class=\"wp-image-16217\" srcset=\"https:\/\/prensa.sma.gob.ar\/wp-content\/uploads\/2026\/09\/WhatsApp-Image-2026-09-03-at-2.14.25-PM-3-1024x576.jpeg 1024w, https:\/\/prensa.sma.gob.ar\/wp-content\/uploads\/2026\/09\/WhatsApp-Image-2026-09-03-at-2.14.25-PM-3-300x169.jpeg 300w, https:\/\/prensa.sma.gob.ar\/wp-content\/uploads\/2026\/09\/WhatsApp-Image-2026-09-03-at-2.14.25-PM-3-768x432.jpeg 768w, https:\/\/prensa.sma.gob.ar\/wp-content\/uploads\/2026\/09\/WhatsApp-Image-2026-09-03-at-2.14.25-PM-3-1536x864.jpeg 1536w, https:\/\/prensa.sma.gob.ar\/wp-content\/uploads\/2026\/09\/WhatsApp-Image-2026-09-03-at-2.14.25-PM-3-324x182.jpeg 324w, https:\/\/prensa.sma.gob.ar\/wp-content\/uploads\/2026\/09\/WhatsApp-Image-2026-09-03-at-2.14.25-PM-3-695x391.jpeg 695w, https:\/\/prensa.sma.gob.ar\/wp-content\/uploads\/2026\/09\/WhatsApp-Image-2026-09-03-at-2.14.25-PM-3-1067x600.jpeg 1067w, https:\/\/prensa.sma.gob.ar\/wp-content\/uploads\/2026\/09\/WhatsApp-Image-2026-09-03-at-2.14.25-PM-3.jpeg 1600w\" sizes=\"auto, (max-width: 1024px) 100vw, 1024px\" \/><\/figure>\n\n\n\n<figure class=\"wp-block-image size-large\"><img loading=\"lazy\" decoding=\"async\" width=\"1024\" height=\"576\" data-id=\"16221\" src=\"https:\/\/prensa.sma.gob.ar\/wp-content\/uploads\/2026\/09\/WhatsApp-Image-2026-09-03-at-2.14.25-PM-2-1024x576.jpeg\" alt=\"\" class=\"wp-image-16221\" srcset=\"https:\/\/prensa.sma.gob.ar\/wp-content\/uploads\/2026\/09\/WhatsApp-Image-2026-09-03-at-2.14.25-PM-2-1024x576.jpeg 1024w, https:\/\/prensa.sma.gob.ar\/wp-content\/uploads\/2026\/09\/WhatsApp-Image-2026-09-03-at-2.14.25-PM-2-768x432.jpeg 768w, https:\/\/prensa.sma.gob.ar\/wp-content\/uploads\/2026\/09\/WhatsApp-Image-2026-09-03-at-2.14.25-PM-2-300x169.jpeg 300w, https:\/\/prensa.sma.gob.ar\/wp-content\/uploads\/2026\/09\/WhatsApp-Image-2026-09-03-at-2.14.25-PM-2-1536x864.jpeg 1536w, https:\/\/prensa.sma.gob.ar\/wp-content\/uploads\/2026\/09\/WhatsApp-Image-2026-09-03-at-2.14.25-PM-2-324x182.jpeg 324w, https:\/\/prensa.sma.gob.ar\/wp-content\/uploads\/2026\/09\/WhatsApp-Image-2026-09-03-at-2.14.25-PM-2-695x391.jpeg 695w, https:\/\/prensa.sma.gob.ar\/wp-content\/uploads\/2026\/09\/WhatsApp-Image-2026-09-03-at-2.14.25-PM-2-1067x600.jpeg 1067w, https:\/\/prensa.sma.gob.ar\/wp-content\/uploads\/2026\/09\/WhatsApp-Image-2026-09-03-at-2.14.25-PM-2.jpeg 1600w\" sizes=\"auto, (max-width: 1024px) 100vw, 1024px\" \/><\/figure>\n<\/figure>\n\n\n\n<p class=\"wp-block-paragraph\"><\/p>\n","protected":false},"excerpt":{"rendered":"<p>El intendente municipal, Carlos Saloniti, asisti\u00f3 a la sesi\u00f3n especial de este jueves en el Concejo Deliberante acompa\u00f1ado de representantes y afiliados de los sindicatos ATE, UTA; de comisiones barriales, organizaciones sociales, instituciones deportivas y representantes de entidades de culto. La jornada incluy\u00f3 una vigilia hasta que, cerca de las 17 horas, el Legislativo comunal [&hellip;]<\/p>\n","protected":false},"author":2,"featured_media":16218,"comment_status":"closed","ping_status":"open","sticky":false,"template":"","format":"standard","meta":{"footnotes":""},"categories":[16,14,17,1],"tags":[],"class_list":["post-16213","post","type-post","status-publish","format-standard","has-post-thumbnail","category-destacadas","category-noticias","category-portada","category-uncategorized"],"_links":{"self":[{"href":"https:\/\/prensa.sma.gob.ar\/index.php?rest_route=\/wp\/v2\/posts\/16213","targetHints":{"allow":["GET"]}}],"collection":[{"href":"https:\/\/prensa.sma.gob.ar\/index.php?rest_route=\/wp\/v2\/posts"}],"about":[{"href":"https:\/\/prensa.sma.gob.ar\/index.php?rest_route=\/wp\/v2\/types\/post"}],"author":[{"embeddable":true,"href":"https:\/\/prensa.sma.gob.ar\/index.php?rest_route=\/wp\/v2\/users\/2"}],"replies":[{"embeddable":true,"href":"https:\/\/prensa.sma.gob.ar\/index.php?rest_route=%2Fwp%2Fv2%2Fcomments&post=16213"}],"version-history":[{"count":4,"href":"https:\/\/prensa.sma.gob.ar\/index.php?rest_route=\/wp\/v2\/posts\/16213\/revisions"}],"predecessor-version":[{"id":16262,"href":"https:\/\/prensa.sma.gob.ar\/index.php?rest_route=\/wp\/v2\/posts\/16213\/revisions\/16262"}],"wp:featuredmedia":[{"embeddable":true,"href":"https:\/\/prensa.sma.gob.ar\/index.php?rest_route=\/wp\/v2\/media\/16218"}],"wp:attachment":[{"href":"https:\/\/prensa.sma.gob.ar\/index.php?rest_route=%2Fwp%2Fv2%2Fmedia&parent=16213"}],"wp:term":[{"taxonomy":"category","embeddable":true,"href":"https:\/\/prensa.sma.gob.ar\/index.php?rest_route=%2Fwp%2Fv2%2Fcategories&post=16213"},{"taxonomy":"post_tag","embeddable":true,"href":"https:\/\/prensa.sma.gob.ar\/index.php?rest_route=%2Fwp%2Fv2%2Ftags&post=16213"}],"curies":[{"name":"wp","href":"https:\/\/api.w.org\/{rel}","templated":true}]}}