{"id":16289,"date":"2026-09-04T22:07:26","date_gmt":"2026-09-04T22:07:26","guid":{"rendered":"https:\/\/prensa.sma.gob.ar\/?p=16289"},"modified":"2026-09-04T22:07:27","modified_gmt":"2026-09-04T22:07:27","slug":"nueva-jornada-de-la-feria-intercultural-de-productores","status":"publish","type":"post","link":"https:\/\/prensa.sma.gob.ar\/?p=16289","title":{"rendered":"Nueva jornada de la Feria Intercultural de Productores"},"content":{"rendered":"\n<p class=\"wp-block-paragraph\">Este s\u00e1bado 5 de septiembre, de 10 a 14 horas, se realizar\u00e1 una nueva jornada de la Feria Intercultural de Productores en el Parque Lineal Pocahullo.<\/p>\n\n\n\n<p class=\"wp-block-paragraph\">Se trata de un espacio de comercializaci\u00f3n que re\u00fane a productores y emprendedores locales y acerca su trabajo directamente a la comunidad.<\/p>\n\n\n\n<p class=\"wp-block-paragraph\">Productos frescos y huerta de estaci\u00f3n<br>Panificados y cosas dulces<br>Miel y conservas<br>Plantines y semillas<br>Cosm\u00e9tica natural<br>Artesan\u00edas y cer\u00e1mica<br>Huevos y mucho m\u00e1s.<\/p>\n\n\n\n<p class=\"wp-block-paragraph\">S\u00e1bado 5 de septiembre, de 10 a 14 horas, Parque Lineal Pocahullo \u2013 Elordi y 3 de Caballer\u00eda<\/p>\n\n\n\n<p class=\"wp-block-paragraph\">La Subsecretar\u00eda de Producci\u00f3n y Empleo acompa\u00f1a y difunde este espacio impulsado junto a la Mesa de Desarrollo Rural L\u00e1car, fortaleciendo la comercializaci\u00f3n de productos locales y el encuentro entre productores y vecinos.<\/p>\n\n\n\n<p class=\"wp-block-paragraph\">Los esperamos para recorrer la feria, conocer la producci\u00f3n de nuestra zona y apoyar el trabajo local.<\/p>\n","protected":false},"excerpt":{"rendered":"<p>Este s\u00e1bado 5 de septiembre, de 10 a 14 horas, se realizar\u00e1 una nueva jornada de la Feria Intercultural de Productores en el Parque Lineal Pocahullo. Se trata de un espacio de comercializaci\u00f3n que re\u00fane a productores y emprendedores locales y acerca su trabajo directamente a la comunidad. Productos frescos y huerta de estaci\u00f3nPanificados y [&hellip;]<\/p>\n","protected":false},"author":2,"featured_media":16290,"comment_status":"closed","ping_status":"open","sticky":false,"template":"","format":"standard","meta":{"footnotes":""},"categories":[16,14,31],"tags":[],"class_list":["post-16289","post","type-post","status-publish","format-standard","has-post-thumbnail","category-destacadas","category-noticias","category-produccion"],"_links":{"self":[{"href":"https:\/\/prensa.sma.gob.ar\/index.php?rest_route=\/wp\/v2\/posts\/16289","targetHints":{"allow":["GET"]}}],"collection":[{"href":"https:\/\/prensa.sma.gob.ar\/index.php?rest_route=\/wp\/v2\/posts"}],"about":[{"href":"https:\/\/prensa.sma.gob.ar\/index.php?rest_route=\/wp\/v2\/types\/post"}],"author":[{"embeddable":true,"href":"https:\/\/prensa.sma.gob.ar\/index.php?rest_route=\/wp\/v2\/users\/2"}],"replies":[{"embeddable":true,"href":"https:\/\/prensa.sma.gob.ar\/index.php?rest_route=%2Fwp%2Fv2%2Fcomments&post=16289"}],"version-history":[{"count":1,"href":"https:\/\/prensa.sma.gob.ar\/index.php?rest_route=\/wp\/v2\/posts\/16289\/revisions"}],"predecessor-version":[{"id":16291,"href":"https:\/\/prensa.sma.gob.ar\/index.php?rest_route=\/wp\/v2\/posts\/16289\/revisions\/16291"}],"wp:featuredmedia":[{"embeddable":true,"href":"https:\/\/prensa.sma.gob.ar\/index.php?rest_route=\/wp\/v2\/media\/16290"}],"wp:attachment":[{"href":"https:\/\/prensa.sma.gob.ar\/index.php?rest_route=%2Fwp%2Fv2%2Fmedia&parent=16289"}],"wp:term":[{"taxonomy":"category","embeddable":true,"href":"https:\/\/prensa.sma.gob.ar\/index.php?rest_route=%2Fwp%2Fv2%2Fcategories&post=16289"},{"taxonomy":"post_tag","embeddable":true,"href":"https:\/\/prensa.sma.gob.ar\/index.php?rest_route=%2Fwp%2Fv2%2Ftags&post=16289"}],"curies":[{"name":"wp","href":"https:\/\/api.w.org\/{rel}","templated":true}]}}