{"id":16292,"date":"2026-09-04T22:11:03","date_gmt":"2026-09-04T22:11:03","guid":{"rendered":"https:\/\/prensa.sma.gob.ar\/?p=16292"},"modified":"2026-09-04T22:16:20","modified_gmt":"2026-09-04T22:16:20","slug":"provincia-confirma-que-el-pago-de-las-becas-gregorio-alvarez-sera-el-lunes-7-de-septiembre","status":"publish","type":"post","link":"https:\/\/prensa.sma.gob.ar\/?p=16292","title":{"rendered":"Provincia confirma que el pago de las becas Gregorio \u00c1lvarez ser\u00e1 el lunes 7 de septiembre"},"content":{"rendered":"\n<p class=\"wp-block-paragraph\">El Gobierno de la Provincia del Neuqu\u00e9n, a trav\u00e9s del programa Educa Neuqu\u00e9n, confirm\u00f3 la fecha de pago de las Becas Gregorio \u00c1lvarez.<\/p>\n\n\n\n<p class=\"wp-block-paragraph\">El cobro se realizar\u00e1 el pr\u00f3ximo lunes 7 de septiembre.<\/p>\n\n\n\n<p class=\"wp-block-paragraph\">Seg\u00fan inform\u00f3 el Ejecutivo, en esta oportunidad percibir\u00e1n el beneficio:<\/p>\n\n\n\n<ul class=\"wp-block-list\">\n<li>Estudiantes de todos los niveles educativos cuyas becas fueron recientemente aprobadas.<\/li>\n\n\n\n<li>Estudiantes de Nivel Superior, a quienes les corresponde el pago de la cuota de septiembre.<\/li>\n<\/ul>\n\n\n\n<p class=\"wp-block-paragraph\">La beca es parte del plan provincial \u00abNeuqu\u00e9n est\u00e1 cambiando\u00bb que busca garantizar la continuidad educativa en toda la provincia.<\/p>\n","protected":false},"excerpt":{"rendered":"<p>El Gobierno de la Provincia del Neuqu\u00e9n, a trav\u00e9s del programa Educa Neuqu\u00e9n, confirm\u00f3 la fecha de pago de las Becas Gregorio \u00c1lvarez. El cobro se realizar\u00e1 el pr\u00f3ximo lunes 7 de septiembre. Seg\u00fan inform\u00f3 el Ejecutivo, en esta oportunidad percibir\u00e1n el beneficio: La beca es parte del plan provincial \u00abNeuqu\u00e9n est\u00e1 cambiando\u00bb que busca [&hellip;]<\/p>\n","protected":false},"author":2,"featured_media":16293,"comment_status":"closed","ping_status":"open","sticky":false,"template":"","format":"standard","meta":{"footnotes":""},"categories":[16,9,14],"tags":[],"class_list":["post-16292","post","type-post","status-publish","format-standard","has-post-thumbnail","category-destacadas","category-educacion","category-noticias"],"_links":{"self":[{"href":"https:\/\/prensa.sma.gob.ar\/index.php?rest_route=\/wp\/v2\/posts\/16292","targetHints":{"allow":["GET"]}}],"collection":[{"href":"https:\/\/prensa.sma.gob.ar\/index.php?rest_route=\/wp\/v2\/posts"}],"about":[{"href":"https:\/\/prensa.sma.gob.ar\/index.php?rest_route=\/wp\/v2\/types\/post"}],"author":[{"embeddable":true,"href":"https:\/\/prensa.sma.gob.ar\/index.php?rest_route=\/wp\/v2\/users\/2"}],"replies":[{"embeddable":true,"href":"https:\/\/prensa.sma.gob.ar\/index.php?rest_route=%2Fwp%2Fv2%2Fcomments&post=16292"}],"version-history":[{"count":2,"href":"https:\/\/prensa.sma.gob.ar\/index.php?rest_route=\/wp\/v2\/posts\/16292\/revisions"}],"predecessor-version":[{"id":16295,"href":"https:\/\/prensa.sma.gob.ar\/index.php?rest_route=\/wp\/v2\/posts\/16292\/revisions\/16295"}],"wp:featuredmedia":[{"embeddable":true,"href":"https:\/\/prensa.sma.gob.ar\/index.php?rest_route=\/wp\/v2\/media\/16293"}],"wp:attachment":[{"href":"https:\/\/prensa.sma.gob.ar\/index.php?rest_route=%2Fwp%2Fv2%2Fmedia&parent=16292"}],"wp:term":[{"taxonomy":"category","embeddable":true,"href":"https:\/\/prensa.sma.gob.ar\/index.php?rest_route=%2Fwp%2Fv2%2Fcategories&post=16292"},{"taxonomy":"post_tag","embeddable":true,"href":"https:\/\/prensa.sma.gob.ar\/index.php?rest_route=%2Fwp%2Fv2%2Ftags&post=16292"}],"curies":[{"name":"wp","href":"https:\/\/api.w.org\/{rel}","templated":true}]}}