{"id":1632,"date":"2024-08-19T11:02:00","date_gmt":"2024-08-19T11:02:00","guid":{"rendered":"https:\/\/prensa.sma.gob.ar\/?p=1632"},"modified":"2024-08-19T18:06:32","modified_gmt":"2024-08-19T18:06:32","slug":"atencion-emprendedores-y-unidades-productivas","status":"publish","type":"post","link":"https:\/\/prensa.sma.gob.ar\/?p=1632","title":{"rendered":"\u00a1Atenci\u00f3n emprendedores y unidades productivas!"},"content":{"rendered":"\n<p>La Subsecretar\u00eda de Producci\u00f3n, empleo y Juventud del Municipio inform\u00f3 que est\u00e1 abierto el Registro de Emprendedores y Unidades Productivas de San Martin de los Andes.<\/p>\n\n\n\n<p>Este registro tiene como objetivo principal reunir a todos los emprendedores de nuestra comunidad para poder considerarlos en futuras l\u00edneas de financiamiento.<\/p>\n\n\n\n<p>Pueden participar, completando el siguiente formulario en l\u00ednea:<\/p>\n\n\n\n<p><a href=\"https:\/\/docs.google.com\/forms\/d\/e\/1FAIpQLSduKalmBuQ2IsGrzAC7O4sNWEbkfAkMfj-MbbhFHUYczzrVZQ\/viewform\">https:\/\/docs.google.com\/forms\/d\/e\/1FAIpQLSduKalmBuQ2IsGrzAC7O4sNWEbkfAkMfj-MbbhFHUYczzrVZQ\/viewform<\/a><\/p>\n","protected":false},"excerpt":{"rendered":"<p>La Subsecretar\u00eda de Producci\u00f3n, empleo y Juventud del Municipio inform\u00f3 que est\u00e1 abierto el Registro de Emprendedores y Unidades Productivas de San Martin de los Andes. Este registro tiene como objetivo principal reunir a todos los emprendedores de nuestra comunidad para poder considerarlos en futuras l\u00edneas de financiamiento. Pueden participar, completando el siguiente formulario en [&hellip;]<\/p>\n","protected":false},"author":1,"featured_media":1633,"comment_status":"closed","ping_status":"open","sticky":false,"template":"","format":"standard","meta":{"footnotes":""},"categories":[16,14,38],"tags":[],"class_list":{"0":"post-1632","1":"post","2":"type-post","3":"status-publish","4":"format-standard","5":"has-post-thumbnail","7":"category-destacadas","8":"category-noticias","9":"category-subsecretaria-produccion-empleo-y-juventud"},"_links":{"self":[{"href":"https:\/\/prensa.sma.gob.ar\/index.php?rest_route=\/wp\/v2\/posts\/1632","targetHints":{"allow":["GET"]}}],"collection":[{"href":"https:\/\/prensa.sma.gob.ar\/index.php?rest_route=\/wp\/v2\/posts"}],"about":[{"href":"https:\/\/prensa.sma.gob.ar\/index.php?rest_route=\/wp\/v2\/types\/post"}],"author":[{"embeddable":true,"href":"https:\/\/prensa.sma.gob.ar\/index.php?rest_route=\/wp\/v2\/users\/1"}],"replies":[{"embeddable":true,"href":"https:\/\/prensa.sma.gob.ar\/index.php?rest_route=%2Fwp%2Fv2%2Fcomments&post=1632"}],"version-history":[{"count":1,"href":"https:\/\/prensa.sma.gob.ar\/index.php?rest_route=\/wp\/v2\/posts\/1632\/revisions"}],"predecessor-version":[{"id":1634,"href":"https:\/\/prensa.sma.gob.ar\/index.php?rest_route=\/wp\/v2\/posts\/1632\/revisions\/1634"}],"wp:featuredmedia":[{"embeddable":true,"href":"https:\/\/prensa.sma.gob.ar\/index.php?rest_route=\/wp\/v2\/media\/1633"}],"wp:attachment":[{"href":"https:\/\/prensa.sma.gob.ar\/index.php?rest_route=%2Fwp%2Fv2%2Fmedia&parent=1632"}],"wp:term":[{"taxonomy":"category","embeddable":true,"href":"https:\/\/prensa.sma.gob.ar\/index.php?rest_route=%2Fwp%2Fv2%2Fcategories&post=1632"},{"taxonomy":"post_tag","embeddable":true,"href":"https:\/\/prensa.sma.gob.ar\/index.php?rest_route=%2Fwp%2Fv2%2Ftags&post=1632"}],"curies":[{"name":"wp","href":"https:\/\/api.w.org\/{rel}","templated":true}]}}