{"id":1635,"date":"2024-08-19T18:40:25","date_gmt":"2024-08-19T18:40:25","guid":{"rendered":"https:\/\/prensa.sma.gob.ar\/?p=1635"},"modified":"2024-08-20T03:53:50","modified_gmt":"2024-08-20T03:53:50","slug":"todo-lo-que-ingrese-del-estacionamiento-medido-ira-directo-al-boleto-estudiantil-gratuito","status":"publish","type":"post","link":"https:\/\/prensa.sma.gob.ar\/?p=1635","title":{"rendered":"\u201cTodo lo que ingrese del Estacionamiento Medido ir\u00e1 al boleto estudiantil gratuito\u201d"},"content":{"rendered":"\n<p>El Ejecutivo municipal inform\u00f3 a los j\u00f3venes movilizados este lunes sobre los plazos para la implementaci\u00f3n del boleto estudiantil gratuito en nuestra ciudad y se comprometi\u00f3 a gestionar la posibilidad de adelantar los tiempos de entrada en vigencia.<\/p>\n\n\n\n<p>En un acta suscripta por funcionarios del Municipio y representantes de los centros de estudiantes se estableci\u00f3 que la aplicaci\u00f3n de los fondos surgidos del estacionamiento medido para el boleto estudiantil se dar\u00e1 a partir del 25 de octubre pr\u00f3ximo.<\/p>\n\n\n\n<p>M\u00e1s all\u00e1 de esto, el Ejecutivo se comprometi\u00f3 a analizar la posible entrada en vigencia del boleto estudiantil a partir del 1 de octubre, de acuerdo al comienzo del funcionamiento del sistema de estacionamiento medido, previsto para finales de septiembre.<\/p>\n\n\n\n<p>El compromiso incluye mantener una comunicaci\u00f3n fluida con las y los estudiantes a fin de informar cualquier nueva situaci\u00f3n que surja en base a los temas planteados durante la reuni\u00f3n mantenida en el despacho municipal.<\/p>\n\n\n\n<figure class=\"wp-block-gallery has-nested-images columns-default is-cropped wp-block-gallery-1 is-layout-flex wp-block-gallery-is-layout-flex\">\n<figure class=\"wp-block-image size-large\"><img loading=\"lazy\" decoding=\"async\" width=\"1024\" height=\"771\" data-id=\"1639\" src=\"https:\/\/prensa.sma.gob.ar\/wp-content\/uploads\/2024\/08\/WhatsApp-Image-2024-08-19-at-15.01.32-1024x771.jpeg\" alt=\"\" class=\"wp-image-1639\" srcset=\"https:\/\/prensa.sma.gob.ar\/wp-content\/uploads\/2024\/08\/WhatsApp-Image-2024-08-19-at-15.01.32-1024x771.jpeg 1024w, https:\/\/prensa.sma.gob.ar\/wp-content\/uploads\/2024\/08\/WhatsApp-Image-2024-08-19-at-15.01.32-300x226.jpeg 300w, https:\/\/prensa.sma.gob.ar\/wp-content\/uploads\/2024\/08\/WhatsApp-Image-2024-08-19-at-15.01.32-768x578.jpeg 768w, https:\/\/prensa.sma.gob.ar\/wp-content\/uploads\/2024\/08\/WhatsApp-Image-2024-08-19-at-15.01.32-1536x1156.jpeg 1536w, https:\/\/prensa.sma.gob.ar\/wp-content\/uploads\/2024\/08\/WhatsApp-Image-2024-08-19-at-15.01.32-558x420.jpeg 558w, https:\/\/prensa.sma.gob.ar\/wp-content\/uploads\/2024\/08\/WhatsApp-Image-2024-08-19-at-15.01.32-80x60.jpeg 80w, https:\/\/prensa.sma.gob.ar\/wp-content\/uploads\/2024\/08\/WhatsApp-Image-2024-08-19-at-15.01.32-696x524.jpeg 696w, https:\/\/prensa.sma.gob.ar\/wp-content\/uploads\/2024\/08\/WhatsApp-Image-2024-08-19-at-15.01.32-1068x804.jpeg 1068w, https:\/\/prensa.sma.gob.ar\/wp-content\/uploads\/2024\/08\/WhatsApp-Image-2024-08-19-at-15.01.32.jpeg 1600w\" sizes=\"auto, (max-width: 1024px) 100vw, 1024px\" \/><\/figure>\n\n\n\n<figure class=\"wp-block-image size-large\"><img loading=\"lazy\" decoding=\"async\" width=\"771\" height=\"1024\" data-id=\"1640\" src=\"https:\/\/prensa.sma.gob.ar\/wp-content\/uploads\/2024\/08\/WhatsApp-Image-2024-08-19-at-15.01.31-771x1024.jpeg\" alt=\"\" class=\"wp-image-1640\" srcset=\"https:\/\/prensa.sma.gob.ar\/wp-content\/uploads\/2024\/08\/WhatsApp-Image-2024-08-19-at-15.01.31-771x1024.jpeg 771w, https:\/\/prensa.sma.gob.ar\/wp-content\/uploads\/2024\/08\/WhatsApp-Image-2024-08-19-at-15.01.31-226x300.jpeg 226w, https:\/\/prensa.sma.gob.ar\/wp-content\/uploads\/2024\/08\/WhatsApp-Image-2024-08-19-at-15.01.31-768x1021.jpeg 768w, https:\/\/prensa.sma.gob.ar\/wp-content\/uploads\/2024\/08\/WhatsApp-Image-2024-08-19-at-15.01.31-1156x1536.jpeg 1156w, https:\/\/prensa.sma.gob.ar\/wp-content\/uploads\/2024\/08\/WhatsApp-Image-2024-08-19-at-15.01.31-316x420.jpeg 316w, https:\/\/prensa.sma.gob.ar\/wp-content\/uploads\/2024\/08\/WhatsApp-Image-2024-08-19-at-15.01.31-696x925.jpeg 696w, https:\/\/prensa.sma.gob.ar\/wp-content\/uploads\/2024\/08\/WhatsApp-Image-2024-08-19-at-15.01.31-1068x1419.jpeg 1068w, https:\/\/prensa.sma.gob.ar\/wp-content\/uploads\/2024\/08\/WhatsApp-Image-2024-08-19-at-15.01.31.jpeg 1204w\" sizes=\"auto, (max-width: 771px) 100vw, 771px\" \/><\/figure>\n\n\n\n<figure class=\"wp-block-image size-large\"><img loading=\"lazy\" decoding=\"async\" width=\"771\" height=\"1024\" data-id=\"1641\" src=\"https:\/\/prensa.sma.gob.ar\/wp-content\/uploads\/2024\/08\/WhatsApp-Image-2024-08-19-at-15.01.10-771x1024.jpeg\" alt=\"\" class=\"wp-image-1641\" srcset=\"https:\/\/prensa.sma.gob.ar\/wp-content\/uploads\/2024\/08\/WhatsApp-Image-2024-08-19-at-15.01.10-771x1024.jpeg 771w, https:\/\/prensa.sma.gob.ar\/wp-content\/uploads\/2024\/08\/WhatsApp-Image-2024-08-19-at-15.01.10-226x300.jpeg 226w, https:\/\/prensa.sma.gob.ar\/wp-content\/uploads\/2024\/08\/WhatsApp-Image-2024-08-19-at-15.01.10-768x1021.jpeg 768w, https:\/\/prensa.sma.gob.ar\/wp-content\/uploads\/2024\/08\/WhatsApp-Image-2024-08-19-at-15.01.10-1156x1536.jpeg 1156w, https:\/\/prensa.sma.gob.ar\/wp-content\/uploads\/2024\/08\/WhatsApp-Image-2024-08-19-at-15.01.10-316x420.jpeg 316w, https:\/\/prensa.sma.gob.ar\/wp-content\/uploads\/2024\/08\/WhatsApp-Image-2024-08-19-at-15.01.10-696x925.jpeg 696w, https:\/\/prensa.sma.gob.ar\/wp-content\/uploads\/2024\/08\/WhatsApp-Image-2024-08-19-at-15.01.10-1068x1419.jpeg 1068w, https:\/\/prensa.sma.gob.ar\/wp-content\/uploads\/2024\/08\/WhatsApp-Image-2024-08-19-at-15.01.10.jpeg 1204w\" sizes=\"auto, (max-width: 771px) 100vw, 771px\" \/><\/figure>\n<\/figure>\n\n\n\n<p>Los acuerdos surgieron del encuentro encabezado por la presidenta del Concejo Deliberante, Natalia Vita, a cargo de la Intendencia; el secretario de Gobierno, Federico Vita; y el secretario de Hacienda, Mat\u00edas Fern\u00e1ndez Consoli.<\/p>\n\n\n\n<p>En representaci\u00f3n de los Centros de Estudiantes, asistieron al encuentro Mora Swi (Cepm 28); Mat\u00edas Tudanca (Cpem 57); Noah Palacios ((Cpem 13) y Abril Cesar (Epet 21).<\/p>\n\n\n\n<p>Tras la reuni\u00f3n y antes de la firma del acta, los funcionarios explicaron a las y los j\u00f3venes movilizados frente al edificio municipal, los detalles de la implementaci\u00f3n de la ordenanza, votada por el Concejo Deliberante en 2023, que estableci\u00f3 la gratuidad del boleto estudiantil, y la implementaci\u00f3n del estacionamiento medido que permitir\u00e1 financiar este derecho.<\/p>\n\n\n\n<p>Ante los j\u00f3venes, Natalia Vita explic\u00f3 c\u00f3mo se fue gestando el proceso que comenz\u00f3 con la aprobaci\u00f3n de la gratuidad del boleto estudiantil y terminar\u00e1 con la implementaci\u00f3n del estacionamiento medido. Este per\u00edodo de tiempo incluy\u00f3 asuntos propios de una licitaci\u00f3n y adjudicaci\u00f3n como per\u00edodos de impugnaciones y la firma del contrato.<\/p>\n\n\n\n<p>Vita ratific\u00f3 que, tal como se\u00f1ala la ordenanza correspondiente, todo lo que ingrese al Municipio en concepto de estacionamiento medido, ser\u00e1 aplicado a financiar el boleto estudiantil gratuito. Y que, una vez que comience a estar operativo el sistema de estacionamiento, se estima para la \u00faltima semana de septiembre, se activar\u00e1 el circuito financiero de recaudaci\u00f3n y aplicaci\u00f3n de esos fondos al pasaje gratuito.<\/p>\n\n\n\n<p>Federico Vita se\u00f1al\u00f3 all\u00ed que las posibilidades del financiamiento del transporte urbano de pasajeros, y en especial la implementaci\u00f3n del boleto estudiantil gratuito, se volvieron m\u00e1s complejas a partir de la decisi\u00f3n de las nuevas autoridades nacionales de dejar de subsidiar los servicios.<\/p>\n\n\n\n<p>El secretario de Gobierno record\u00f3 que, ante esta decisi\u00f3n, el Municipio contrajo dos cr\u00e9ditos ante la Provincia de Neuqu\u00e9n, e implement\u00f3 el estacionamiento medido. Y ratific\u00f3 el compromiso del Ejecutivo municipal para sostener la continuidad del transporte urbano de pasajeros y aplicar la gratuidad del boleto estudiantil.<\/p>\n\n\n\n<figure class=\"wp-block-gallery has-nested-images columns-default is-cropped wp-block-gallery-2 is-layout-flex wp-block-gallery-is-layout-flex\">\n<figure class=\"wp-block-image size-large\"><img loading=\"lazy\" decoding=\"async\" width=\"1024\" height=\"771\" data-id=\"1637\" src=\"https:\/\/prensa.sma.gob.ar\/wp-content\/uploads\/2024\/08\/WhatsApp-Image-2024-08-19-at-15.01.33-1024x771.jpeg\" alt=\"\" class=\"wp-image-1637\" srcset=\"https:\/\/prensa.sma.gob.ar\/wp-content\/uploads\/2024\/08\/WhatsApp-Image-2024-08-19-at-15.01.33-1024x771.jpeg 1024w, https:\/\/prensa.sma.gob.ar\/wp-content\/uploads\/2024\/08\/WhatsApp-Image-2024-08-19-at-15.01.33-300x226.jpeg 300w, https:\/\/prensa.sma.gob.ar\/wp-content\/uploads\/2024\/08\/WhatsApp-Image-2024-08-19-at-15.01.33-768x578.jpeg 768w, https:\/\/prensa.sma.gob.ar\/wp-content\/uploads\/2024\/08\/WhatsApp-Image-2024-08-19-at-15.01.33-1536x1156.jpeg 1536w, https:\/\/prensa.sma.gob.ar\/wp-content\/uploads\/2024\/08\/WhatsApp-Image-2024-08-19-at-15.01.33-558x420.jpeg 558w, https:\/\/prensa.sma.gob.ar\/wp-content\/uploads\/2024\/08\/WhatsApp-Image-2024-08-19-at-15.01.33-80x60.jpeg 80w, https:\/\/prensa.sma.gob.ar\/wp-content\/uploads\/2024\/08\/WhatsApp-Image-2024-08-19-at-15.01.33-696x524.jpeg 696w, https:\/\/prensa.sma.gob.ar\/wp-content\/uploads\/2024\/08\/WhatsApp-Image-2024-08-19-at-15.01.33-1068x804.jpeg 1068w, https:\/\/prensa.sma.gob.ar\/wp-content\/uploads\/2024\/08\/WhatsApp-Image-2024-08-19-at-15.01.33.jpeg 1600w\" sizes=\"auto, (max-width: 1024px) 100vw, 1024px\" \/><\/figure>\n\n\n\n<figure class=\"wp-block-image size-large\"><img loading=\"lazy\" decoding=\"async\" width=\"1024\" height=\"771\" data-id=\"1636\" src=\"https:\/\/prensa.sma.gob.ar\/wp-content\/uploads\/2024\/08\/WhatsApp-Image-2024-08-19-at-15.01.331-1024x771.jpeg\" alt=\"\" class=\"wp-image-1636\" srcset=\"https:\/\/prensa.sma.gob.ar\/wp-content\/uploads\/2024\/08\/WhatsApp-Image-2024-08-19-at-15.01.331-1024x771.jpeg 1024w, https:\/\/prensa.sma.gob.ar\/wp-content\/uploads\/2024\/08\/WhatsApp-Image-2024-08-19-at-15.01.331-300x226.jpeg 300w, https:\/\/prensa.sma.gob.ar\/wp-content\/uploads\/2024\/08\/WhatsApp-Image-2024-08-19-at-15.01.331-768x578.jpeg 768w, https:\/\/prensa.sma.gob.ar\/wp-content\/uploads\/2024\/08\/WhatsApp-Image-2024-08-19-at-15.01.331-1536x1156.jpeg 1536w, https:\/\/prensa.sma.gob.ar\/wp-content\/uploads\/2024\/08\/WhatsApp-Image-2024-08-19-at-15.01.331-558x420.jpeg 558w, https:\/\/prensa.sma.gob.ar\/wp-content\/uploads\/2024\/08\/WhatsApp-Image-2024-08-19-at-15.01.331-80x60.jpeg 80w, https:\/\/prensa.sma.gob.ar\/wp-content\/uploads\/2024\/08\/WhatsApp-Image-2024-08-19-at-15.01.331-696x524.jpeg 696w, https:\/\/prensa.sma.gob.ar\/wp-content\/uploads\/2024\/08\/WhatsApp-Image-2024-08-19-at-15.01.331-1068x804.jpeg 1068w, https:\/\/prensa.sma.gob.ar\/wp-content\/uploads\/2024\/08\/WhatsApp-Image-2024-08-19-at-15.01.331.jpeg 1600w\" sizes=\"auto, (max-width: 1024px) 100vw, 1024px\" \/><\/figure>\n<\/figure>\n\n\n\n<p>Durante la reuni\u00f3n con los representantes de los Centros de Estudiantes, el secretario de Hacienda explic\u00f3 tambi\u00e9n c\u00f3mo funciona el circuito de recaudaci\u00f3n entre el Municipio y la empresa a cargo del estacionamiento medido.<\/p>\n\n\n\n<p>Fern\u00e1ndez Consoli ratific\u00f3 que todo lo recaudado financiar\u00e1 el boleto estudiantil y asumi\u00f3 el compromiso de analizar la posibilidad de adelantar los tiempos previstos para la entrada en vigencia de la gratuidad, tal como luego qued\u00f3 plasmado en el acta correspondiente.<\/p>\n","protected":false},"excerpt":{"rendered":"<p>El Ejecutivo municipal inform\u00f3 a los j\u00f3venes movilizados este lunes sobre los plazos para la implementaci\u00f3n del boleto estudiantil gratuito en nuestra ciudad y se comprometi\u00f3 a gestionar la posibilidad de adelantar los tiempos de entrada en vigencia. En un acta suscripta por funcionarios del Municipio y representantes de los centros de estudiantes se estableci\u00f3 [&hellip;]<\/p>\n","protected":false},"author":2,"featured_media":1638,"comment_status":"closed","ping_status":"open","sticky":false,"template":"","format":"standard","meta":{"footnotes":""},"categories":[16,11,14,17],"tags":[],"class_list":{"0":"post-1635","1":"post","2":"type-post","3":"status-publish","4":"format-standard","5":"has-post-thumbnail","7":"category-destacadas","8":"category-gobierno","9":"category-noticias","10":"category-portada"},"_links":{"self":[{"href":"https:\/\/prensa.sma.gob.ar\/index.php?rest_route=\/wp\/v2\/posts\/1635","targetHints":{"allow":["GET"]}}],"collection":[{"href":"https:\/\/prensa.sma.gob.ar\/index.php?rest_route=\/wp\/v2\/posts"}],"about":[{"href":"https:\/\/prensa.sma.gob.ar\/index.php?rest_route=\/wp\/v2\/types\/post"}],"author":[{"embeddable":true,"href":"https:\/\/prensa.sma.gob.ar\/index.php?rest_route=\/wp\/v2\/users\/2"}],"replies":[{"embeddable":true,"href":"https:\/\/prensa.sma.gob.ar\/index.php?rest_route=%2Fwp%2Fv2%2Fcomments&post=1635"}],"version-history":[{"count":2,"href":"https:\/\/prensa.sma.gob.ar\/index.php?rest_route=\/wp\/v2\/posts\/1635\/revisions"}],"predecessor-version":[{"id":1651,"href":"https:\/\/prensa.sma.gob.ar\/index.php?rest_route=\/wp\/v2\/posts\/1635\/revisions\/1651"}],"wp:featuredmedia":[{"embeddable":true,"href":"https:\/\/prensa.sma.gob.ar\/index.php?rest_route=\/wp\/v2\/media\/1638"}],"wp:attachment":[{"href":"https:\/\/prensa.sma.gob.ar\/index.php?rest_route=%2Fwp%2Fv2%2Fmedia&parent=1635"}],"wp:term":[{"taxonomy":"category","embeddable":true,"href":"https:\/\/prensa.sma.gob.ar\/index.php?rest_route=%2Fwp%2Fv2%2Fcategories&post=1635"},{"taxonomy":"post_tag","embeddable":true,"href":"https:\/\/prensa.sma.gob.ar\/index.php?rest_route=%2Fwp%2Fv2%2Ftags&post=1635"}],"curies":[{"name":"wp","href":"https:\/\/api.w.org\/{rel}","templated":true}]}}