{"id":1643,"date":"2024-08-20T03:49:16","date_gmt":"2024-08-20T03:49:16","guid":{"rendered":"https:\/\/prensa.sma.gob.ar\/?p=1643"},"modified":"2024-08-20T03:49:17","modified_gmt":"2024-08-20T03:49:17","slug":"insumos-y-equipos-para-fortalecer-la-oficina-de-empleo-de-san-martin-de-los-andes","status":"publish","type":"post","link":"https:\/\/prensa.sma.gob.ar\/?p=1643","title":{"rendered":"Insumos y equipos para fortalecer la Oficina de Empleo de San Mart\u00edn de los Andes"},"content":{"rendered":"\n<p>El gobierno neuquino firm\u00f3 un convenio con el Municipio de San Mart\u00edn de los Andes para la entrega de material que permitir\u00e1 fortalecer las actividades de la Oficina de Empleo, como parte del programa provincial Emplea Neuqu\u00e9n.<\/p>\n\n\n\n<p>Se trata de una PC de escritorio, una notebook, un proyector, una impresora l\u00e1ser multifunci\u00f3n, carteles internos y externos, material gr\u00e1fico y de difusi\u00f3n y art\u00edculos de librer\u00eda, que ser\u00e1n remitidos a nuestra ciudad en el lapso de 20 d\u00edas.<\/p>\n\n\n\n<p>La firma del acta por insumos y equipos se realiz\u00f3 en la ciudad de Neuqu\u00e9n, durante un acto del que participaron el gobernador Rolando Figueroa; el ministro de Trabajo y Desarrollo Laboral, Lucas Castelli; el intendente de San Mart\u00edn de los Andes, Carlos Saloniti, y otros jefes comunales de 18 municipios alcanzados por este programa.<\/p>\n\n\n\n<p>El estado provincial invirti\u00f3 en total 75 millones de pesos en convenios con todos los municipios con el objetivo de mejorar las prestaciones para la ciudadan\u00eda que busca empleo en cada una de las regiones de la provincia.<\/p>\n\n\n\n<p>El eje fundamental de Emplea Neuqu\u00e9n es mejorar las condiciones para acceder a empleos de las y los neuquinos en todo el territorio, ofreciendo cursos de capacitaci\u00f3n, talleres de formaci\u00f3n en oficios y diplomaturas, de manera libre y gratuita.<\/p>\n\n\n\n<figure class=\"wp-block-gallery has-nested-images columns-default is-cropped wp-block-gallery-1 is-layout-flex wp-block-gallery-is-layout-flex\">\n<figure class=\"wp-block-image size-large\"><img loading=\"lazy\" decoding=\"async\" width=\"1024\" height=\"682\" data-id=\"1649\" src=\"https:\/\/prensa.sma.gob.ar\/wp-content\/uploads\/2024\/08\/WhatsApp-Image-2024-08-19-at-23.09.44-1024x682.jpeg\" alt=\"\" class=\"wp-image-1649\" srcset=\"https:\/\/prensa.sma.gob.ar\/wp-content\/uploads\/2024\/08\/WhatsApp-Image-2024-08-19-at-23.09.44-1024x682.jpeg 1024w, https:\/\/prensa.sma.gob.ar\/wp-content\/uploads\/2024\/08\/WhatsApp-Image-2024-08-19-at-23.09.44-300x200.jpeg 300w, https:\/\/prensa.sma.gob.ar\/wp-content\/uploads\/2024\/08\/WhatsApp-Image-2024-08-19-at-23.09.44-768x512.jpeg 768w, https:\/\/prensa.sma.gob.ar\/wp-content\/uploads\/2024\/08\/WhatsApp-Image-2024-08-19-at-23.09.44-1536x1023.jpeg 1536w, https:\/\/prensa.sma.gob.ar\/wp-content\/uploads\/2024\/08\/WhatsApp-Image-2024-08-19-at-23.09.44-630x420.jpeg 630w, https:\/\/prensa.sma.gob.ar\/wp-content\/uploads\/2024\/08\/WhatsApp-Image-2024-08-19-at-23.09.44-696x464.jpeg 696w, https:\/\/prensa.sma.gob.ar\/wp-content\/uploads\/2024\/08\/WhatsApp-Image-2024-08-19-at-23.09.44-1068x712.jpeg 1068w, https:\/\/prensa.sma.gob.ar\/wp-content\/uploads\/2024\/08\/WhatsApp-Image-2024-08-19-at-23.09.44.jpeg 1600w\" sizes=\"auto, (max-width: 1024px) 100vw, 1024px\" \/><\/figure>\n\n\n\n<figure class=\"wp-block-image size-large\"><img loading=\"lazy\" decoding=\"async\" width=\"1024\" height=\"768\" data-id=\"1648\" src=\"https:\/\/prensa.sma.gob.ar\/wp-content\/uploads\/2024\/08\/WhatsApp-Image-2024-08-19-at-23.09.441-1024x768.jpeg\" alt=\"\" class=\"wp-image-1648\" srcset=\"https:\/\/prensa.sma.gob.ar\/wp-content\/uploads\/2024\/08\/WhatsApp-Image-2024-08-19-at-23.09.441-1024x768.jpeg 1024w, https:\/\/prensa.sma.gob.ar\/wp-content\/uploads\/2024\/08\/WhatsApp-Image-2024-08-19-at-23.09.441-300x225.jpeg 300w, https:\/\/prensa.sma.gob.ar\/wp-content\/uploads\/2024\/08\/WhatsApp-Image-2024-08-19-at-23.09.441-768x576.jpeg 768w, https:\/\/prensa.sma.gob.ar\/wp-content\/uploads\/2024\/08\/WhatsApp-Image-2024-08-19-at-23.09.441-1536x1152.jpeg 1536w, https:\/\/prensa.sma.gob.ar\/wp-content\/uploads\/2024\/08\/WhatsApp-Image-2024-08-19-at-23.09.441-560x420.jpeg 560w, https:\/\/prensa.sma.gob.ar\/wp-content\/uploads\/2024\/08\/WhatsApp-Image-2024-08-19-at-23.09.441-80x60.jpeg 80w, https:\/\/prensa.sma.gob.ar\/wp-content\/uploads\/2024\/08\/WhatsApp-Image-2024-08-19-at-23.09.441-696x522.jpeg 696w, https:\/\/prensa.sma.gob.ar\/wp-content\/uploads\/2024\/08\/WhatsApp-Image-2024-08-19-at-23.09.441-1068x801.jpeg 1068w, https:\/\/prensa.sma.gob.ar\/wp-content\/uploads\/2024\/08\/WhatsApp-Image-2024-08-19-at-23.09.441.jpeg 1600w\" sizes=\"auto, (max-width: 1024px) 100vw, 1024px\" \/><\/figure>\n\n\n\n<figure class=\"wp-block-image size-large\"><img loading=\"lazy\" decoding=\"async\" width=\"768\" height=\"1024\" data-id=\"1644\" src=\"https:\/\/prensa.sma.gob.ar\/wp-content\/uploads\/2024\/08\/WhatsApp-Image-2024-08-19-at-23.09.461-768x1024.jpeg\" alt=\"\" class=\"wp-image-1644\" srcset=\"https:\/\/prensa.sma.gob.ar\/wp-content\/uploads\/2024\/08\/WhatsApp-Image-2024-08-19-at-23.09.461-768x1024.jpeg 768w, https:\/\/prensa.sma.gob.ar\/wp-content\/uploads\/2024\/08\/WhatsApp-Image-2024-08-19-at-23.09.461-225x300.jpeg 225w, https:\/\/prensa.sma.gob.ar\/wp-content\/uploads\/2024\/08\/WhatsApp-Image-2024-08-19-at-23.09.461-1152x1536.jpeg 1152w, https:\/\/prensa.sma.gob.ar\/wp-content\/uploads\/2024\/08\/WhatsApp-Image-2024-08-19-at-23.09.461-315x420.jpeg 315w, https:\/\/prensa.sma.gob.ar\/wp-content\/uploads\/2024\/08\/WhatsApp-Image-2024-08-19-at-23.09.461-696x928.jpeg 696w, https:\/\/prensa.sma.gob.ar\/wp-content\/uploads\/2024\/08\/WhatsApp-Image-2024-08-19-at-23.09.461-1068x1424.jpeg 1068w, https:\/\/prensa.sma.gob.ar\/wp-content\/uploads\/2024\/08\/WhatsApp-Image-2024-08-19-at-23.09.461.jpeg 1200w\" sizes=\"auto, (max-width: 768px) 100vw, 768px\" \/><\/figure>\n<\/figure>\n\n\n\n<p>\u201cVamos a presenciar un cambio de paradigma en el crecimiento de una provincia. Estamos mostrando a las empresas que podemos formar a nuestra gente; y le estamos dando formalidad a este proceso\u201d, se\u00f1al\u00f3 Figueroa.<\/p>\n\n\n\n<p>Esta forma de trabajo es tambi\u00e9n \u201cun cambio de paradigma para los intendentes\u201d, sostuvo y a la vez dej\u00f3 un mensaje para los j\u00f3venes neuquinos: \u201cSepan que si se forman van a conseguir trabajo\u201d. Hasta ahora, m\u00e1s de 3.000 personas se han capacitado para conseguir un empleo formal.<\/p>\n\n\n\n<p>\u201cEn el trabajo de regionalizaci\u00f3n que llevamos adelante es muy importante el paso que hemos dado con los municipios en las distintas regiones de la provincia, preparando y formando a su gente para que puedan obtener empleo. Con esto hemos demostrado tambi\u00e9n que el gobierno puede ser un gran nexo y que con la ayuda de varios privados y de los gremios podemos formar nuestra gente\u201d, agreg\u00f3 el mandatario.<\/p>\n\n\n\n<p>Luego de firmar el acta, el intendente Saloniti agradeci\u00f3 \u201cel acompa\u00f1amiento del gobierno provincial en un \u00e1rea muy sensible y necesaria, para fortalecer la generaci\u00f3n de empleo para las vecinas y vecinos de San Mart\u00edn de los Andes\u201d. Destac\u00f3 adem\u00e1s \u201cel rol del Estado provincial para articular entre la demanda de empleo y la capacitaci\u00f3n\u201d.<\/p>\n\n\n\n<p>El plan provincial Emplea Neuqu\u00e9n fue puesto en marcha en enero pasado e incluy\u00f3 &nbsp;la firma de un acuerdo de colaboraci\u00f3n con 30 sindicatos y gremios para la implementaci\u00f3n y ejecuci\u00f3n de esta pol\u00edtica p\u00fablica.<\/p>\n\n\n\n<p>Adem\u00e1s de ofrecer capacitaci\u00f3n individual, las empresas pymes y comercios pueden acercarse a las oficinas de empleo y consultar sobre los perfiles laborales de aquellas personas registradas en Emplea Neuqu\u00e9n y realizar una selecci\u00f3n para las b\u00fasquedas de personal.<\/p>\n\n\n\n<p>Emplea Neuqu\u00e9n ya cuenta con la participaci\u00f3n de 16 municipios y comisiones de fomento seleccionados para llegar a cada rinc\u00f3n de la provincia, respetando y siguiendo el Plan de Regionalizaci\u00f3n. Este lunes se sumaron El Huec\u00fa y El Cholar.<\/p>\n","protected":false},"excerpt":{"rendered":"<p>El gobierno neuquino firm\u00f3 un convenio con el Municipio de San Mart\u00edn de los Andes para la entrega de material que permitir\u00e1 fortalecer las actividades de la Oficina de Empleo, como parte del programa provincial Emplea Neuqu\u00e9n. Se trata de una PC de escritorio, una notebook, un proyector, una impresora l\u00e1ser multifunci\u00f3n, carteles internos y [&hellip;]<\/p>\n","protected":false},"author":2,"featured_media":1645,"comment_status":"closed","ping_status":"open","sticky":false,"template":"","format":"standard","meta":{"footnotes":""},"categories":[16,14,17,38],"tags":[],"class_list":{"0":"post-1643","1":"post","2":"type-post","3":"status-publish","4":"format-standard","5":"has-post-thumbnail","7":"category-destacadas","8":"category-noticias","9":"category-portada","10":"category-subsecretaria-produccion-empleo-y-juventud"},"_links":{"self":[{"href":"https:\/\/prensa.sma.gob.ar\/index.php?rest_route=\/wp\/v2\/posts\/1643","targetHints":{"allow":["GET"]}}],"collection":[{"href":"https:\/\/prensa.sma.gob.ar\/index.php?rest_route=\/wp\/v2\/posts"}],"about":[{"href":"https:\/\/prensa.sma.gob.ar\/index.php?rest_route=\/wp\/v2\/types\/post"}],"author":[{"embeddable":true,"href":"https:\/\/prensa.sma.gob.ar\/index.php?rest_route=\/wp\/v2\/users\/2"}],"replies":[{"embeddable":true,"href":"https:\/\/prensa.sma.gob.ar\/index.php?rest_route=%2Fwp%2Fv2%2Fcomments&post=1643"}],"version-history":[{"count":1,"href":"https:\/\/prensa.sma.gob.ar\/index.php?rest_route=\/wp\/v2\/posts\/1643\/revisions"}],"predecessor-version":[{"id":1650,"href":"https:\/\/prensa.sma.gob.ar\/index.php?rest_route=\/wp\/v2\/posts\/1643\/revisions\/1650"}],"wp:featuredmedia":[{"embeddable":true,"href":"https:\/\/prensa.sma.gob.ar\/index.php?rest_route=\/wp\/v2\/media\/1645"}],"wp:attachment":[{"href":"https:\/\/prensa.sma.gob.ar\/index.php?rest_route=%2Fwp%2Fv2%2Fmedia&parent=1643"}],"wp:term":[{"taxonomy":"category","embeddable":true,"href":"https:\/\/prensa.sma.gob.ar\/index.php?rest_route=%2Fwp%2Fv2%2Fcategories&post=1643"},{"taxonomy":"post_tag","embeddable":true,"href":"https:\/\/prensa.sma.gob.ar\/index.php?rest_route=%2Fwp%2Fv2%2Ftags&post=1643"}],"curies":[{"name":"wp","href":"https:\/\/api.w.org\/{rel}","templated":true}]}}