{"id":1652,"date":"2024-08-20T18:31:45","date_gmt":"2024-08-20T18:31:45","guid":{"rendered":"https:\/\/prensa.sma.gob.ar\/?p=1652"},"modified":"2024-08-20T18:31:47","modified_gmt":"2024-08-20T18:31:47","slug":"el-intendente-saloniti-participo-del-lanzamiento-de-creditos-para-emprendedores","status":"publish","type":"post","link":"https:\/\/prensa.sma.gob.ar\/?p=1652","title":{"rendered":"El intendente Saloniti particip\u00f3 del lanzamiento de cr\u00e9ditos para emprendedores"},"content":{"rendered":"\n<p>El gobernador de Neuqu\u00e9n, Rolando Figueroa, encabez\u00f3 este martes el lanzamiento del programa \u201cNeuqu\u00e9n Financia\u201d, cuyo fin es potenciar a emprendedores de la provincia. Del acto participaron funcionarios provinciales, legisladores e intendentes, entre ellos el jefe comunal de San Mart\u00edn de os Andes, Carlos Saloniti.<\/p>\n\n\n\n<p>El programa contempla capacitaci\u00f3n y financiamiento para acompa\u00f1ar, de manera integral, el desarrollo de emprendimientos con valor agregado y el autoempleo de las y los neuquinos.<\/p>\n\n\n\n<p>El programa cuenta con nueve l\u00edneas crediticias, por un monto total de 500 millones de pesos, que alcanzar\u00e1 a las siete regiones de la provincia. El financiamiento estar\u00e1 destinado a emprendimientos liderados por mujeres, personas de la diversidad, personas con discapacidad y j\u00f3venes emprendedores.<\/p>\n\n\n\n<p>Tambi\u00e9n incluye cr\u00e9ditos que abarcar\u00e1n distintas actividades econ\u00f3micas, como turismo, industrias culturales, econom\u00eda social y emprendimientos de base tecnol\u00f3gica entre otros.<\/p>\n\n\n\n<figure class=\"wp-block-gallery has-nested-images columns-default is-cropped wp-block-gallery-1 is-layout-flex wp-block-gallery-is-layout-flex\">\n<figure class=\"wp-block-image size-large\"><img loading=\"lazy\" decoding=\"async\" width=\"1024\" height=\"682\" data-id=\"1659\" src=\"https:\/\/prensa.sma.gob.ar\/wp-content\/uploads\/2024\/08\/IMG-20240820-WA0155-1024x682.jpg\" alt=\"\" class=\"wp-image-1659\" srcset=\"https:\/\/prensa.sma.gob.ar\/wp-content\/uploads\/2024\/08\/IMG-20240820-WA0155-1024x682.jpg 1024w, https:\/\/prensa.sma.gob.ar\/wp-content\/uploads\/2024\/08\/IMG-20240820-WA0155-300x200.jpg 300w, https:\/\/prensa.sma.gob.ar\/wp-content\/uploads\/2024\/08\/IMG-20240820-WA0155-768x512.jpg 768w, https:\/\/prensa.sma.gob.ar\/wp-content\/uploads\/2024\/08\/IMG-20240820-WA0155-1536x1023.jpg 1536w, https:\/\/prensa.sma.gob.ar\/wp-content\/uploads\/2024\/08\/IMG-20240820-WA0155-630x420.jpg 630w, https:\/\/prensa.sma.gob.ar\/wp-content\/uploads\/2024\/08\/IMG-20240820-WA0155-696x464.jpg 696w, https:\/\/prensa.sma.gob.ar\/wp-content\/uploads\/2024\/08\/IMG-20240820-WA0155-1068x712.jpg 1068w, https:\/\/prensa.sma.gob.ar\/wp-content\/uploads\/2024\/08\/IMG-20240820-WA0155.jpg 1600w\" sizes=\"auto, (max-width: 1024px) 100vw, 1024px\" \/><\/figure>\n\n\n\n<figure class=\"wp-block-image size-large\"><img loading=\"lazy\" decoding=\"async\" width=\"1024\" height=\"682\" data-id=\"1661\" src=\"https:\/\/prensa.sma.gob.ar\/wp-content\/uploads\/2024\/08\/IMG-20240820-WA0205-1024x682.jpg\" alt=\"\" class=\"wp-image-1661\" srcset=\"https:\/\/prensa.sma.gob.ar\/wp-content\/uploads\/2024\/08\/IMG-20240820-WA0205-1024x682.jpg 1024w, https:\/\/prensa.sma.gob.ar\/wp-content\/uploads\/2024\/08\/IMG-20240820-WA0205-300x200.jpg 300w, https:\/\/prensa.sma.gob.ar\/wp-content\/uploads\/2024\/08\/IMG-20240820-WA0205-768x512.jpg 768w, https:\/\/prensa.sma.gob.ar\/wp-content\/uploads\/2024\/08\/IMG-20240820-WA0205-1536x1023.jpg 1536w, https:\/\/prensa.sma.gob.ar\/wp-content\/uploads\/2024\/08\/IMG-20240820-WA0205-630x420.jpg 630w, https:\/\/prensa.sma.gob.ar\/wp-content\/uploads\/2024\/08\/IMG-20240820-WA0205-696x464.jpg 696w, https:\/\/prensa.sma.gob.ar\/wp-content\/uploads\/2024\/08\/IMG-20240820-WA0205-1068x712.jpg 1068w, https:\/\/prensa.sma.gob.ar\/wp-content\/uploads\/2024\/08\/IMG-20240820-WA0205.jpg 1600w\" sizes=\"auto, (max-width: 1024px) 100vw, 1024px\" \/><\/figure>\n\n\n\n<figure class=\"wp-block-image size-large\"><img loading=\"lazy\" decoding=\"async\" width=\"1024\" height=\"769\" data-id=\"1655\" src=\"https:\/\/prensa.sma.gob.ar\/wp-content\/uploads\/2024\/08\/IMG-20240820-WA0203-1024x769.jpg\" alt=\"\" class=\"wp-image-1655\" srcset=\"https:\/\/prensa.sma.gob.ar\/wp-content\/uploads\/2024\/08\/IMG-20240820-WA0203-1024x769.jpg 1024w, https:\/\/prensa.sma.gob.ar\/wp-content\/uploads\/2024\/08\/IMG-20240820-WA0203-300x225.jpg 300w, https:\/\/prensa.sma.gob.ar\/wp-content\/uploads\/2024\/08\/IMG-20240820-WA0203-768x577.jpg 768w, https:\/\/prensa.sma.gob.ar\/wp-content\/uploads\/2024\/08\/IMG-20240820-WA0203-1536x1154.jpg 1536w, https:\/\/prensa.sma.gob.ar\/wp-content\/uploads\/2024\/08\/IMG-20240820-WA0203-559x420.jpg 559w, https:\/\/prensa.sma.gob.ar\/wp-content\/uploads\/2024\/08\/IMG-20240820-WA0203-80x60.jpg 80w, https:\/\/prensa.sma.gob.ar\/wp-content\/uploads\/2024\/08\/IMG-20240820-WA0203-696x523.jpg 696w, https:\/\/prensa.sma.gob.ar\/wp-content\/uploads\/2024\/08\/IMG-20240820-WA0203-1068x802.jpg 1068w, https:\/\/prensa.sma.gob.ar\/wp-content\/uploads\/2024\/08\/IMG-20240820-WA0203.jpg 1600w\" sizes=\"auto, (max-width: 1024px) 100vw, 1024px\" \/><\/figure>\n<\/figure>\n\n\n\n<p>A trav\u00e9s de estas l\u00edneas crediticias, el Estado provincial busca satisfacer las necesidades de un segmento de mercado que no puede acceder a la oferta crediticia de los bancos tradicionales, ofreciendo una tasa de inter\u00e9s promocional variable, con un tope de hasta el 40 por ciento.<\/p>\n\n\n\n<p>Los montos individuales de los cr\u00e9ditos ser\u00e1n de hasta dos millones, con un plazo de gracia de 12 meses y un plazo de devoluci\u00f3n de hasta 24 meses.<\/p>\n\n\n\n<p>La presentaci\u00f3n se realiz\u00f3 en el Espacio Duam y cont\u00f3 con la participaci\u00f3n de la vicegobernadora, Patricia Ruiz, ministras y ministros del gabinete, intendentes y representantes de las siete regiones neuquinas.<\/p>\n\n\n\n<p>Tambi\u00e9n se present\u00f3 el portal provincial de financiamiento, destinado a personas emprendedoras y a pymes para que obtengan informaci\u00f3n de la oferta crediticia vigente vinculada a la inversi\u00f3n privada. Permitir\u00e1 identificar qu\u00e9 l\u00ednea crediticia se adapta a las necesidades de cada emprendimiento y\/o proyecto.<\/p>\n\n\n\n<figure class=\"wp-block-gallery has-nested-images columns-default is-cropped wp-block-gallery-2 is-layout-flex wp-block-gallery-is-layout-flex\">\n<figure class=\"wp-block-image size-large\"><img loading=\"lazy\" decoding=\"async\" width=\"1024\" height=\"682\" data-id=\"1662\" src=\"https:\/\/prensa.sma.gob.ar\/wp-content\/uploads\/2024\/08\/IMG-20240820-WA0185-1024x682.jpg\" alt=\"\" class=\"wp-image-1662\" srcset=\"https:\/\/prensa.sma.gob.ar\/wp-content\/uploads\/2024\/08\/IMG-20240820-WA0185-1024x682.jpg 1024w, https:\/\/prensa.sma.gob.ar\/wp-content\/uploads\/2024\/08\/IMG-20240820-WA0185-300x200.jpg 300w, https:\/\/prensa.sma.gob.ar\/wp-content\/uploads\/2024\/08\/IMG-20240820-WA0185-768x512.jpg 768w, https:\/\/prensa.sma.gob.ar\/wp-content\/uploads\/2024\/08\/IMG-20240820-WA0185-1536x1023.jpg 1536w, https:\/\/prensa.sma.gob.ar\/wp-content\/uploads\/2024\/08\/IMG-20240820-WA0185-630x420.jpg 630w, https:\/\/prensa.sma.gob.ar\/wp-content\/uploads\/2024\/08\/IMG-20240820-WA0185-696x464.jpg 696w, https:\/\/prensa.sma.gob.ar\/wp-content\/uploads\/2024\/08\/IMG-20240820-WA0185-1068x712.jpg 1068w, https:\/\/prensa.sma.gob.ar\/wp-content\/uploads\/2024\/08\/IMG-20240820-WA0185.jpg 1600w\" sizes=\"auto, (max-width: 1024px) 100vw, 1024px\" \/><\/figure>\n\n\n\n<figure class=\"wp-block-image size-large\"><img loading=\"lazy\" decoding=\"async\" width=\"1024\" height=\"771\" data-id=\"1656\" src=\"https:\/\/prensa.sma.gob.ar\/wp-content\/uploads\/2024\/08\/IMG-20240820-WA0186-1024x771.jpg\" alt=\"\" class=\"wp-image-1656\" srcset=\"https:\/\/prensa.sma.gob.ar\/wp-content\/uploads\/2024\/08\/IMG-20240820-WA0186-1024x771.jpg 1024w, https:\/\/prensa.sma.gob.ar\/wp-content\/uploads\/2024\/08\/IMG-20240820-WA0186-300x226.jpg 300w, https:\/\/prensa.sma.gob.ar\/wp-content\/uploads\/2024\/08\/IMG-20240820-WA0186-768x578.jpg 768w, https:\/\/prensa.sma.gob.ar\/wp-content\/uploads\/2024\/08\/IMG-20240820-WA0186-1536x1156.jpg 1536w, https:\/\/prensa.sma.gob.ar\/wp-content\/uploads\/2024\/08\/IMG-20240820-WA0186-558x420.jpg 558w, https:\/\/prensa.sma.gob.ar\/wp-content\/uploads\/2024\/08\/IMG-20240820-WA0186-80x60.jpg 80w, https:\/\/prensa.sma.gob.ar\/wp-content\/uploads\/2024\/08\/IMG-20240820-WA0186-696x524.jpg 696w, https:\/\/prensa.sma.gob.ar\/wp-content\/uploads\/2024\/08\/IMG-20240820-WA0186-1068x804.jpg 1068w, https:\/\/prensa.sma.gob.ar\/wp-content\/uploads\/2024\/08\/IMG-20240820-WA0186.jpg 1600w\" sizes=\"auto, (max-width: 1024px) 100vw, 1024px\" \/><\/figure>\n\n\n\n<figure class=\"wp-block-image size-large\"><img loading=\"lazy\" decoding=\"async\" width=\"1024\" height=\"828\" data-id=\"1660\" src=\"https:\/\/prensa.sma.gob.ar\/wp-content\/uploads\/2024\/08\/IMG-20240820-WA0159-1024x828.jpg\" alt=\"\" class=\"wp-image-1660\" srcset=\"https:\/\/prensa.sma.gob.ar\/wp-content\/uploads\/2024\/08\/IMG-20240820-WA0159-1024x828.jpg 1024w, https:\/\/prensa.sma.gob.ar\/wp-content\/uploads\/2024\/08\/IMG-20240820-WA0159-300x243.jpg 300w, https:\/\/prensa.sma.gob.ar\/wp-content\/uploads\/2024\/08\/IMG-20240820-WA0159-768x621.jpg 768w, https:\/\/prensa.sma.gob.ar\/wp-content\/uploads\/2024\/08\/IMG-20240820-WA0159-1536x1242.jpg 1536w, https:\/\/prensa.sma.gob.ar\/wp-content\/uploads\/2024\/08\/IMG-20240820-WA0159-519x420.jpg 519w, https:\/\/prensa.sma.gob.ar\/wp-content\/uploads\/2024\/08\/IMG-20240820-WA0159-696x563.jpg 696w, https:\/\/prensa.sma.gob.ar\/wp-content\/uploads\/2024\/08\/IMG-20240820-WA0159-1068x864.jpg 1068w, https:\/\/prensa.sma.gob.ar\/wp-content\/uploads\/2024\/08\/IMG-20240820-WA0159.jpg 1600w\" sizes=\"auto, (max-width: 1024px) 100vw, 1024px\" \/><\/figure>\n<\/figure>\n\n\n\n<p>El gobernador Figueroa record\u00f3 que en los pr\u00f3ximos a\u00f1os Neuqu\u00e9n va a tener un crecimiento explosivo con Vaca Muerta, triplicando para 2031 la producci\u00f3n de gas y de petr\u00f3leo. \u201cPor eso necesario dejar en claro el rumbo, hacia d\u00f3nde queremos ir\u201d, explic\u00f3.<\/p>\n\n\n\n<p>\u201cCon las futuras regal\u00edas tenemos que generar nuevas actividades como producci\u00f3n, turismo y valor agregado en otras actividades. Esas regal\u00edas hay que distribuirlas en obras, becas, formaci\u00f3n un fondo de infraestructura y destinos espec\u00edficos para incentivar a los emprendedores\u201d, dijo.<\/p>\n\n\n\n<p>Tras el acto, el intendente Saloniti destac\u00f3 que este programa haya sido elaborado por diferentes \u00e1reas del gobierno neuquino y atendiendo a las necesidades de emprendedores de cada una de las regiones de la provincia.<\/p>\n\n\n\n<p>El jefe comunal destac\u00f3 que, en la regi\u00f3n sur, y en especial en San Mart\u00edn de los Andes, hay emprendedores y emprendedoras de diferentes sectores productivos que podr\u00e1n potenciar su trabajo a partir de este acceso al financiamiento y a l\u00edneas de cr\u00e9dito provinciales.<\/p>\n\n\n\n<figure class=\"wp-block-gallery has-nested-images columns-default is-cropped wp-block-gallery-3 is-layout-flex wp-block-gallery-is-layout-flex\">\n<figure class=\"wp-block-image size-large\"><img loading=\"lazy\" decoding=\"async\" width=\"1024\" height=\"1024\" data-id=\"1654\" src=\"https:\/\/prensa.sma.gob.ar\/wp-content\/uploads\/2024\/08\/WhatsApp-Image-2024-08-20-at-13.56.29.jpeg\" alt=\"\" class=\"wp-image-1654\" srcset=\"https:\/\/prensa.sma.gob.ar\/wp-content\/uploads\/2024\/08\/WhatsApp-Image-2024-08-20-at-13.56.29.jpeg 1024w, https:\/\/prensa.sma.gob.ar\/wp-content\/uploads\/2024\/08\/WhatsApp-Image-2024-08-20-at-13.56.29-300x300.jpeg 300w, https:\/\/prensa.sma.gob.ar\/wp-content\/uploads\/2024\/08\/WhatsApp-Image-2024-08-20-at-13.56.29-150x150.jpeg 150w, https:\/\/prensa.sma.gob.ar\/wp-content\/uploads\/2024\/08\/WhatsApp-Image-2024-08-20-at-13.56.29-768x768.jpeg 768w, https:\/\/prensa.sma.gob.ar\/wp-content\/uploads\/2024\/08\/WhatsApp-Image-2024-08-20-at-13.56.29-420x420.jpeg 420w, https:\/\/prensa.sma.gob.ar\/wp-content\/uploads\/2024\/08\/WhatsApp-Image-2024-08-20-at-13.56.29-696x696.jpeg 696w\" sizes=\"auto, (max-width: 1024px) 100vw, 1024px\" \/><\/figure>\n\n\n\n<figure class=\"wp-block-image size-large\"><img loading=\"lazy\" decoding=\"async\" width=\"1024\" height=\"1024\" data-id=\"1653\" src=\"https:\/\/prensa.sma.gob.ar\/wp-content\/uploads\/2024\/08\/WhatsApp-Image-2024-08-20-at-13.56.291.jpeg\" alt=\"\" class=\"wp-image-1653\" srcset=\"https:\/\/prensa.sma.gob.ar\/wp-content\/uploads\/2024\/08\/WhatsApp-Image-2024-08-20-at-13.56.291.jpeg 1024w, https:\/\/prensa.sma.gob.ar\/wp-content\/uploads\/2024\/08\/WhatsApp-Image-2024-08-20-at-13.56.291-300x300.jpeg 300w, https:\/\/prensa.sma.gob.ar\/wp-content\/uploads\/2024\/08\/WhatsApp-Image-2024-08-20-at-13.56.291-150x150.jpeg 150w, https:\/\/prensa.sma.gob.ar\/wp-content\/uploads\/2024\/08\/WhatsApp-Image-2024-08-20-at-13.56.291-768x768.jpeg 768w, https:\/\/prensa.sma.gob.ar\/wp-content\/uploads\/2024\/08\/WhatsApp-Image-2024-08-20-at-13.56.291-420x420.jpeg 420w, https:\/\/prensa.sma.gob.ar\/wp-content\/uploads\/2024\/08\/WhatsApp-Image-2024-08-20-at-13.56.291-696x696.jpeg 696w\" sizes=\"auto, (max-width: 1024px) 100vw, 1024px\" \/><\/figure>\n<\/figure>\n","protected":false},"excerpt":{"rendered":"<p>El gobernador de Neuqu\u00e9n, Rolando Figueroa, encabez\u00f3 este martes el lanzamiento del programa \u201cNeuqu\u00e9n Financia\u201d, cuyo fin es potenciar a emprendedores de la provincia. Del acto participaron funcionarios provinciales, legisladores e intendentes, entre ellos el jefe comunal de San Mart\u00edn de os Andes, Carlos Saloniti. El programa contempla capacitaci\u00f3n y financiamiento para acompa\u00f1ar, de manera [&hellip;]<\/p>\n","protected":false},"author":2,"featured_media":1658,"comment_status":"closed","ping_status":"open","sticky":false,"template":"","format":"standard","meta":{"footnotes":""},"categories":[16,14,17,38],"tags":[],"class_list":{"0":"post-1652","1":"post","2":"type-post","3":"status-publish","4":"format-standard","5":"has-post-thumbnail","7":"category-destacadas","8":"category-noticias","9":"category-portada","10":"category-subsecretaria-produccion-empleo-y-juventud"},"_links":{"self":[{"href":"https:\/\/prensa.sma.gob.ar\/index.php?rest_route=\/wp\/v2\/posts\/1652","targetHints":{"allow":["GET"]}}],"collection":[{"href":"https:\/\/prensa.sma.gob.ar\/index.php?rest_route=\/wp\/v2\/posts"}],"about":[{"href":"https:\/\/prensa.sma.gob.ar\/index.php?rest_route=\/wp\/v2\/types\/post"}],"author":[{"embeddable":true,"href":"https:\/\/prensa.sma.gob.ar\/index.php?rest_route=\/wp\/v2\/users\/2"}],"replies":[{"embeddable":true,"href":"https:\/\/prensa.sma.gob.ar\/index.php?rest_route=%2Fwp%2Fv2%2Fcomments&post=1652"}],"version-history":[{"count":1,"href":"https:\/\/prensa.sma.gob.ar\/index.php?rest_route=\/wp\/v2\/posts\/1652\/revisions"}],"predecessor-version":[{"id":1663,"href":"https:\/\/prensa.sma.gob.ar\/index.php?rest_route=\/wp\/v2\/posts\/1652\/revisions\/1663"}],"wp:featuredmedia":[{"embeddable":true,"href":"https:\/\/prensa.sma.gob.ar\/index.php?rest_route=\/wp\/v2\/media\/1658"}],"wp:attachment":[{"href":"https:\/\/prensa.sma.gob.ar\/index.php?rest_route=%2Fwp%2Fv2%2Fmedia&parent=1652"}],"wp:term":[{"taxonomy":"category","embeddable":true,"href":"https:\/\/prensa.sma.gob.ar\/index.php?rest_route=%2Fwp%2Fv2%2Fcategories&post=1652"},{"taxonomy":"post_tag","embeddable":true,"href":"https:\/\/prensa.sma.gob.ar\/index.php?rest_route=%2Fwp%2Fv2%2Ftags&post=1652"}],"curies":[{"name":"wp","href":"https:\/\/api.w.org\/{rel}","templated":true}]}}