{"id":1682,"date":"2024-08-22T01:07:07","date_gmt":"2024-08-22T01:07:07","guid":{"rendered":"https:\/\/prensa.sma.gob.ar\/?p=1682"},"modified":"2024-08-22T01:26:04","modified_gmt":"2024-08-22T01:26:04","slug":"gestiones-entre-provincia-y-municipio-para-reforzar-los-equipos-profesionales-de-desarrollo-social","status":"publish","type":"post","link":"https:\/\/prensa.sma.gob.ar\/?p=1682","title":{"rendered":"Gestiones entre Provincia y Municipio para reforzar los equipos profesionales de Desarrollo Social"},"content":{"rendered":"\n<p>El ministro de Gobierno provincial, Jorge Tobares, y el intendente de San Mart\u00edn de los Andes, Carlos Saloniti, acordaron la incorporaci\u00f3n de una nueva profesional a la Secretar\u00eda de Desarrollo Social y avanzar en el refuerzo de los dispositivos de atenci\u00f3n a menores y a v\u00edctimas de violencia.<\/p>\n\n\n\n<p>El jefe comunal acord\u00f3 en el encuentro, que se realiz\u00f3 en la ciudad de Neuqu\u00e9n, la realizaci\u00f3n de nuevas reuniones la pr\u00f3xima semana para analizar la situaci\u00f3n derivada del insuficiente personal especializado para la atenci\u00f3n de menores, adolescentes y v\u00edctimas de violencia dom\u00e9stica.<\/p>\n\n\n\n<p>La secretaria de Desarrollo Social, Roc\u00edo Demateo, record\u00f3 que la necesidad de reforzar los equipos se vincula a la demanda creciente de atenci\u00f3n, ya que esta \u00e1rea municipal es \u00f3rgano de aplicaci\u00f3n de las leyes provinciales N\u00b02302, de asistencia y protecci\u00f3n integral del ni\u00f1o y del adolescente, y N\u00b0 2785, de protecci\u00f3n y asistencia a personas v\u00edctimas de violencia ejercida por alg\u00fan integrante de su grupo familiar.<\/p>\n\n\n\n<p>Saloniti agradeci\u00f3 el apoyo de la Provincia luego de plantear al ministro Tobares la situaci\u00f3n general de la Secretar\u00eda de Desarrollo Social, con la necesidad de ampliar su equipo profesional para atender, como marcan las leyes, los oficios que libran la Justicia y la Defensor\u00eda de la Ni\u00f1ez y Adolescencia.<\/p>\n\n\n\n<p>Actualmente, el \u00e1rea tiene diez profesionales -en su mayor\u00eda trabajadoras sociales y psic\u00f3logas- distribuidas en Cordones del Chapelco, El Arenal y zona centro, con responsabilidades para intervenir en los cerca de 650 oficios librados en lo que va de este a\u00f1o. La tarea se complementa con las responsables de cada \u00e1rea: la secretaria, Roc\u00edo Demateo; la subsecretaria de Familia, Marina de la Torre; la directora Sabina Cabrera; y la asesora legal Victoria Amoroso.<\/p>\n\n\n\n<p>Cada intervenci\u00f3n implica un seguimiento personalizado de los menores y de las v\u00edctimas de violencia, que son asistidos en la Casa de las Infancias, en el barrio El Arenal, y en la Casa de la Mujer, en Chacra 32.<\/p>\n","protected":false},"excerpt":{"rendered":"<p>El ministro de Gobierno provincial, Jorge Tobares, y el intendente de San Mart\u00edn de los Andes, Carlos Saloniti, acordaron la incorporaci\u00f3n de una nueva profesional a la Secretar\u00eda de Desarrollo Social y avanzar en el refuerzo de los dispositivos de atenci\u00f3n a menores y a v\u00edctimas de violencia. El jefe comunal acord\u00f3 en el encuentro, [&hellip;]<\/p>\n","protected":false},"author":2,"featured_media":1683,"comment_status":"closed","ping_status":"open","sticky":false,"template":"","format":"standard","meta":{"footnotes":""},"categories":[15,16,11,14,17],"tags":[],"class_list":{"0":"post-1682","1":"post","2":"type-post","3":"status-publish","4":"format-standard","5":"has-post-thumbnail","7":"category-desarrollo-social","8":"category-destacadas","9":"category-gobierno","10":"category-noticias","11":"category-portada"},"_links":{"self":[{"href":"https:\/\/prensa.sma.gob.ar\/index.php?rest_route=\/wp\/v2\/posts\/1682","targetHints":{"allow":["GET"]}}],"collection":[{"href":"https:\/\/prensa.sma.gob.ar\/index.php?rest_route=\/wp\/v2\/posts"}],"about":[{"href":"https:\/\/prensa.sma.gob.ar\/index.php?rest_route=\/wp\/v2\/types\/post"}],"author":[{"embeddable":true,"href":"https:\/\/prensa.sma.gob.ar\/index.php?rest_route=\/wp\/v2\/users\/2"}],"replies":[{"embeddable":true,"href":"https:\/\/prensa.sma.gob.ar\/index.php?rest_route=%2Fwp%2Fv2%2Fcomments&post=1682"}],"version-history":[{"count":2,"href":"https:\/\/prensa.sma.gob.ar\/index.php?rest_route=\/wp\/v2\/posts\/1682\/revisions"}],"predecessor-version":[{"id":1685,"href":"https:\/\/prensa.sma.gob.ar\/index.php?rest_route=\/wp\/v2\/posts\/1682\/revisions\/1685"}],"wp:featuredmedia":[{"embeddable":true,"href":"https:\/\/prensa.sma.gob.ar\/index.php?rest_route=\/wp\/v2\/media\/1683"}],"wp:attachment":[{"href":"https:\/\/prensa.sma.gob.ar\/index.php?rest_route=%2Fwp%2Fv2%2Fmedia&parent=1682"}],"wp:term":[{"taxonomy":"category","embeddable":true,"href":"https:\/\/prensa.sma.gob.ar\/index.php?rest_route=%2Fwp%2Fv2%2Fcategories&post=1682"},{"taxonomy":"post_tag","embeddable":true,"href":"https:\/\/prensa.sma.gob.ar\/index.php?rest_route=%2Fwp%2Fv2%2Ftags&post=1682"}],"curies":[{"name":"wp","href":"https:\/\/api.w.org\/{rel}","templated":true}]}}