{"id":1711,"date":"2024-08-23T18:56:50","date_gmt":"2024-08-23T18:56:50","guid":{"rendered":"https:\/\/prensa.sma.gob.ar\/?p=1711"},"modified":"2024-08-23T18:57:45","modified_gmt":"2024-08-23T18:57:45","slug":"tecnicos-de-provincia-recorren-los-trabajos-de-limpieza-de-arroyos","status":"publish","type":"post","link":"https:\/\/prensa.sma.gob.ar\/?p=1711","title":{"rendered":"T\u00e9cnicos de Provincia recorren los trabajos de limpieza de arroyos"},"content":{"rendered":"\n<p>T\u00e9cnicos y funcionarios de la Subsecretar\u00eda de Recursos H\u00eddricos de la provincia de Neuqu\u00e9n y del Municipio recorrieron los trabajos de limpieza de arroyos en diferentes sectores de San Mart\u00edn de los Andes.<\/p>\n\n\n\n<p>Con un aporte no reembolsable del Fondo H\u00eddrico Provincial de $150.000.000, las tareas demandan cuatro meses de trabajo de limpieza y acondicionamiento de los m\u00e1rgenes de los arroyos Trabunco, Calbuco, Pocahullo y Maip\u00fa, adem\u00e1s de puentes y decantadores.<\/p>\n\n\n\n<figure class=\"wp-block-gallery has-nested-images columns-default is-cropped wp-block-gallery-1 is-layout-flex wp-block-gallery-is-layout-flex\">\n<figure class=\"wp-block-image size-large\"><img loading=\"lazy\" decoding=\"async\" width=\"1024\" height=\"576\" data-id=\"1718\" src=\"https:\/\/prensa.sma.gob.ar\/wp-content\/uploads\/2024\/08\/WhatsApp-Image-2024-08-22-at-18.21.48-1024x576.jpeg\" alt=\"\" class=\"wp-image-1718\" srcset=\"https:\/\/prensa.sma.gob.ar\/wp-content\/uploads\/2024\/08\/WhatsApp-Image-2024-08-22-at-18.21.48-1024x576.jpeg 1024w, https:\/\/prensa.sma.gob.ar\/wp-content\/uploads\/2024\/08\/WhatsApp-Image-2024-08-22-at-18.21.48-300x169.jpeg 300w, https:\/\/prensa.sma.gob.ar\/wp-content\/uploads\/2024\/08\/WhatsApp-Image-2024-08-22-at-18.21.48-768x432.jpeg 768w, https:\/\/prensa.sma.gob.ar\/wp-content\/uploads\/2024\/08\/WhatsApp-Image-2024-08-22-at-18.21.48-747x420.jpeg 747w, https:\/\/prensa.sma.gob.ar\/wp-content\/uploads\/2024\/08\/WhatsApp-Image-2024-08-22-at-18.21.48-696x392.jpeg 696w, https:\/\/prensa.sma.gob.ar\/wp-content\/uploads\/2024\/08\/WhatsApp-Image-2024-08-22-at-18.21.48-1068x601.jpeg 1068w, https:\/\/prensa.sma.gob.ar\/wp-content\/uploads\/2024\/08\/WhatsApp-Image-2024-08-22-at-18.21.48.jpeg 1280w\" sizes=\"auto, (max-width: 1024px) 100vw, 1024px\" \/><\/figure>\n\n\n\n<figure class=\"wp-block-image size-large\"><img loading=\"lazy\" decoding=\"async\" width=\"1024\" height=\"576\" data-id=\"1719\" src=\"https:\/\/prensa.sma.gob.ar\/wp-content\/uploads\/2024\/08\/WhatsApp-Image-2024-08-22-at-18.21.46-1024x576.jpeg\" alt=\"\" class=\"wp-image-1719\" srcset=\"https:\/\/prensa.sma.gob.ar\/wp-content\/uploads\/2024\/08\/WhatsApp-Image-2024-08-22-at-18.21.46-1024x576.jpeg 1024w, https:\/\/prensa.sma.gob.ar\/wp-content\/uploads\/2024\/08\/WhatsApp-Image-2024-08-22-at-18.21.46-300x169.jpeg 300w, https:\/\/prensa.sma.gob.ar\/wp-content\/uploads\/2024\/08\/WhatsApp-Image-2024-08-22-at-18.21.46-768x432.jpeg 768w, https:\/\/prensa.sma.gob.ar\/wp-content\/uploads\/2024\/08\/WhatsApp-Image-2024-08-22-at-18.21.46-747x420.jpeg 747w, https:\/\/prensa.sma.gob.ar\/wp-content\/uploads\/2024\/08\/WhatsApp-Image-2024-08-22-at-18.21.46-696x392.jpeg 696w, https:\/\/prensa.sma.gob.ar\/wp-content\/uploads\/2024\/08\/WhatsApp-Image-2024-08-22-at-18.21.46-1068x601.jpeg 1068w, https:\/\/prensa.sma.gob.ar\/wp-content\/uploads\/2024\/08\/WhatsApp-Image-2024-08-22-at-18.21.46.jpeg 1280w\" sizes=\"auto, (max-width: 1024px) 100vw, 1024px\" \/><\/figure>\n\n\n\n<figure class=\"wp-block-image size-large\"><img loading=\"lazy\" decoding=\"async\" width=\"1024\" height=\"576\" data-id=\"1720\" src=\"https:\/\/prensa.sma.gob.ar\/wp-content\/uploads\/2024\/08\/WhatsApp-Image-2024-08-22-at-18.21.451-1024x576.jpeg\" alt=\"\" class=\"wp-image-1720\" srcset=\"https:\/\/prensa.sma.gob.ar\/wp-content\/uploads\/2024\/08\/WhatsApp-Image-2024-08-22-at-18.21.451-1024x576.jpeg 1024w, https:\/\/prensa.sma.gob.ar\/wp-content\/uploads\/2024\/08\/WhatsApp-Image-2024-08-22-at-18.21.451-300x169.jpeg 300w, https:\/\/prensa.sma.gob.ar\/wp-content\/uploads\/2024\/08\/WhatsApp-Image-2024-08-22-at-18.21.451-768x432.jpeg 768w, https:\/\/prensa.sma.gob.ar\/wp-content\/uploads\/2024\/08\/WhatsApp-Image-2024-08-22-at-18.21.451-747x420.jpeg 747w, https:\/\/prensa.sma.gob.ar\/wp-content\/uploads\/2024\/08\/WhatsApp-Image-2024-08-22-at-18.21.451-696x392.jpeg 696w, https:\/\/prensa.sma.gob.ar\/wp-content\/uploads\/2024\/08\/WhatsApp-Image-2024-08-22-at-18.21.451-1068x601.jpeg 1068w, https:\/\/prensa.sma.gob.ar\/wp-content\/uploads\/2024\/08\/WhatsApp-Image-2024-08-22-at-18.21.451.jpeg 1280w\" sizes=\"auto, (max-width: 1024px) 100vw, 1024px\" \/><\/figure>\n<\/figure>\n\n\n\n<p>La recorrida estuvo a cargo de Nahuel Schoo y Benjamin Rivero, de la delegaci\u00f3n de Zapala del \u00e1rea de Recursos H\u00eddricos, junto a la secretaria de coordinaci\u00f3n del COPE, Romina Schenk.<\/p>\n\n\n\n<p>Se realiz\u00f3 en sectores cercanos al hospital Ram\u00f3n Carrillo y en otras zonas donde est\u00e1n proyectados los trabajos, en las que se detect\u00f3 abundante presencia de \u00e1rboles, ramas y otros objetos, como as\u00ed tambi\u00e9n embanques en el cauce.<\/p>\n\n\n\n<p>El cr\u00e9dito del Gobierno provincial para esta obra fue gestionado en base al proyecto presentado por el Consejo de Planificaci\u00f3n Estrat\u00e9gica (COPE) de nuestra ciudad.<\/p>\n\n\n\n<figure class=\"wp-block-gallery has-nested-images columns-default is-cropped wp-block-gallery-2 is-layout-flex wp-block-gallery-is-layout-flex\">\n<figure class=\"wp-block-image size-large\"><img loading=\"lazy\" decoding=\"async\" width=\"1024\" height=\"576\" data-id=\"1726\" src=\"https:\/\/prensa.sma.gob.ar\/wp-content\/uploads\/2024\/08\/WhatsApp-Image-2024-08-22-at-18.21.431-1024x576.jpeg\" alt=\"\" class=\"wp-image-1726\" srcset=\"https:\/\/prensa.sma.gob.ar\/wp-content\/uploads\/2024\/08\/WhatsApp-Image-2024-08-22-at-18.21.431-1024x576.jpeg 1024w, https:\/\/prensa.sma.gob.ar\/wp-content\/uploads\/2024\/08\/WhatsApp-Image-2024-08-22-at-18.21.431-300x169.jpeg 300w, https:\/\/prensa.sma.gob.ar\/wp-content\/uploads\/2024\/08\/WhatsApp-Image-2024-08-22-at-18.21.431-768x432.jpeg 768w, https:\/\/prensa.sma.gob.ar\/wp-content\/uploads\/2024\/08\/WhatsApp-Image-2024-08-22-at-18.21.431-747x420.jpeg 747w, https:\/\/prensa.sma.gob.ar\/wp-content\/uploads\/2024\/08\/WhatsApp-Image-2024-08-22-at-18.21.431-696x392.jpeg 696w, https:\/\/prensa.sma.gob.ar\/wp-content\/uploads\/2024\/08\/WhatsApp-Image-2024-08-22-at-18.21.431-1068x601.jpeg 1068w, https:\/\/prensa.sma.gob.ar\/wp-content\/uploads\/2024\/08\/WhatsApp-Image-2024-08-22-at-18.21.431.jpeg 1280w\" sizes=\"auto, (max-width: 1024px) 100vw, 1024px\" \/><\/figure>\n\n\n\n<figure class=\"wp-block-image size-large\"><img loading=\"lazy\" decoding=\"async\" width=\"1024\" height=\"576\" data-id=\"1725\" src=\"https:\/\/prensa.sma.gob.ar\/wp-content\/uploads\/2024\/08\/WhatsApp-Image-2024-08-22-at-18.21.432-1024x576.jpeg\" alt=\"\" class=\"wp-image-1725\" srcset=\"https:\/\/prensa.sma.gob.ar\/wp-content\/uploads\/2024\/08\/WhatsApp-Image-2024-08-22-at-18.21.432-1024x576.jpeg 1024w, https:\/\/prensa.sma.gob.ar\/wp-content\/uploads\/2024\/08\/WhatsApp-Image-2024-08-22-at-18.21.432-300x169.jpeg 300w, https:\/\/prensa.sma.gob.ar\/wp-content\/uploads\/2024\/08\/WhatsApp-Image-2024-08-22-at-18.21.432-768x432.jpeg 768w, https:\/\/prensa.sma.gob.ar\/wp-content\/uploads\/2024\/08\/WhatsApp-Image-2024-08-22-at-18.21.432-747x420.jpeg 747w, https:\/\/prensa.sma.gob.ar\/wp-content\/uploads\/2024\/08\/WhatsApp-Image-2024-08-22-at-18.21.432-696x392.jpeg 696w, https:\/\/prensa.sma.gob.ar\/wp-content\/uploads\/2024\/08\/WhatsApp-Image-2024-08-22-at-18.21.432-1068x601.jpeg 1068w, https:\/\/prensa.sma.gob.ar\/wp-content\/uploads\/2024\/08\/WhatsApp-Image-2024-08-22-at-18.21.432.jpeg 1280w\" sizes=\"auto, (max-width: 1024px) 100vw, 1024px\" \/><\/figure>\n\n\n\n<figure class=\"wp-block-image size-large\"><img loading=\"lazy\" decoding=\"async\" width=\"1024\" height=\"576\" data-id=\"1724\" src=\"https:\/\/prensa.sma.gob.ar\/wp-content\/uploads\/2024\/08\/WhatsApp-Image-2024-08-22-at-18.21.44-1024x576.jpeg\" alt=\"\" class=\"wp-image-1724\" srcset=\"https:\/\/prensa.sma.gob.ar\/wp-content\/uploads\/2024\/08\/WhatsApp-Image-2024-08-22-at-18.21.44-1024x576.jpeg 1024w, https:\/\/prensa.sma.gob.ar\/wp-content\/uploads\/2024\/08\/WhatsApp-Image-2024-08-22-at-18.21.44-300x169.jpeg 300w, https:\/\/prensa.sma.gob.ar\/wp-content\/uploads\/2024\/08\/WhatsApp-Image-2024-08-22-at-18.21.44-768x432.jpeg 768w, https:\/\/prensa.sma.gob.ar\/wp-content\/uploads\/2024\/08\/WhatsApp-Image-2024-08-22-at-18.21.44-747x420.jpeg 747w, https:\/\/prensa.sma.gob.ar\/wp-content\/uploads\/2024\/08\/WhatsApp-Image-2024-08-22-at-18.21.44-696x392.jpeg 696w, https:\/\/prensa.sma.gob.ar\/wp-content\/uploads\/2024\/08\/WhatsApp-Image-2024-08-22-at-18.21.44-1068x601.jpeg 1068w, https:\/\/prensa.sma.gob.ar\/wp-content\/uploads\/2024\/08\/WhatsApp-Image-2024-08-22-at-18.21.44.jpeg 1280w\" sizes=\"auto, (max-width: 1024px) 100vw, 1024px\" \/><\/figure>\n<\/figure>\n\n\n\n<p>El proyecto se present\u00f3 ante Provincia en marzo pasado, incluyendo detalles de las tareas a realizar y el aporte econ\u00f3mico necesario para afrontar la obra. Tras las gestiones municipales y los an\u00e1lisis provinciales, el convenio fue firmado en junio por el intendente Carlos Saloniti y el subsecretario de Recursos H\u00eddricos de la provincia, Horacio Carvalho.<\/p>\n\n\n\n<p>Estas labores sirven para prevenir futuras inundaciones en tiempos de intensas precipitaciones y nevadas en terrenos adyacentes a los cauces por acumulaci\u00f3n de ramas, sedimentos y basura.<\/p>\n\n\n\n<figure class=\"wp-block-gallery has-nested-images columns-default is-cropped wp-block-gallery-3 is-layout-flex wp-block-gallery-is-layout-flex\">\n<figure class=\"wp-block-image size-large\"><img loading=\"lazy\" decoding=\"async\" width=\"1024\" height=\"576\" data-id=\"1712\" src=\"https:\/\/prensa.sma.gob.ar\/wp-content\/uploads\/2024\/08\/WhatsApp-Image-2024-08-22-at-18.21.57-1024x576.jpeg\" alt=\"\" class=\"wp-image-1712\" srcset=\"https:\/\/prensa.sma.gob.ar\/wp-content\/uploads\/2024\/08\/WhatsApp-Image-2024-08-22-at-18.21.57-1024x576.jpeg 1024w, https:\/\/prensa.sma.gob.ar\/wp-content\/uploads\/2024\/08\/WhatsApp-Image-2024-08-22-at-18.21.57-300x169.jpeg 300w, https:\/\/prensa.sma.gob.ar\/wp-content\/uploads\/2024\/08\/WhatsApp-Image-2024-08-22-at-18.21.57-768x432.jpeg 768w, https:\/\/prensa.sma.gob.ar\/wp-content\/uploads\/2024\/08\/WhatsApp-Image-2024-08-22-at-18.21.57-747x420.jpeg 747w, https:\/\/prensa.sma.gob.ar\/wp-content\/uploads\/2024\/08\/WhatsApp-Image-2024-08-22-at-18.21.57-696x392.jpeg 696w, https:\/\/prensa.sma.gob.ar\/wp-content\/uploads\/2024\/08\/WhatsApp-Image-2024-08-22-at-18.21.57-1068x601.jpeg 1068w, https:\/\/prensa.sma.gob.ar\/wp-content\/uploads\/2024\/08\/WhatsApp-Image-2024-08-22-at-18.21.57.jpeg 1280w\" sizes=\"auto, (max-width: 1024px) 100vw, 1024px\" \/><\/figure>\n\n\n\n<figure class=\"wp-block-image size-large\"><img loading=\"lazy\" decoding=\"async\" width=\"1024\" height=\"576\" data-id=\"1715\" src=\"https:\/\/prensa.sma.gob.ar\/wp-content\/uploads\/2024\/08\/WhatsApp-Image-2024-08-22-at-18.21.51-1024x576.jpeg\" alt=\"\" class=\"wp-image-1715\" srcset=\"https:\/\/prensa.sma.gob.ar\/wp-content\/uploads\/2024\/08\/WhatsApp-Image-2024-08-22-at-18.21.51-1024x576.jpeg 1024w, https:\/\/prensa.sma.gob.ar\/wp-content\/uploads\/2024\/08\/WhatsApp-Image-2024-08-22-at-18.21.51-300x169.jpeg 300w, https:\/\/prensa.sma.gob.ar\/wp-content\/uploads\/2024\/08\/WhatsApp-Image-2024-08-22-at-18.21.51-768x432.jpeg 768w, https:\/\/prensa.sma.gob.ar\/wp-content\/uploads\/2024\/08\/WhatsApp-Image-2024-08-22-at-18.21.51-747x420.jpeg 747w, https:\/\/prensa.sma.gob.ar\/wp-content\/uploads\/2024\/08\/WhatsApp-Image-2024-08-22-at-18.21.51-696x392.jpeg 696w, https:\/\/prensa.sma.gob.ar\/wp-content\/uploads\/2024\/08\/WhatsApp-Image-2024-08-22-at-18.21.51-1068x601.jpeg 1068w, https:\/\/prensa.sma.gob.ar\/wp-content\/uploads\/2024\/08\/WhatsApp-Image-2024-08-22-at-18.21.51.jpeg 1280w\" sizes=\"auto, (max-width: 1024px) 100vw, 1024px\" \/><\/figure>\n\n\n\n<figure class=\"wp-block-image size-large\"><img loading=\"lazy\" decoding=\"async\" width=\"1024\" height=\"576\" data-id=\"1713\" src=\"https:\/\/prensa.sma.gob.ar\/wp-content\/uploads\/2024\/08\/WhatsApp-Image-2024-08-22-at-18.21.54-1024x576.jpeg\" alt=\"\" class=\"wp-image-1713\" srcset=\"https:\/\/prensa.sma.gob.ar\/wp-content\/uploads\/2024\/08\/WhatsApp-Image-2024-08-22-at-18.21.54-1024x576.jpeg 1024w, https:\/\/prensa.sma.gob.ar\/wp-content\/uploads\/2024\/08\/WhatsApp-Image-2024-08-22-at-18.21.54-300x169.jpeg 300w, https:\/\/prensa.sma.gob.ar\/wp-content\/uploads\/2024\/08\/WhatsApp-Image-2024-08-22-at-18.21.54-768x432.jpeg 768w, https:\/\/prensa.sma.gob.ar\/wp-content\/uploads\/2024\/08\/WhatsApp-Image-2024-08-22-at-18.21.54-747x420.jpeg 747w, https:\/\/prensa.sma.gob.ar\/wp-content\/uploads\/2024\/08\/WhatsApp-Image-2024-08-22-at-18.21.54-696x392.jpeg 696w, https:\/\/prensa.sma.gob.ar\/wp-content\/uploads\/2024\/08\/WhatsApp-Image-2024-08-22-at-18.21.54-1068x601.jpeg 1068w, https:\/\/prensa.sma.gob.ar\/wp-content\/uploads\/2024\/08\/WhatsApp-Image-2024-08-22-at-18.21.54.jpeg 1280w\" sizes=\"auto, (max-width: 1024px) 100vw, 1024px\" \/><\/figure>\n<\/figure>\n\n\n\n<p><em>(Im\u00e1genes generadas por la Subsecretar\u00eda de Recursos H\u00eddricos de la provincia de Neuqu\u00e9n)<\/em><\/p>\n\n\n\n<figure class=\"wp-block-embed is-type-video is-provider-youtube wp-block-embed-youtube wp-embed-aspect-16-9 wp-has-aspect-ratio\"><div class=\"wp-block-embed__wrapper\">\n<div class=\"youtube-embed\" data-video_id=\"dJ1ynbqG5MY\"><iframe loading=\"lazy\" title=\"T\u00e9cnicos de Recursos H\u00eddricos y del Municipio recorrieron los trabajos de limpieza de arroyos\" width=\"696\" height=\"392\" src=\"https:\/\/www.youtube.com\/embed\/dJ1ynbqG5MY?feature=oembed&#038;enablejsapi=1\" frameborder=\"0\" allow=\"accelerometer; autoplay; clipboard-write; encrypted-media; gyroscope; picture-in-picture; web-share\" referrerpolicy=\"strict-origin-when-cross-origin\" allowfullscreen><\/iframe><\/div>\n<\/div><\/figure>\n","protected":false},"excerpt":{"rendered":"<p>T\u00e9cnicos y funcionarios de la Subsecretar\u00eda de Recursos H\u00eddricos de la provincia de Neuqu\u00e9n y del Municipio recorrieron los trabajos de limpieza de arroyos en diferentes sectores de San Mart\u00edn de los Andes. Con un aporte no reembolsable del Fondo H\u00eddrico Provincial de $150.000.000, las tareas demandan cuatro meses de trabajo de limpieza y acondicionamiento [&hellip;]<\/p>\n","protected":false},"author":2,"featured_media":1714,"comment_status":"closed","ping_status":"open","sticky":false,"template":"","format":"standard","meta":{"footnotes":""},"categories":[16,14,19,17],"tags":[],"class_list":{"0":"post-1711","1":"post","2":"type-post","3":"status-publish","4":"format-standard","5":"has-post-thumbnail","7":"category-destacadas","8":"category-noticias","9":"category-obras-y-servicios-publicos","10":"category-portada"},"_links":{"self":[{"href":"https:\/\/prensa.sma.gob.ar\/index.php?rest_route=\/wp\/v2\/posts\/1711","targetHints":{"allow":["GET"]}}],"collection":[{"href":"https:\/\/prensa.sma.gob.ar\/index.php?rest_route=\/wp\/v2\/posts"}],"about":[{"href":"https:\/\/prensa.sma.gob.ar\/index.php?rest_route=\/wp\/v2\/types\/post"}],"author":[{"embeddable":true,"href":"https:\/\/prensa.sma.gob.ar\/index.php?rest_route=\/wp\/v2\/users\/2"}],"replies":[{"embeddable":true,"href":"https:\/\/prensa.sma.gob.ar\/index.php?rest_route=%2Fwp%2Fv2%2Fcomments&post=1711"}],"version-history":[{"count":1,"href":"https:\/\/prensa.sma.gob.ar\/index.php?rest_route=\/wp\/v2\/posts\/1711\/revisions"}],"predecessor-version":[{"id":1728,"href":"https:\/\/prensa.sma.gob.ar\/index.php?rest_route=\/wp\/v2\/posts\/1711\/revisions\/1728"}],"wp:featuredmedia":[{"embeddable":true,"href":"https:\/\/prensa.sma.gob.ar\/index.php?rest_route=\/wp\/v2\/media\/1714"}],"wp:attachment":[{"href":"https:\/\/prensa.sma.gob.ar\/index.php?rest_route=%2Fwp%2Fv2%2Fmedia&parent=1711"}],"wp:term":[{"taxonomy":"category","embeddable":true,"href":"https:\/\/prensa.sma.gob.ar\/index.php?rest_route=%2Fwp%2Fv2%2Fcategories&post=1711"},{"taxonomy":"post_tag","embeddable":true,"href":"https:\/\/prensa.sma.gob.ar\/index.php?rest_route=%2Fwp%2Fv2%2Ftags&post=1711"}],"curies":[{"name":"wp","href":"https:\/\/api.w.org\/{rel}","templated":true}]}}