{"id":1729,"date":"2024-08-23T20:09:12","date_gmt":"2024-08-23T20:09:12","guid":{"rendered":"https:\/\/prensa.sma.gob.ar\/?p=1729"},"modified":"2024-08-23T20:09:15","modified_gmt":"2024-08-23T20:09:15","slug":"el-intendente-saloniti-visito-la-pichi-rayen-y-se-reunio-con-las-educadoras","status":"publish","type":"post","link":"https:\/\/prensa.sma.gob.ar\/?p=1729","title":{"rendered":"El intendente Saloniti visit\u00f3 la Pichi Ray\u00e9n y se reuni\u00f3 con las educadoras"},"content":{"rendered":"\n<p>El intendente Carlos Saloniti visit\u00f3 el Centro de Desarrollo Infantil (CD) Pichi Rayen, donde se est\u00e1n realizando obras a nuevo de electricidad y tareas de refacci\u00f3n de sitios y \u00e1reas para dar mayor seguridad a las infancias.<\/p>\n\n\n\n<p>Luego de la recorrida, junto a la secretaria de Desarrollo Social, Roc\u00edo Demateo; la directora de Primera Infancia, Erica Serafin, y la jefa de \u00c1rea del CDI, Adela Mu\u00f1oz, Saloniti mantuvo un encuentro con personal del establecimiento.<\/p>\n\n\n\n<p>Durante la charla, de la que participaron representantes del sindicato ATE Municipal, se repasaron las obras que se est\u00e1n realizando en el CDI de El Arenal y las necesidades pendientes para que las infancias retornen a la instituci\u00f3n.<\/p>\n\n\n\n<figure class=\"wp-block-gallery has-nested-images columns-default is-cropped wp-block-gallery-1 is-layout-flex wp-block-gallery-is-layout-flex\">\n<figure class=\"wp-block-image size-large\"><img loading=\"lazy\" decoding=\"async\" width=\"1024\" height=\"771\" data-id=\"1732\" src=\"https:\/\/prensa.sma.gob.ar\/wp-content\/uploads\/2024\/08\/WhatsApp-Image-2024-08-23-at-14.38.581-1024x771.jpeg\" alt=\"\" class=\"wp-image-1732\" srcset=\"https:\/\/prensa.sma.gob.ar\/wp-content\/uploads\/2024\/08\/WhatsApp-Image-2024-08-23-at-14.38.581-1024x771.jpeg 1024w, https:\/\/prensa.sma.gob.ar\/wp-content\/uploads\/2024\/08\/WhatsApp-Image-2024-08-23-at-14.38.581-300x226.jpeg 300w, https:\/\/prensa.sma.gob.ar\/wp-content\/uploads\/2024\/08\/WhatsApp-Image-2024-08-23-at-14.38.581-768x578.jpeg 768w, https:\/\/prensa.sma.gob.ar\/wp-content\/uploads\/2024\/08\/WhatsApp-Image-2024-08-23-at-14.38.581-1536x1156.jpeg 1536w, https:\/\/prensa.sma.gob.ar\/wp-content\/uploads\/2024\/08\/WhatsApp-Image-2024-08-23-at-14.38.581-558x420.jpeg 558w, https:\/\/prensa.sma.gob.ar\/wp-content\/uploads\/2024\/08\/WhatsApp-Image-2024-08-23-at-14.38.581-80x60.jpeg 80w, https:\/\/prensa.sma.gob.ar\/wp-content\/uploads\/2024\/08\/WhatsApp-Image-2024-08-23-at-14.38.581-696x524.jpeg 696w, https:\/\/prensa.sma.gob.ar\/wp-content\/uploads\/2024\/08\/WhatsApp-Image-2024-08-23-at-14.38.581-1068x804.jpeg 1068w, https:\/\/prensa.sma.gob.ar\/wp-content\/uploads\/2024\/08\/WhatsApp-Image-2024-08-23-at-14.38.581.jpeg 1600w\" sizes=\"auto, (max-width: 1024px) 100vw, 1024px\" \/><\/figure>\n\n\n\n<figure class=\"wp-block-image size-large\"><img loading=\"lazy\" decoding=\"async\" width=\"1024\" height=\"771\" data-id=\"1731\" src=\"https:\/\/prensa.sma.gob.ar\/wp-content\/uploads\/2024\/08\/WhatsApp-Image-2024-08-23-at-14.38.561-1024x771.jpeg\" alt=\"\" class=\"wp-image-1731\" srcset=\"https:\/\/prensa.sma.gob.ar\/wp-content\/uploads\/2024\/08\/WhatsApp-Image-2024-08-23-at-14.38.561-1024x771.jpeg 1024w, https:\/\/prensa.sma.gob.ar\/wp-content\/uploads\/2024\/08\/WhatsApp-Image-2024-08-23-at-14.38.561-300x226.jpeg 300w, https:\/\/prensa.sma.gob.ar\/wp-content\/uploads\/2024\/08\/WhatsApp-Image-2024-08-23-at-14.38.561-768x578.jpeg 768w, https:\/\/prensa.sma.gob.ar\/wp-content\/uploads\/2024\/08\/WhatsApp-Image-2024-08-23-at-14.38.561-1536x1156.jpeg 1536w, https:\/\/prensa.sma.gob.ar\/wp-content\/uploads\/2024\/08\/WhatsApp-Image-2024-08-23-at-14.38.561-558x420.jpeg 558w, https:\/\/prensa.sma.gob.ar\/wp-content\/uploads\/2024\/08\/WhatsApp-Image-2024-08-23-at-14.38.561-80x60.jpeg 80w, https:\/\/prensa.sma.gob.ar\/wp-content\/uploads\/2024\/08\/WhatsApp-Image-2024-08-23-at-14.38.561-696x524.jpeg 696w, https:\/\/prensa.sma.gob.ar\/wp-content\/uploads\/2024\/08\/WhatsApp-Image-2024-08-23-at-14.38.561-1068x804.jpeg 1068w, https:\/\/prensa.sma.gob.ar\/wp-content\/uploads\/2024\/08\/WhatsApp-Image-2024-08-23-at-14.38.561.jpeg 1600w\" sizes=\"auto, (max-width: 1024px) 100vw, 1024px\" \/><\/figure>\n<\/figure>\n\n\n\n<p>Personal de varias \u00e1reas del Municipio trabaja desde hace diez d\u00edas en tareas de electricidad, gas, agua y seguridad general, adem\u00e1s del reemplazo de tanques de reserva agua y la refacci\u00f3n general de ba\u00f1os.<\/p>\n\n\n\n<p>Tambi\u00e9n se realiza la colocaci\u00f3n de l\u00e1minas de protecci\u00f3n en vidrios: limpieza y reparaci\u00f3n de calefactores; reparaci\u00f3n de cerraduras y puertas; barras antip\u00e1nico en salidas de emergencia y se\u00f1al\u00e9tica en escalones y desniveles.<\/p>\n\n\n\n<p>Durante la reuni\u00f3n de este viernes con el intendente, las educadoras destacaron la importancia de las tareas que se llevan a cabo y plantearon la necesidad de contar con mayor personal para ampliar la matr\u00edcula infantil, adem\u00e1s de encarar otras obras que fueron solicitadas formalmente.<\/p>\n\n\n\n<p>Saloniti expres\u00f3 su intenci\u00f3n de realizar un seguimiento personal de las mejoras en el CDI, pidi\u00f3 a las trabajadoras que lo mantengan informado, agradeci\u00f3 la colaboraci\u00f3n de las \u00e1reas municipales que intervienen en la refacci\u00f3n y reafirm\u00f3 la necesidad de trabajar en conjunto para garantizar la prioridad de nuestras infancias.<\/p>\n","protected":false},"excerpt":{"rendered":"<p>El intendente Carlos Saloniti visit\u00f3 el Centro de Desarrollo Infantil (CD) Pichi Rayen, donde se est\u00e1n realizando obras a nuevo de electricidad y tareas de refacci\u00f3n de sitios y \u00e1reas para dar mayor seguridad a las infancias. Luego de la recorrida, junto a la secretaria de Desarrollo Social, Roc\u00edo Demateo; la directora de Primera Infancia, [&hellip;]<\/p>\n","protected":false},"author":2,"featured_media":1730,"comment_status":"closed","ping_status":"open","sticky":false,"template":"","format":"standard","meta":{"footnotes":""},"categories":[15,16,9,14],"tags":[],"class_list":{"0":"post-1729","1":"post","2":"type-post","3":"status-publish","4":"format-standard","5":"has-post-thumbnail","7":"category-desarrollo-social","8":"category-destacadas","9":"category-educacion","10":"category-noticias"},"_links":{"self":[{"href":"https:\/\/prensa.sma.gob.ar\/index.php?rest_route=\/wp\/v2\/posts\/1729","targetHints":{"allow":["GET"]}}],"collection":[{"href":"https:\/\/prensa.sma.gob.ar\/index.php?rest_route=\/wp\/v2\/posts"}],"about":[{"href":"https:\/\/prensa.sma.gob.ar\/index.php?rest_route=\/wp\/v2\/types\/post"}],"author":[{"embeddable":true,"href":"https:\/\/prensa.sma.gob.ar\/index.php?rest_route=\/wp\/v2\/users\/2"}],"replies":[{"embeddable":true,"href":"https:\/\/prensa.sma.gob.ar\/index.php?rest_route=%2Fwp%2Fv2%2Fcomments&post=1729"}],"version-history":[{"count":1,"href":"https:\/\/prensa.sma.gob.ar\/index.php?rest_route=\/wp\/v2\/posts\/1729\/revisions"}],"predecessor-version":[{"id":1733,"href":"https:\/\/prensa.sma.gob.ar\/index.php?rest_route=\/wp\/v2\/posts\/1729\/revisions\/1733"}],"wp:featuredmedia":[{"embeddable":true,"href":"https:\/\/prensa.sma.gob.ar\/index.php?rest_route=\/wp\/v2\/media\/1730"}],"wp:attachment":[{"href":"https:\/\/prensa.sma.gob.ar\/index.php?rest_route=%2Fwp%2Fv2%2Fmedia&parent=1729"}],"wp:term":[{"taxonomy":"category","embeddable":true,"href":"https:\/\/prensa.sma.gob.ar\/index.php?rest_route=%2Fwp%2Fv2%2Fcategories&post=1729"},{"taxonomy":"post_tag","embeddable":true,"href":"https:\/\/prensa.sma.gob.ar\/index.php?rest_route=%2Fwp%2Fv2%2Ftags&post=1729"}],"curies":[{"name":"wp","href":"https:\/\/api.w.org\/{rel}","templated":true}]}}