{"id":1734,"date":"2024-08-23T20:27:25","date_gmt":"2024-08-23T20:27:25","guid":{"rendered":"https:\/\/prensa.sma.gob.ar\/?p=1734"},"modified":"2024-08-24T11:43:03","modified_gmt":"2024-08-24T11:43:03","slug":"con-chicas-y-chicos-de-la-escuela-274-termino-la-tercera-semana-del-plan-municipal-de-esqui","status":"publish","type":"post","link":"https:\/\/prensa.sma.gob.ar\/?p=1734","title":{"rendered":"Con chicas y chicos de la escuela 274 termin\u00f3 la tercera semana del Plan Municipal de Esqu\u00ed"},"content":{"rendered":"\n<p>Este viernes concluy\u00f3 la tercera semana del Plan Municipal de Esqu\u00ed \u00abAprendiendo en la nieve\u00bb. Tal como se estableci\u00f3 en el organigrama, en los \u00faltimos cinco d\u00edas fue el turno de las chicas y chicos de 7\u00b0 grado de la Escuela N\u00b0274. Tambi\u00e9n de la Escuela del Sol y de Fuente Serena.<\/p>\n\n\n\n<p>El programa del Municipio, que cuenta con la colaboraci\u00f3n del Gobierno provincial y de empresas privadas, concluir\u00e1 a fines de septiembre y se estima que lo disfrutar\u00e1n m\u00e1s de 800 estudiantes.<\/p>\n\n\n\n<p>El programa permite que chicas y chicos de todas las escuelas de nuestra ciudad accedan durante una semana al centro invernal del Cerro Chapelco, con actividades recreativas y pr\u00e1cticas de esqu\u00ed.<\/p>\n\n\n\n<figure class=\"wp-block-gallery has-nested-images columns-default is-cropped wp-block-gallery-1 is-layout-flex wp-block-gallery-is-layout-flex\">\n<figure class=\"wp-block-image size-large\"><img loading=\"lazy\" decoding=\"async\" width=\"768\" height=\"1024\" data-id=\"1735\" src=\"https:\/\/prensa.sma.gob.ar\/wp-content\/uploads\/2024\/08\/WhatsApp-Image-2024-08-23-at-16.50.56-768x1024.jpeg\" alt=\"\" class=\"wp-image-1735\" srcset=\"https:\/\/prensa.sma.gob.ar\/wp-content\/uploads\/2024\/08\/WhatsApp-Image-2024-08-23-at-16.50.56-768x1024.jpeg 768w, https:\/\/prensa.sma.gob.ar\/wp-content\/uploads\/2024\/08\/WhatsApp-Image-2024-08-23-at-16.50.56-225x300.jpeg 225w, https:\/\/prensa.sma.gob.ar\/wp-content\/uploads\/2024\/08\/WhatsApp-Image-2024-08-23-at-16.50.56-1152x1536.jpeg 1152w, https:\/\/prensa.sma.gob.ar\/wp-content\/uploads\/2024\/08\/WhatsApp-Image-2024-08-23-at-16.50.56-315x420.jpeg 315w, https:\/\/prensa.sma.gob.ar\/wp-content\/uploads\/2024\/08\/WhatsApp-Image-2024-08-23-at-16.50.56-696x928.jpeg 696w, https:\/\/prensa.sma.gob.ar\/wp-content\/uploads\/2024\/08\/WhatsApp-Image-2024-08-23-at-16.50.56-1068x1424.jpeg 1068w, https:\/\/prensa.sma.gob.ar\/wp-content\/uploads\/2024\/08\/WhatsApp-Image-2024-08-23-at-16.50.56.jpeg 1200w\" sizes=\"auto, (max-width: 768px) 100vw, 768px\" \/><\/figure>\n\n\n\n<figure class=\"wp-block-image size-large\"><img loading=\"lazy\" decoding=\"async\" width=\"768\" height=\"1024\" data-id=\"1736\" src=\"https:\/\/prensa.sma.gob.ar\/wp-content\/uploads\/2024\/08\/WhatsApp-Image-2024-08-23-at-16.50.551-768x1024.jpeg\" alt=\"\" class=\"wp-image-1736\" srcset=\"https:\/\/prensa.sma.gob.ar\/wp-content\/uploads\/2024\/08\/WhatsApp-Image-2024-08-23-at-16.50.551-768x1024.jpeg 768w, https:\/\/prensa.sma.gob.ar\/wp-content\/uploads\/2024\/08\/WhatsApp-Image-2024-08-23-at-16.50.551-225x300.jpeg 225w, https:\/\/prensa.sma.gob.ar\/wp-content\/uploads\/2024\/08\/WhatsApp-Image-2024-08-23-at-16.50.551-1152x1536.jpeg 1152w, https:\/\/prensa.sma.gob.ar\/wp-content\/uploads\/2024\/08\/WhatsApp-Image-2024-08-23-at-16.50.551-315x420.jpeg 315w, https:\/\/prensa.sma.gob.ar\/wp-content\/uploads\/2024\/08\/WhatsApp-Image-2024-08-23-at-16.50.551-696x928.jpeg 696w, https:\/\/prensa.sma.gob.ar\/wp-content\/uploads\/2024\/08\/WhatsApp-Image-2024-08-23-at-16.50.551-1068x1424.jpeg 1068w, https:\/\/prensa.sma.gob.ar\/wp-content\/uploads\/2024\/08\/WhatsApp-Image-2024-08-23-at-16.50.551.jpeg 1200w\" sizes=\"auto, (max-width: 768px) 100vw, 768px\" \/><\/figure>\n\n\n\n<figure class=\"wp-block-image size-large\"><img loading=\"lazy\" decoding=\"async\" width=\"768\" height=\"1024\" data-id=\"1737\" src=\"https:\/\/prensa.sma.gob.ar\/wp-content\/uploads\/2024\/08\/WhatsApp-Image-2024-08-23-at-16.50.55-768x1024.jpeg\" alt=\"\" class=\"wp-image-1737\" srcset=\"https:\/\/prensa.sma.gob.ar\/wp-content\/uploads\/2024\/08\/WhatsApp-Image-2024-08-23-at-16.50.55-768x1024.jpeg 768w, https:\/\/prensa.sma.gob.ar\/wp-content\/uploads\/2024\/08\/WhatsApp-Image-2024-08-23-at-16.50.55-225x300.jpeg 225w, https:\/\/prensa.sma.gob.ar\/wp-content\/uploads\/2024\/08\/WhatsApp-Image-2024-08-23-at-16.50.55-1152x1536.jpeg 1152w, https:\/\/prensa.sma.gob.ar\/wp-content\/uploads\/2024\/08\/WhatsApp-Image-2024-08-23-at-16.50.55-315x420.jpeg 315w, https:\/\/prensa.sma.gob.ar\/wp-content\/uploads\/2024\/08\/WhatsApp-Image-2024-08-23-at-16.50.55-696x928.jpeg 696w, https:\/\/prensa.sma.gob.ar\/wp-content\/uploads\/2024\/08\/WhatsApp-Image-2024-08-23-at-16.50.55-1068x1424.jpeg 1068w, https:\/\/prensa.sma.gob.ar\/wp-content\/uploads\/2024\/08\/WhatsApp-Image-2024-08-23-at-16.50.55.jpeg 1200w\" sizes=\"auto, (max-width: 768px) 100vw, 768px\" \/><\/figure>\n<\/figure>\n\n\n\n<p>El subsecretario de Deportes, Fernando M\u00e9ndez, record\u00f3 que el programa \u201cincluye todas las escuelas de San Mart\u00edn de los Andes, p\u00fablicas y privadas, urbanas, rurales y especiales\u201d e inform\u00f3 que, al cabo de esta edici\u00f3n, entre estudiantes y docentes y coordinadores, se movilizar\u00e1n m\u00e1s de 900 personas.<\/p>\n\n\n\n<p>El programa de este a\u00f1o fue posible gracias al trabajo conjunto de la Subsecretar\u00eda de Deportes, de la empresa Nieves del Chapelco, de Expreso Los Andes, de Team Chapelco y del Gobierno de Neuqu\u00e9n.<\/p>\n\n\n\n<figure class=\"wp-block-gallery has-nested-images columns-default is-cropped wp-block-gallery-2 is-layout-flex wp-block-gallery-is-layout-flex\">\n<figure class=\"wp-block-image size-large\"><img loading=\"lazy\" decoding=\"async\" width=\"768\" height=\"1024\" data-id=\"1740\" src=\"https:\/\/prensa.sma.gob.ar\/wp-content\/uploads\/2024\/08\/WhatsApp-Image-2024-08-23-at-16.50.531-768x1024.jpeg\" alt=\"\" class=\"wp-image-1740\" srcset=\"https:\/\/prensa.sma.gob.ar\/wp-content\/uploads\/2024\/08\/WhatsApp-Image-2024-08-23-at-16.50.531-768x1024.jpeg 768w, https:\/\/prensa.sma.gob.ar\/wp-content\/uploads\/2024\/08\/WhatsApp-Image-2024-08-23-at-16.50.531-225x300.jpeg 225w, https:\/\/prensa.sma.gob.ar\/wp-content\/uploads\/2024\/08\/WhatsApp-Image-2024-08-23-at-16.50.531-1152x1536.jpeg 1152w, https:\/\/prensa.sma.gob.ar\/wp-content\/uploads\/2024\/08\/WhatsApp-Image-2024-08-23-at-16.50.531-315x420.jpeg 315w, https:\/\/prensa.sma.gob.ar\/wp-content\/uploads\/2024\/08\/WhatsApp-Image-2024-08-23-at-16.50.531-696x928.jpeg 696w, https:\/\/prensa.sma.gob.ar\/wp-content\/uploads\/2024\/08\/WhatsApp-Image-2024-08-23-at-16.50.531-1068x1424.jpeg 1068w, https:\/\/prensa.sma.gob.ar\/wp-content\/uploads\/2024\/08\/WhatsApp-Image-2024-08-23-at-16.50.531.jpeg 1200w\" sizes=\"auto, (max-width: 768px) 100vw, 768px\" \/><\/figure>\n\n\n\n<figure class=\"wp-block-image size-large\"><img loading=\"lazy\" decoding=\"async\" width=\"768\" height=\"1024\" data-id=\"1739\" src=\"https:\/\/prensa.sma.gob.ar\/wp-content\/uploads\/2024\/08\/WhatsApp-Image-2024-08-23-at-16.50.54-768x1024.jpeg\" alt=\"\" class=\"wp-image-1739\" srcset=\"https:\/\/prensa.sma.gob.ar\/wp-content\/uploads\/2024\/08\/WhatsApp-Image-2024-08-23-at-16.50.54-768x1024.jpeg 768w, https:\/\/prensa.sma.gob.ar\/wp-content\/uploads\/2024\/08\/WhatsApp-Image-2024-08-23-at-16.50.54-225x300.jpeg 225w, https:\/\/prensa.sma.gob.ar\/wp-content\/uploads\/2024\/08\/WhatsApp-Image-2024-08-23-at-16.50.54-1152x1536.jpeg 1152w, https:\/\/prensa.sma.gob.ar\/wp-content\/uploads\/2024\/08\/WhatsApp-Image-2024-08-23-at-16.50.54-315x420.jpeg 315w, https:\/\/prensa.sma.gob.ar\/wp-content\/uploads\/2024\/08\/WhatsApp-Image-2024-08-23-at-16.50.54-696x928.jpeg 696w, https:\/\/prensa.sma.gob.ar\/wp-content\/uploads\/2024\/08\/WhatsApp-Image-2024-08-23-at-16.50.54-1068x1424.jpeg 1068w, https:\/\/prensa.sma.gob.ar\/wp-content\/uploads\/2024\/08\/WhatsApp-Image-2024-08-23-at-16.50.54.jpeg 1200w\" sizes=\"auto, (max-width: 768px) 100vw, 768px\" \/><\/figure>\n\n\n\n<figure class=\"wp-block-image size-large\"><img loading=\"lazy\" decoding=\"async\" width=\"768\" height=\"1024\" data-id=\"1738\" src=\"https:\/\/prensa.sma.gob.ar\/wp-content\/uploads\/2024\/08\/WhatsApp-Image-2024-08-23-at-16.50.541-768x1024.jpeg\" alt=\"\" class=\"wp-image-1738\" srcset=\"https:\/\/prensa.sma.gob.ar\/wp-content\/uploads\/2024\/08\/WhatsApp-Image-2024-08-23-at-16.50.541-768x1024.jpeg 768w, https:\/\/prensa.sma.gob.ar\/wp-content\/uploads\/2024\/08\/WhatsApp-Image-2024-08-23-at-16.50.541-225x300.jpeg 225w, https:\/\/prensa.sma.gob.ar\/wp-content\/uploads\/2024\/08\/WhatsApp-Image-2024-08-23-at-16.50.541-1152x1536.jpeg 1152w, https:\/\/prensa.sma.gob.ar\/wp-content\/uploads\/2024\/08\/WhatsApp-Image-2024-08-23-at-16.50.541-315x420.jpeg 315w, https:\/\/prensa.sma.gob.ar\/wp-content\/uploads\/2024\/08\/WhatsApp-Image-2024-08-23-at-16.50.541-696x928.jpeg 696w, https:\/\/prensa.sma.gob.ar\/wp-content\/uploads\/2024\/08\/WhatsApp-Image-2024-08-23-at-16.50.541-1068x1424.jpeg 1068w, https:\/\/prensa.sma.gob.ar\/wp-content\/uploads\/2024\/08\/WhatsApp-Image-2024-08-23-at-16.50.541.jpeg 1200w\" sizes=\"auto, (max-width: 768px) 100vw, 768px\" \/><\/figure>\n<\/figure>\n","protected":false},"excerpt":{"rendered":"<p>Este viernes concluy\u00f3 la tercera semana del Plan Municipal de Esqu\u00ed \u00abAprendiendo en la nieve\u00bb. Tal como se estableci\u00f3 en el organigrama, en los \u00faltimos cinco d\u00edas fue el turno de las chicas y chicos de 7\u00b0 grado de la Escuela N\u00b0274. Tambi\u00e9n de la Escuela del Sol y de Fuente Serena. El programa del [&hellip;]<\/p>\n","protected":false},"author":2,"featured_media":1741,"comment_status":"closed","ping_status":"open","sticky":false,"template":"","format":"standard","meta":{"footnotes":""},"categories":[7,16,9,14],"tags":[],"class_list":{"0":"post-1734","1":"post","2":"type-post","3":"status-publish","4":"format-standard","5":"has-post-thumbnail","7":"category-deportes","8":"category-destacadas","9":"category-educacion","10":"category-noticias"},"_links":{"self":[{"href":"https:\/\/prensa.sma.gob.ar\/index.php?rest_route=\/wp\/v2\/posts\/1734","targetHints":{"allow":["GET"]}}],"collection":[{"href":"https:\/\/prensa.sma.gob.ar\/index.php?rest_route=\/wp\/v2\/posts"}],"about":[{"href":"https:\/\/prensa.sma.gob.ar\/index.php?rest_route=\/wp\/v2\/types\/post"}],"author":[{"embeddable":true,"href":"https:\/\/prensa.sma.gob.ar\/index.php?rest_route=\/wp\/v2\/users\/2"}],"replies":[{"embeddable":true,"href":"https:\/\/prensa.sma.gob.ar\/index.php?rest_route=%2Fwp%2Fv2%2Fcomments&post=1734"}],"version-history":[{"count":2,"href":"https:\/\/prensa.sma.gob.ar\/index.php?rest_route=\/wp\/v2\/posts\/1734\/revisions"}],"predecessor-version":[{"id":1743,"href":"https:\/\/prensa.sma.gob.ar\/index.php?rest_route=\/wp\/v2\/posts\/1734\/revisions\/1743"}],"wp:featuredmedia":[{"embeddable":true,"href":"https:\/\/prensa.sma.gob.ar\/index.php?rest_route=\/wp\/v2\/media\/1741"}],"wp:attachment":[{"href":"https:\/\/prensa.sma.gob.ar\/index.php?rest_route=%2Fwp%2Fv2%2Fmedia&parent=1734"}],"wp:term":[{"taxonomy":"category","embeddable":true,"href":"https:\/\/prensa.sma.gob.ar\/index.php?rest_route=%2Fwp%2Fv2%2Fcategories&post=1734"},{"taxonomy":"post_tag","embeddable":true,"href":"https:\/\/prensa.sma.gob.ar\/index.php?rest_route=%2Fwp%2Fv2%2Ftags&post=1734"}],"curies":[{"name":"wp","href":"https:\/\/api.w.org\/{rel}","templated":true}]}}