{"id":1744,"date":"2024-08-24T11:44:43","date_gmt":"2024-08-24T11:44:43","guid":{"rendered":"https:\/\/prensa.sma.gob.ar\/?p=1744"},"modified":"2024-08-24T11:44:44","modified_gmt":"2024-08-24T11:44:44","slug":"provincia-realiza-encuestas-en-comercios-sobre-temas-de-prevencion-y-seguridad","status":"publish","type":"post","link":"https:\/\/prensa.sma.gob.ar\/?p=1744","title":{"rendered":"Provincia realiza encuestas en comercios sobre temas de prevenci\u00f3n y seguridad"},"content":{"rendered":"\n<p>Partiendo de la base de que cerca del 60% de los hechos delictivos no se denuncian, la provincia de Neuqu\u00e9n lanz\u00f3 este viernes comenz\u00f3 en San Mart\u00edn de los Andes un programa de participaci\u00f3n ciudadana para generar pol\u00edticas p\u00fablicas acordes en materia de prevenci\u00f3n y seguridad.<\/p>\n\n\n\n<p>El denominado Plan Provincial de Encuestas de Percepci\u00f3n y Victimizaci\u00f3n, organizado por el Ministerio de Seguridad de Neuqu\u00e9n, consiste en hacer un relevamiento a comercios orientados a la atenci\u00f3n al p\u00fablico.<\/p>\n\n\n\n<p>El director Provincial de An\u00e1lisis Delictual, Juan Chiocconi, explic\u00f3 que los encuestadores relevar\u00e1n comercios de la ciudad, quedar\u00e1n excluidos los supermercados, profesiones liberales y rubros educativos.<\/p>\n\n\n\n<p>Se\u00f1al\u00f3 que este programa se basa en una herramienta realizada por la Universidad Nacional de R\u00edo Negro, en la carrera de Criminolog\u00eda, que busca acceder a lo que se denomina \u201ccifra negra\u201d, en referencia a los delitos que no se denuncian.<\/p>\n\n\n\n<p>\u201cHabitualmente, nos nutrimos de las denuncias que hacen, en las fuerzas policiales o en la Justicia, los vecinos que han sufrido alg\u00fan delito. De esos datos, elaboramos tambi\u00e9n lo que se llama mapa de prevalencia, que determina los delitos m\u00e1s habituales en diferentes lugares de la provincia\u201d, record\u00f3.<\/p>\n\n\n\n<p>\u201cSin embargo \u2013agreg\u00f3- existen situaciones que, por distintos motivos, las personas deciden no denunciar. Esto nos genera un vac\u00edo de informaci\u00f3n sobre la realidad de lo que viven las personas en barrios\u201d.<\/p>\n\n\n\n<p>Chiocconi record\u00f3 que, en general, se estima que el 60 por ciento de las situaciones no se denuncian. S\u00f3lo se denuncian los casos que, por ejemplo, tienen un seguro. Pero hay delitos que casi no se denuncian, como el narcomenudeo, en un 90%\u201d.<\/p>\n\n\n\n<p>Explic\u00f3 que, en la encuesta \u201cpreguntamos c\u00f3mo ven las personas el accionar institucional y c\u00f3mo perciben la inseguridad en su barrio. Estas encuestas abren la posibilidad de que el vecino pueda contar delitos que haya sufrido \u00e9l o un amigo o un familiar y que no haya denunciado\u201d.<\/p>\n\n\n\n<p>Asegur\u00f3 que \u201cla encuesta es an\u00f3nima, no es la tradicional cara a cara con el comerciante. Entregamos un peque\u00f1o papel, con una breve explicaci\u00f3n. Ese papel tiene un c\u00f3digo QR que est\u00e1 vinculado al n\u00famero de habilitaci\u00f3n del comercio. Cuando la Universidad de R\u00edo Negro carga las respuestas en su programa, lo hace de manera an\u00f3nima\u201d.<\/p>\n","protected":false},"excerpt":{"rendered":"<p>Partiendo de la base de que cerca del 60% de los hechos delictivos no se denuncian, la provincia de Neuqu\u00e9n lanz\u00f3 este viernes comenz\u00f3 en San Mart\u00edn de los Andes un programa de participaci\u00f3n ciudadana para generar pol\u00edticas p\u00fablicas acordes en materia de prevenci\u00f3n y seguridad. El denominado Plan Provincial de Encuestas de Percepci\u00f3n y [&hellip;]<\/p>\n","protected":false},"author":2,"featured_media":1745,"comment_status":"closed","ping_status":"open","sticky":false,"template":"","format":"standard","meta":{"footnotes":""},"categories":[16,11,14],"tags":[],"class_list":{"0":"post-1744","1":"post","2":"type-post","3":"status-publish","4":"format-standard","5":"has-post-thumbnail","7":"category-destacadas","8":"category-gobierno","9":"category-noticias"},"_links":{"self":[{"href":"https:\/\/prensa.sma.gob.ar\/index.php?rest_route=\/wp\/v2\/posts\/1744","targetHints":{"allow":["GET"]}}],"collection":[{"href":"https:\/\/prensa.sma.gob.ar\/index.php?rest_route=\/wp\/v2\/posts"}],"about":[{"href":"https:\/\/prensa.sma.gob.ar\/index.php?rest_route=\/wp\/v2\/types\/post"}],"author":[{"embeddable":true,"href":"https:\/\/prensa.sma.gob.ar\/index.php?rest_route=\/wp\/v2\/users\/2"}],"replies":[{"embeddable":true,"href":"https:\/\/prensa.sma.gob.ar\/index.php?rest_route=%2Fwp%2Fv2%2Fcomments&post=1744"}],"version-history":[{"count":1,"href":"https:\/\/prensa.sma.gob.ar\/index.php?rest_route=\/wp\/v2\/posts\/1744\/revisions"}],"predecessor-version":[{"id":1746,"href":"https:\/\/prensa.sma.gob.ar\/index.php?rest_route=\/wp\/v2\/posts\/1744\/revisions\/1746"}],"wp:featuredmedia":[{"embeddable":true,"href":"https:\/\/prensa.sma.gob.ar\/index.php?rest_route=\/wp\/v2\/media\/1745"}],"wp:attachment":[{"href":"https:\/\/prensa.sma.gob.ar\/index.php?rest_route=%2Fwp%2Fv2%2Fmedia&parent=1744"}],"wp:term":[{"taxonomy":"category","embeddable":true,"href":"https:\/\/prensa.sma.gob.ar\/index.php?rest_route=%2Fwp%2Fv2%2Fcategories&post=1744"},{"taxonomy":"post_tag","embeddable":true,"href":"https:\/\/prensa.sma.gob.ar\/index.php?rest_route=%2Fwp%2Fv2%2Ftags&post=1744"}],"curies":[{"name":"wp","href":"https:\/\/api.w.org\/{rel}","templated":true}]}}