{"id":1747,"date":"2024-08-24T11:59:13","date_gmt":"2024-08-24T11:59:13","guid":{"rendered":"https:\/\/prensa.sma.gob.ar\/?p=1747"},"modified":"2024-08-24T11:59:14","modified_gmt":"2024-08-24T11:59:14","slug":"san-martin-de-los-andes-sera-escenario-del-segundo-encuentro-de-viveros-regionales","status":"publish","type":"post","link":"https:\/\/prensa.sma.gob.ar\/?p=1747","title":{"rendered":"San Mart\u00edn de los Andes ser\u00e1 escenario del Segundo Encuentro de Viveros Regionales"},"content":{"rendered":"\n<p>El pr\u00f3ximo s\u00e1bado 14 de septiembre, entre las 14 y las 19, la calle Arturo Illia, frente a la plaza San Mart\u00edn, ser\u00e1 el centro de actividad para los apasionados de la jardiner\u00eda y el paisajismo.<\/p>\n\n\n\n<p>Este encuentro permitir\u00e1 explorar y compartir conocimientos sobre plantas y, tambi\u00e9n, destacar\u00e1 la importancia del trabajo de viveros y la producci\u00f3n hort\u00edcola en la provincia.<\/p>\n\n\n\n<p><a><\/a>Contar\u00e1 con la participaci\u00f3n de viveros de localidades e instituciones como Villa Traful, Alumin\u00e9, Pehuenia, Villa La Angostura, Viveros Provinciales, el CEI San Ignacio, la unidad agroecol\u00f3gica Abono Compuesto y la Universidad Nacional del Comahue, Corfone, entre otros.<\/p>\n\n\n\n<p>Los visitantes tendr\u00e1n la oportunidad de conocer de cerca la variedad de especies ofrecidas por estos viveros, adquirir plantas exclusivas y recibir valiosos consejos sobre su cuidado y mantenimiento.<\/p>\n\n\n\n<p>El encuentro ofrecer\u00e1 una amplia gama de actividades, incluyendo la venta, exposici\u00f3n, sorteos e intercambio de plantas locales.<\/p>\n\n\n\n<p>La <a href=\"https:\/\/www.facebook.com\/subsepessma?__cft__[0]=AZUvCvHWrpxNGseRmYPVFkUS5iF80OFhVKUzkWIlEVkxrdgeYoU7cgCoEp6IyN5OgrPt6-MVsiMD5SL9tRT5oSf4tcyfl_u1QAmQlmRRrcGECDhWsyaxofaQL14sIBJX1DD_Lnpo0KeQHT8pUoXfr8kbuiCS4KtxmHDnDWwfGEBgCcYYbqvjINj_tcJSCzwtJV1giqCEmdBWLXdSq84iG6-r&amp;__tn__=-]K-R\">Subsecretar\u00eda de Producci\u00f3n, Empleo y Juventud <\/a>se\u00f1al\u00f3 que este segundo Encuentro de Viveros Regionales ser\u00e1 una ocasi\u00f3n \u00fanica para poner en valor el esfuerzo y la dedicaci\u00f3n de los sectores involucrados en la producci\u00f3n de plantas y alimentos en la zona.<\/p>\n\n\n\n<p>Ser\u00e1, adem\u00e1s, una excelente oportunidad para fortalecer la red local, fomentar el intercambio de ideas y dar a conocer el impacto positivo de estos trabajos en nuestra comunidad y una experiencia enriquecedora e inolvidable.<\/p>\n","protected":false},"excerpt":{"rendered":"<p>El pr\u00f3ximo s\u00e1bado 14 de septiembre, entre las 14 y las 19, la calle Arturo Illia, frente a la plaza San Mart\u00edn, ser\u00e1 el centro de actividad para los apasionados de la jardiner\u00eda y el paisajismo. Este encuentro permitir\u00e1 explorar y compartir conocimientos sobre plantas y, tambi\u00e9n, destacar\u00e1 la importancia del trabajo de viveros y [&hellip;]<\/p>\n","protected":false},"author":2,"featured_media":1748,"comment_status":"closed","ping_status":"open","sticky":false,"template":"","format":"standard","meta":{"footnotes":""},"categories":[16,14,38],"tags":[],"class_list":{"0":"post-1747","1":"post","2":"type-post","3":"status-publish","4":"format-standard","5":"has-post-thumbnail","7":"category-destacadas","8":"category-noticias","9":"category-subsecretaria-produccion-empleo-y-juventud"},"_links":{"self":[{"href":"https:\/\/prensa.sma.gob.ar\/index.php?rest_route=\/wp\/v2\/posts\/1747","targetHints":{"allow":["GET"]}}],"collection":[{"href":"https:\/\/prensa.sma.gob.ar\/index.php?rest_route=\/wp\/v2\/posts"}],"about":[{"href":"https:\/\/prensa.sma.gob.ar\/index.php?rest_route=\/wp\/v2\/types\/post"}],"author":[{"embeddable":true,"href":"https:\/\/prensa.sma.gob.ar\/index.php?rest_route=\/wp\/v2\/users\/2"}],"replies":[{"embeddable":true,"href":"https:\/\/prensa.sma.gob.ar\/index.php?rest_route=%2Fwp%2Fv2%2Fcomments&post=1747"}],"version-history":[{"count":1,"href":"https:\/\/prensa.sma.gob.ar\/index.php?rest_route=\/wp\/v2\/posts\/1747\/revisions"}],"predecessor-version":[{"id":1749,"href":"https:\/\/prensa.sma.gob.ar\/index.php?rest_route=\/wp\/v2\/posts\/1747\/revisions\/1749"}],"wp:featuredmedia":[{"embeddable":true,"href":"https:\/\/prensa.sma.gob.ar\/index.php?rest_route=\/wp\/v2\/media\/1748"}],"wp:attachment":[{"href":"https:\/\/prensa.sma.gob.ar\/index.php?rest_route=%2Fwp%2Fv2%2Fmedia&parent=1747"}],"wp:term":[{"taxonomy":"category","embeddable":true,"href":"https:\/\/prensa.sma.gob.ar\/index.php?rest_route=%2Fwp%2Fv2%2Fcategories&post=1747"},{"taxonomy":"post_tag","embeddable":true,"href":"https:\/\/prensa.sma.gob.ar\/index.php?rest_route=%2Fwp%2Fv2%2Ftags&post=1747"}],"curies":[{"name":"wp","href":"https:\/\/api.w.org\/{rel}","templated":true}]}}