{"id":1750,"date":"2024-08-24T20:50:16","date_gmt":"2024-08-24T20:50:16","guid":{"rendered":"https:\/\/prensa.sma.gob.ar\/?p=1750"},"modified":"2024-08-24T21:07:58","modified_gmt":"2024-08-24T21:07:58","slug":"campana-de-reciclado-y-separacion-de-residuos-solidos-urbanos-rsu","status":"publish","type":"post","link":"https:\/\/prensa.sma.gob.ar\/?p=1750","title":{"rendered":"Campa\u00f1a de reciclado y separaci\u00f3n de Residuos S\u00f3lidos Urbanos (RSU)"},"content":{"rendered":"\n<p>El \u00e1rea de Prensa del Municipio de San Mart\u00edn de los Andes inici\u00f3 una campa\u00f1a en medios de comunicaci\u00f3n sobre reciclado y separaci\u00f3n de Residuos S\u00f3lidos Urbanos (RSU), atendiendo uno de los pedidos elevados durante el ultimo encuentro del Consejo de Juntas Vecinales, realizado el 27 de julio pasado.<\/p>\n\n\n\n<p>La campa\u00f1a consiste en spots radiof\u00f3nicos y banners en los portales digitales de noticias de nuestra comunidad. Adem\u00e1s, se volc\u00f3 informaci\u00f3n en las redes sociales del Municipio y en nuestra p\u00e1gina web.<\/p>\n\n\n\n<figure class=\"wp-block-image size-full\"><img loading=\"lazy\" decoding=\"async\" width=\"900\" height=\"300\" src=\"https:\/\/prensa.sma.gob.ar\/wp-content\/uploads\/2024\/08\/FM-LAGO900X3003.png\" alt=\"\" class=\"wp-image-1751\" srcset=\"https:\/\/prensa.sma.gob.ar\/wp-content\/uploads\/2024\/08\/FM-LAGO900X3003.png 900w, https:\/\/prensa.sma.gob.ar\/wp-content\/uploads\/2024\/08\/FM-LAGO900X3003-300x100.png 300w, https:\/\/prensa.sma.gob.ar\/wp-content\/uploads\/2024\/08\/FM-LAGO900X3003-768x256.png 768w, https:\/\/prensa.sma.gob.ar\/wp-content\/uploads\/2024\/08\/FM-LAGO900X3003-696x232.png 696w\" sizes=\"auto, (max-width: 900px) 100vw, 900px\" \/><\/figure>\n\n\n\n<p>Este art\u00edculo resume c\u00f3mo funciona el sistema municipal de recolecci\u00f3n de residuos, qu\u00e9 dicen las ordenanzas sobre separaci\u00f3n de residuos y tratamiento de los Residuos S\u00f3lidos Urbanos, la funci\u00f3n de la plana del SIRVE y la Estaci\u00f3n de Transferencia.<\/p>\n\n\n\n<p>Adem\u00e1s, las vecinas y vecinos encontrar\u00e1n informaci\u00f3n y contacto sobre el funcionamiento del SIRVE y sobre la recolecci\u00f3n de residuos. <\/p>\n\n\n\n<p>Para comenzar, compartimos el enlace para acceder al Mapa de Residuos que elaboraron docentes y estudiantes del Cpem 57, de nuestra ciudad. Este trabajo ha sido reconocido por el Concejo Deliberante de nuestra ciudad.<\/p>\n\n\n\n<p>Hac\u00e9 click en la imagen.<\/p>\n\n\n\n<figure class=\"wp-block-image size-large\"><a href=\"https:\/\/umap.openstreetmap.fr\/es\/map\/gestion-de-residuos-sma_1060409#14\/-40.1456\/-71.3138\"><img loading=\"lazy\" decoding=\"async\" width=\"1024\" height=\"654\" src=\"https:\/\/prensa.sma.gob.ar\/wp-content\/uploads\/2024\/08\/MAPA-DE-RESIDUOS-1024x654.jpg\" alt=\"\" class=\"wp-image-1753\" srcset=\"https:\/\/prensa.sma.gob.ar\/wp-content\/uploads\/2024\/08\/MAPA-DE-RESIDUOS-1024x654.jpg 1024w, https:\/\/prensa.sma.gob.ar\/wp-content\/uploads\/2024\/08\/MAPA-DE-RESIDUOS-300x192.jpg 300w, https:\/\/prensa.sma.gob.ar\/wp-content\/uploads\/2024\/08\/MAPA-DE-RESIDUOS-768x491.jpg 768w, https:\/\/prensa.sma.gob.ar\/wp-content\/uploads\/2024\/08\/MAPA-DE-RESIDUOS-657x420.jpg 657w, https:\/\/prensa.sma.gob.ar\/wp-content\/uploads\/2024\/08\/MAPA-DE-RESIDUOS-696x445.jpg 696w, https:\/\/prensa.sma.gob.ar\/wp-content\/uploads\/2024\/08\/MAPA-DE-RESIDUOS-1068x682.jpg 1068w, https:\/\/prensa.sma.gob.ar\/wp-content\/uploads\/2024\/08\/MAPA-DE-RESIDUOS.jpg 1080w\" sizes=\"auto, (max-width: 1024px) 100vw, 1024px\" \/><\/a><\/figure>\n\n\n\n<p><\/p>\n\n\n\n<p><strong>\u00bfC\u00f3mo funciona el sistema municipal de recolecci\u00f3n de residuos?<\/strong><\/p>\n\n\n\n<p>La municipalidad de San Mart\u00edn de los Andes posee su propio sistema de recolecci\u00f3n de residuos domiciliarios, a cargo del \u00e1rea de Servicios P\u00fablicos del Municipio. Cuenta con unidades de recolecci\u00f3n de residuos (camiones compactadores \u2013 recolectores) y personal espec\u00edfico. La frecuencia en d\u00edas y horarios var\u00eda seg\u00fan los barrios y las zonas de la ciudad.<\/p>\n\n\n\n<p>El servicio de recolecci\u00f3n se efect\u00faa en forma diaria, de lunes a s\u00e1bado, recolectado los residuos diferenciados (recuperables como cart\u00f3n, nylon, pl\u00e1stico y latas, vidrios, entre otros) y los residuos h\u00famedos (fracci\u00f3n de residuo que contiene materia org\u00e1nica). El diagrama de trabajo de recolecci\u00f3n en el \u00e1rea Centro se realiza, en general, a la tarde-noche para optimizar el recurso y generar la menor incidencia en el tr\u00e1nsito.<\/p>\n\n\n\n<p>La fracci\u00f3n diferenciada recuperable es remitida al centro de separaci\u00f3n y selecci\u00f3n denominado SIRVE, donde se genera un proceso para seleccionar residuo recuperable (pl\u00e1stico, aluminio, papel, cart\u00f3n, vidrio, etc), para su comercializaci\u00f3n.<\/p>\n\n\n\n<p>El descarte de este proceso del SIRVE es remitido a la Estaci\u00f3n de Transferencia de Residuos s\u00f3lidos urbanos operada por la empresa Resagos Cipolletti SRL. El residuo h\u00famedo recolectado, que posee una fracci\u00f3n significativa de materia org\u00e1nica, es transportado en forma directa hacia las instalaciones de la Estaci\u00f3n de Transferencia, ubicada en el KM2.227 de la RN40 (zona perif\u00e9rica al ejido de San Mart\u00edn de los Andes).<\/p>\n\n\n<div class=\"wp-block-image\">\n<figure class=\"aligncenter size-full\"><img loading=\"lazy\" decoding=\"async\" width=\"374\" height=\"415\" src=\"https:\/\/prensa.sma.gob.ar\/wp-content\/uploads\/2024\/06\/SIRVE.png\" alt=\"\" class=\"wp-image-614\" srcset=\"https:\/\/prensa.sma.gob.ar\/wp-content\/uploads\/2024\/06\/SIRVE.png 374w, https:\/\/prensa.sma.gob.ar\/wp-content\/uploads\/2024\/06\/SIRVE-270x300.png 270w\" sizes=\"auto, (max-width: 374px) 100vw, 374px\" \/><\/figure>\n<\/div>\n\n\n<p class=\"has-text-align-center\"><strong>Horarios y recorridos del SIRVE:<\/strong><\/p>\n\n\n\n<p><strong>RECORRIDOS SIRVE 1 &#8211; CAMI\u00d3N IVECO<\/strong><\/p>\n\n\n\n<p>LUNES, entre las 8:00 y las 13:00, ZONA CENTRO: Arroyo Pocahullo al Cerro Comandante D\u00edaz; Barrio Cantera por ruta Provincial N\u00ba 19, bajando por cuesta F\u00e9lix Amador; Av. Koessler y Los Cipreses.<\/p>\n\n\n\n<p>MARTES, entre las 8:00 y las 13:00: Desde Arroyo Pocahullo al cerro Curruhuinca; calle 3 de Caballer\u00eda y aleda\u00f1os.<\/p>\n\n\n\n<p>MIERCOLES, entre las 8:00 y las 13:00: Barrio El Arenal; Villa Paur; Chacra 4 y Los Radales.<\/p>\n\n\n\n<p>JUEVES, entre las 8:00 y las 13:00: Barrio Kumelkayen; Las Moras; Alihu\u00e9n Bajo, de Bickel a Los Faldeos; Vega Maip\u00fa y barrio Nahuil\u00e9n.<\/p>\n\n\n\n<p>VIERNES, entre las 8:00 y las 13:00: Villa Vega San Mart\u00edn; La Cascada; Miciu; Las Rosas y San Fernando.<\/p>\n\n\n\n<p>SABADO, entre las 8:00 y las 13:00: Chacra 28; Chacra 30; Chacra 32 y Santo Domingo.<\/p>\n\n\n\n<figure class=\"wp-block-gallery has-nested-images columns-default is-cropped wp-block-gallery-1 is-layout-flex wp-block-gallery-is-layout-flex\">\n<figure class=\"wp-block-image size-large\"><img loading=\"lazy\" decoding=\"async\" width=\"1024\" height=\"576\" data-id=\"1756\" src=\"https:\/\/prensa.sma.gob.ar\/wp-content\/uploads\/2024\/08\/IVECO-1024x576.jpg\" alt=\"\" class=\"wp-image-1756\" srcset=\"https:\/\/prensa.sma.gob.ar\/wp-content\/uploads\/2024\/08\/IVECO-1024x576.jpg 1024w, https:\/\/prensa.sma.gob.ar\/wp-content\/uploads\/2024\/08\/IVECO-300x169.jpg 300w, https:\/\/prensa.sma.gob.ar\/wp-content\/uploads\/2024\/08\/IVECO-768x432.jpg 768w, https:\/\/prensa.sma.gob.ar\/wp-content\/uploads\/2024\/08\/IVECO-747x420.jpg 747w, https:\/\/prensa.sma.gob.ar\/wp-content\/uploads\/2024\/08\/IVECO-696x392.jpg 696w, https:\/\/prensa.sma.gob.ar\/wp-content\/uploads\/2024\/08\/IVECO-1068x601.jpg 1068w, https:\/\/prensa.sma.gob.ar\/wp-content\/uploads\/2024\/08\/IVECO.jpg 1280w\" sizes=\"auto, (max-width: 1024px) 100vw, 1024px\" \/><\/figure>\n<\/figure>\n\n\n\n<p><strong>RECORRIDO SIRVE 2 \u2013 VEH\u00cdCULO TITA<\/strong><\/p>\n\n\n\n<p>Escuelas, Jardines, Guarder\u00edas Instituciones, eco puntos de zona centro, botelleros. (Zona c\u00e9ntrica exclusiva del veh\u00edculo TITA). Siempre entre las 8.00 y las 13.00, de acuerdo a los d\u00edas y sitios que se detallan:<\/p>\n\n\n\n<p>Martes \/ viernes: Distribuidora Monetti \/ Distribuidora Luna<\/p>\n\n\n\n<p>Lunes \/ martes \/ mi\u00e9rcoles \/ viernes: Verduler\u00eda Media Naranja<\/p>\n\n\n\n<p>Botelleros &#8211; Temporada baja, los s\u00e1bados. Temporada alta: tres veces por semana: Club Cordones \u2013 Chacra 30 (se ubicar\u00e1 en las pr\u00f3ximas semanas); Club de Rugby \u201cLas Bandurrias\u201d; Gimnasio Javier Carriqueo; Gimnasio SUM de El Arenal; Gimnasio Estrella Andina; Plaza San Mart\u00edn; Plaza Centenario; Plaza Sarmiento; Costanera del lago.<\/p>\n\n\n\n<p>Coraz\u00f3n de tapitas: de lunes a s\u00e1bados en diferentes lugares de la comunidad.<\/p>\n\n\n\n<p>Hospital viejo, Zona Sanitaria IV: de martes a viernes.<\/p>\n\n\n\n<p>Eco puntos (ubicados en distintos sectores de la comunidad): Patagonia Limpieza; Naviera (lunes a domingo).<\/p>\n\n\n\n<p>Av. San Martin, Villegas, Gral. Roca y alrededores; Casa de Decoraci\u00f3n; Tassone: lunes a s\u00e1bados.<\/p>\n\n\n\n<p>Jumbo: lunes, mi\u00e9rcoles y viernes.<\/p>\n\n\n\n<p>Escuela N\u00b0 89: martes y viernes.<\/p>\n\n\n\n<p>Escuela del Sol y Desarrollo Social: viernes.<\/p>\n\n\n\n<figure class=\"wp-block-image size-full\"><img loading=\"lazy\" decoding=\"async\" width=\"653\" height=\"474\" src=\"https:\/\/prensa.sma.gob.ar\/wp-content\/uploads\/2024\/08\/TITA-1.jpg\" alt=\"\" class=\"wp-image-1759\" srcset=\"https:\/\/prensa.sma.gob.ar\/wp-content\/uploads\/2024\/08\/TITA-1.jpg 653w, https:\/\/prensa.sma.gob.ar\/wp-content\/uploads\/2024\/08\/TITA-1-300x218.jpg 300w, https:\/\/prensa.sma.gob.ar\/wp-content\/uploads\/2024\/08\/TITA-1-579x420.jpg 579w\" sizes=\"auto, (max-width: 653px) 100vw, 653px\" \/><\/figure>\n\n\n\n<p><strong>RECORRIDO SIRVE 3 \u2013 VEH\u00cdCULO KIA.<\/strong><\/p>\n\n\n\n<p>Lunes a viernes, de 7.00 a 13.00<\/p>\n\n\n\n<p>Los Robles; Cascada Chica; Gimnasio Chacra2; Supermercado Todo; El galp\u00f3n (barrio El Arenal); corral\u00f3n Huechulafqu\u00e9n; barrio Covisal; poller\u00eda \u201cLa nonita\u201d; Los \u00c1lamos abajo; YPF Villa Vega San Martin; Oro Negro; Mall\u00edn; Coca-cola; barrio Raitrai; barrio Vega Chica; Camping \u201cEl Molino\u201d; ECO PUNTOS barrio Kumelkayen; barrio Los Radales; Potrero Alto, Pehual, callej\u00f3n Salazar; Vega Chica; Chacra 28, carnicer\u00eda; SU mayorista; Chacra 30 cooperativa, El Galp\u00f3n, almac\u00e9n \u201cEl flaco\u201d; Distribuidora Puelche, Quilmes, Paladini, G\u00e1ndara; Recolecci\u00f3n de ocho tachos en Lolog; Los \u00c1lamos; Estancia los \u00d1ires.<\/p>\n\n\n<div class=\"wp-block-image\">\n<figure class=\"aligncenter size-full\"><img loading=\"lazy\" decoding=\"async\" width=\"565\" height=\"405\" src=\"https:\/\/prensa.sma.gob.ar\/wp-content\/uploads\/2024\/08\/KIA-1.jpg\" alt=\"\" class=\"wp-image-1760\" srcset=\"https:\/\/prensa.sma.gob.ar\/wp-content\/uploads\/2024\/08\/KIA-1.jpg 565w, https:\/\/prensa.sma.gob.ar\/wp-content\/uploads\/2024\/08\/KIA-1-300x215.jpg 300w\" sizes=\"auto, (max-width: 565px) 100vw, 565px\" \/><\/figure>\n<\/div>\n\n\n<p><strong>\u00bfQu\u00e9 dice la ordenanza de 2017 sobre la gesti\u00f3n integral de residuos?<\/strong><\/p>\n\n\n\n<p>La Ordenanza N\u00b0 11.685\/2017 (sobre gesti\u00f3n integral de residuos s\u00f3lidos urbanos), define como Residuos S\u00f3lidos Urbanos (RSU) a las sustancias s\u00f3lidas o semis\u00f3lidas generadas por las actividades humanas comprendidas en la urbanizaci\u00f3n territorial, que, debido a los procesos de consumo son desechadas y\/o abandonadas.<\/p>\n\n\n\n<p>La norma reglamenta y determina el conjunto de pautas, principios, obligaciones y responsabilidades para la gesti\u00f3n integral de los residuos s\u00f3lidos. Quedan comprendidos aquellos cuyo origen sea dom\u00e9stico, comercial, institucional, asistencial e industrial no especial asimilable a los residuos domiciliarios.<\/p>\n\n\n\n<p>La ordenanza menciona las etapas que posee la gesti\u00f3n de residuos entre las cuales se mencionan:<\/p>\n\n\n\n<p>\u2022 Etapa de generaci\u00f3n: se relaciona con el origen de la generaci\u00f3n del residuo ya sea por descarte de un subproducto o bien como una fracci\u00f3n que no es de utilidad para el generador.<\/p>\n\n\n\n<p>\u2022 Etapa de disposici\u00f3n inicial selectiva: es la separaci\u00f3n de residuos en los domicilios por parte de vecinas y vecinos (separaci\u00f3n entre residuos recuperable \u2013 cart\u00f3n, papel, pl\u00e1stico, vidrio, nylon, etc \u2013 y los residuos con materia org\u00e1nica y restos de comida principalmente).<\/p>\n\n\n\n<p>\u2022 Etapa de recolecci\u00f3n diferenciada: son las actividades de recolecci\u00f3n que realiza la Municipalidad de SMA tomando en consideraci\u00f3n la recolecci\u00f3n de los residuos recuperables y residuos h\u00famedos.<\/p>\n\n\n\n<p>\u2022 Etapa de transporte: se relaciona con las actividades en las cuales el servicio de recolecci\u00f3n de residuos municipal lleva en camiones recolectores compactadores los residuos hasta la planta SIRVE en el caso de residuos recuperables o bien hacia la Estaci\u00f3n de Transferencia.<\/p>\n\n\n\n<p>\u2022 Etapa de tratamiento: actividades relacionadas con la segregaci\u00f3n de residuos recuperables seg\u00fan su naturaleza &#8211; papel, cart\u00f3n, vidrio, latas, pl\u00e1sticos, etc, en el complejo SIRVE<\/p>\n\n\n\n<p>\u2022 Etapa de transferencia: proceso por el cual los rechazos originados en proceso de selecci\u00f3n en el SIRVE y residuos h\u00famedos recolectados, son transportados hacia la Estaci\u00f3n de Transferencia y luego se transvasan desde el cami\u00f3n recolector a un cami\u00f3n con una caja de transporte de mayor capacidad.<\/p>\n\n\n\n<p>\u2022 Etapa alternativa de disposici\u00f3n final: actualmente los RSU son transportados hacia el vertedero regional Alicur\u00e1, a unos 120km aproximadamente de nuestra ciudad, para su disposici\u00f3n final en un relleno sanitario.<\/p>\n\n\n\n<figure class=\"wp-block-image size-large\"><img loading=\"lazy\" decoding=\"async\" width=\"1024\" height=\"768\" src=\"https:\/\/prensa.sma.gob.ar\/wp-content\/uploads\/2024\/08\/WhatsApp-Image-2024-07-24-at-12.20.321-1-1024x768.jpeg\" alt=\"\" class=\"wp-image-1761\" srcset=\"https:\/\/prensa.sma.gob.ar\/wp-content\/uploads\/2024\/08\/WhatsApp-Image-2024-07-24-at-12.20.321-1-1024x768.jpeg 1024w, https:\/\/prensa.sma.gob.ar\/wp-content\/uploads\/2024\/08\/WhatsApp-Image-2024-07-24-at-12.20.321-1-300x225.jpeg 300w, https:\/\/prensa.sma.gob.ar\/wp-content\/uploads\/2024\/08\/WhatsApp-Image-2024-07-24-at-12.20.321-1-768x576.jpeg 768w, https:\/\/prensa.sma.gob.ar\/wp-content\/uploads\/2024\/08\/WhatsApp-Image-2024-07-24-at-12.20.321-1-1536x1153.jpeg 1536w, https:\/\/prensa.sma.gob.ar\/wp-content\/uploads\/2024\/08\/WhatsApp-Image-2024-07-24-at-12.20.321-1-560x420.jpeg 560w, https:\/\/prensa.sma.gob.ar\/wp-content\/uploads\/2024\/08\/WhatsApp-Image-2024-07-24-at-12.20.321-1-80x60.jpeg 80w, https:\/\/prensa.sma.gob.ar\/wp-content\/uploads\/2024\/08\/WhatsApp-Image-2024-07-24-at-12.20.321-1-696x522.jpeg 696w, https:\/\/prensa.sma.gob.ar\/wp-content\/uploads\/2024\/08\/WhatsApp-Image-2024-07-24-at-12.20.321-1-1068x802.jpeg 1068w, https:\/\/prensa.sma.gob.ar\/wp-content\/uploads\/2024\/08\/WhatsApp-Image-2024-07-24-at-12.20.321-1.jpeg 1599w\" sizes=\"auto, (max-width: 1024px) 100vw, 1024px\" \/><\/figure>\n\n\n\n<p><strong>\u00bfPorque se aplica un sistema de transferencia de RSU en San Mart\u00edn de los Andes?<\/strong><\/p>\n\n\n\n<p>Debido al cierre del sitio de disposici\u00f3n final de RSU ubicado en la ex cantera de Verefkin, San Mart\u00edn de los Andes necesitaba un espacio para la disposici\u00f3n final de RSU y un sistema de transporte y tratamiento.<\/p>\n\n\n\n<p>El 2019 se realiz\u00f3 el llamado a licitaci\u00f3n p\u00fablica nacional 05\/2019, mediante la modalidad de asociaci\u00f3n p\u00fablico-privada, para la \u201cImplementaci\u00f3n de Sistema de Transferencia de Residuos S\u00f3lidos Urbanos\u201d. De este llamado a licitaci\u00f3n, result\u00f3 adjudicada la empresa Resagos Cipolletti SRL para la prestaci\u00f3n del servicio de transferencia y transporte de RSU hacia el vertedero regional Alicur\u00e1 con una duraci\u00f3n de 15 a\u00f1os.<\/p>\n\n\n\n<p>La empresa realiz\u00f3 la implantaci\u00f3n de nueva infraestructura destinada a esta operaci\u00f3n: acondicionamiento de predio, construcci\u00f3n de galp\u00f3n de descarga, construcci\u00f3n de tolva, instalaci\u00f3n de sistema de prensado de RSU, adquisici\u00f3n de unidades propia para el transporte de RSU mediante sistema de cajas Roll Off adem\u00e1s de una prensa compactadora marca Scorza semi autom\u00e1tica.<\/p>\n\n\n\n<p>El servicio se inici\u00f3 el 22 de diciembre del 2019, para operar las instalaciones (estaci\u00f3n de transferencia de RSU) en el KM2227 de la RN40 con licencia ambiental bajo disposici\u00f3n 676\/2020 de la Subsecretaria de Medio Ambiente de la provincia del Neuqu\u00e9n. Por contrato, el control externo de las operaciones lo realiza el Organismo de Control Municipal.<\/p>\n\n\n\n<figure class=\"wp-block-gallery has-nested-images columns-default is-cropped wp-block-gallery-2 is-layout-flex wp-block-gallery-is-layout-flex\">\n<figure class=\"wp-block-image size-large\"><img loading=\"lazy\" decoding=\"async\" width=\"758\" height=\"421\" data-id=\"1766\" src=\"https:\/\/prensa.sma.gob.ar\/wp-content\/uploads\/2024\/08\/ESTACION-DE-TRANSFERENCIA-1.png\" alt=\"\" class=\"wp-image-1766\" srcset=\"https:\/\/prensa.sma.gob.ar\/wp-content\/uploads\/2024\/08\/ESTACION-DE-TRANSFERENCIA-1.png 758w, https:\/\/prensa.sma.gob.ar\/wp-content\/uploads\/2024\/08\/ESTACION-DE-TRANSFERENCIA-1-300x167.png 300w, https:\/\/prensa.sma.gob.ar\/wp-content\/uploads\/2024\/08\/ESTACION-DE-TRANSFERENCIA-1-756x420.png 756w, https:\/\/prensa.sma.gob.ar\/wp-content\/uploads\/2024\/08\/ESTACION-DE-TRANSFERENCIA-1-696x387.png 696w\" sizes=\"auto, (max-width: 758px) 100vw, 758px\" \/><\/figure>\n\n\n\n<figure class=\"wp-block-image size-large\"><img loading=\"lazy\" decoding=\"async\" width=\"595\" height=\"370\" data-id=\"1764\" src=\"https:\/\/prensa.sma.gob.ar\/wp-content\/uploads\/2024\/08\/ESTACION-DE-TRANSFERENCIA-2.png\" alt=\"\" class=\"wp-image-1764\" srcset=\"https:\/\/prensa.sma.gob.ar\/wp-content\/uploads\/2024\/08\/ESTACION-DE-TRANSFERENCIA-2.png 595w, https:\/\/prensa.sma.gob.ar\/wp-content\/uploads\/2024\/08\/ESTACION-DE-TRANSFERENCIA-2-300x187.png 300w\" sizes=\"auto, (max-width: 595px) 100vw, 595px\" \/><\/figure>\n\n\n\n<figure class=\"wp-block-image size-large\"><img loading=\"lazy\" decoding=\"async\" width=\"818\" height=\"456\" data-id=\"1765\" src=\"https:\/\/prensa.sma.gob.ar\/wp-content\/uploads\/2024\/08\/CAMION-TRANSFERENCIA-RSU.png\" alt=\"\" class=\"wp-image-1765\" srcset=\"https:\/\/prensa.sma.gob.ar\/wp-content\/uploads\/2024\/08\/CAMION-TRANSFERENCIA-RSU.png 818w, https:\/\/prensa.sma.gob.ar\/wp-content\/uploads\/2024\/08\/CAMION-TRANSFERENCIA-RSU-300x167.png 300w, https:\/\/prensa.sma.gob.ar\/wp-content\/uploads\/2024\/08\/CAMION-TRANSFERENCIA-RSU-768x428.png 768w, https:\/\/prensa.sma.gob.ar\/wp-content\/uploads\/2024\/08\/CAMION-TRANSFERENCIA-RSU-753x420.png 753w, https:\/\/prensa.sma.gob.ar\/wp-content\/uploads\/2024\/08\/CAMION-TRANSFERENCIA-RSU-696x388.png 696w\" sizes=\"auto, (max-width: 818px) 100vw, 818px\" \/><\/figure>\n<\/figure>\n\n\n\n<p><strong>\u00bfC\u00f3mo funciona la Estaci\u00f3n de Transferencia de RSU?<\/strong><\/p>\n\n\n\n<p>La Estaci\u00f3n de Transferencia de nuestra ciudad es una infraestructura destinada a optimizar la fase transporte de los RSU hacia la disposici\u00f3n final (relleno sanitario). Recibe los RSU provenientes de la recolecci\u00f3n domiciliaria y los prepara para enviarlos a Alicur\u00e1.<\/p>\n\n\n\n<p>Los camiones que realizan la recolecci\u00f3n de residuos, descargan su contenido en la estaci\u00f3n de transferencia a otro veh\u00edculo con mayor capacidad de carga; este segundo veh\u00edculo es el que transporta los residuos hasta la disposici\u00f3n final.<\/p>\n\n\n\n<p>Para transporte suplementario se emplean, en su mayor\u00eda, camiones de gran capacidad tipo trailer, con mecanismo que otorgan un transporte a granel cerrado.<\/p>\n\n\n\n<p>Para las actividades de compactaci\u00f3n de residuos, la Estaci\u00f3n de Transferencia cuenta con una prensa semiautom\u00e1tica de prensado horizontal. All\u00ed se posicionan las cajas de transporte sobre una rielera para su llenado. Los residuos se descargan desde el cami\u00f3n recolector en una tolva en galp\u00f3n cerrado y, por gravedad, caen al sector de prensado para ser acondicionados en las cajas de transporte que las llevar\u00e1 a Alicur\u00e1.<\/p>\n\n\n\n<figure class=\"wp-block-image size-full\"><img loading=\"lazy\" decoding=\"async\" width=\"886\" height=\"516\" src=\"https:\/\/prensa.sma.gob.ar\/wp-content\/uploads\/2024\/08\/SISTEMA-RSU-RESAGOS.png\" alt=\"\" class=\"wp-image-1767\" srcset=\"https:\/\/prensa.sma.gob.ar\/wp-content\/uploads\/2024\/08\/SISTEMA-RSU-RESAGOS.png 886w, https:\/\/prensa.sma.gob.ar\/wp-content\/uploads\/2024\/08\/SISTEMA-RSU-RESAGOS-300x175.png 300w, https:\/\/prensa.sma.gob.ar\/wp-content\/uploads\/2024\/08\/SISTEMA-RSU-RESAGOS-768x447.png 768w, https:\/\/prensa.sma.gob.ar\/wp-content\/uploads\/2024\/08\/SISTEMA-RSU-RESAGOS-721x420.png 721w, https:\/\/prensa.sma.gob.ar\/wp-content\/uploads\/2024\/08\/SISTEMA-RSU-RESAGOS-696x405.png 696w\" sizes=\"auto, (max-width: 886px) 100vw, 886px\" \/><\/figure>\n\n\n\n<p><strong>Beneficios operativos y ambientales dentro de la gesti\u00f3n de los RSU en San Mart\u00edn de los Andes.<\/strong><\/p>\n\n\n\n<p>1. El funcionamiento de la Estaci\u00f3n de Transferencia posibilita una sustancial eficiencia econ\u00f3mica y operacional de la gesti\u00f3n de RSU. Evita que el servicio de recolecci\u00f3n lo realice el mismo transporte que recoge en domicilio, ya que cada cami\u00f3n deber\u00eda extender el viaje hasta Alicur\u00e1.<\/p>\n\n\n\n<p>2. Mayor eficiencia en el proceso de transporte dado que la capacidad de cada caja Roll Off ronda los 10.000kg, mientras que un cami\u00f3n compactador solo transporta entre 5.000 a 7.000kg en condiciones \u00f3ptimas. Actualmente, el sistema de cami\u00f3n y trailer transportan 40.000kg diarios de RSU hacia el vertedero Regional Alicur\u00e1 en dos viajes.<\/p>\n\n\n\n<p>3. Disminuci\u00f3n general en los costos de la fase de recolecci\u00f3n; optimizaci\u00f3n de la mano de obra empleada en la fase de recolecci\u00f3n; mayor disponibilidad de los recursos destinados a proceso de recolecci\u00f3n ya que la vida \u00fatil de los equipos se incrementa.<\/p>\n\n\n\n<p>4. Los mecanismos operativos y sistemas de la Estaci\u00f3n de Transferencia han sido dise\u00f1ados y adquiridos para esta actividad con el objetivo de resguardar el entorno ambiental en este tipo de operaci\u00f3n. Esta infraestructura es \u00fanica en la provincia del Neuqu\u00e9n.<\/p>\n\n\n\n<p>5. Incremento de la salubridad publica debido a la fluidez del sistema de recolecci\u00f3n de RSU en la localidad de SMA.<\/p>\n\n\n\n<figure class=\"wp-block-image size-large\"><img loading=\"lazy\" decoding=\"async\" width=\"1024\" height=\"93\" src=\"https:\/\/prensa.sma.gob.ar\/wp-content\/uploads\/2024\/08\/INFO-L-ANDES1100X1003-1024x93.png\" alt=\"\" class=\"wp-image-1772\" srcset=\"https:\/\/prensa.sma.gob.ar\/wp-content\/uploads\/2024\/08\/INFO-L-ANDES1100X1003-1024x93.png 1024w, https:\/\/prensa.sma.gob.ar\/wp-content\/uploads\/2024\/08\/INFO-L-ANDES1100X1003-300x27.png 300w, https:\/\/prensa.sma.gob.ar\/wp-content\/uploads\/2024\/08\/INFO-L-ANDES1100X1003-768x70.png 768w, https:\/\/prensa.sma.gob.ar\/wp-content\/uploads\/2024\/08\/INFO-L-ANDES1100X1003-696x63.png 696w, https:\/\/prensa.sma.gob.ar\/wp-content\/uploads\/2024\/08\/INFO-L-ANDES1100X1003-1068x97.png 1068w, https:\/\/prensa.sma.gob.ar\/wp-content\/uploads\/2024\/08\/INFO-L-ANDES1100X1003.png 1100w\" sizes=\"auto, (max-width: 1024px) 100vw, 1024px\" \/><\/figure>\n\n\n\n<p><\/p>\n","protected":false},"excerpt":{"rendered":"<p>El \u00e1rea de Prensa del Municipio de San Mart\u00edn de los Andes inici\u00f3 una campa\u00f1a en medios de comunicaci\u00f3n sobre reciclado y separaci\u00f3n de Residuos S\u00f3lidos Urbanos (RSU), atendiendo uno de los pedidos elevados durante el ultimo encuentro del Consejo de Juntas Vecinales, realizado el 27 de julio pasado. La campa\u00f1a consiste en spots radiof\u00f3nicos [&hellip;]<\/p>\n","protected":false},"author":2,"featured_media":1770,"comment_status":"closed","ping_status":"open","sticky":false,"template":"","format":"standard","meta":{"footnotes":""},"categories":[16,14],"tags":[],"class_list":{"0":"post-1750","1":"post","2":"type-post","3":"status-publish","4":"format-standard","5":"has-post-thumbnail","7":"category-destacadas","8":"category-noticias"},"_links":{"self":[{"href":"https:\/\/prensa.sma.gob.ar\/index.php?rest_route=\/wp\/v2\/posts\/1750","targetHints":{"allow":["GET"]}}],"collection":[{"href":"https:\/\/prensa.sma.gob.ar\/index.php?rest_route=\/wp\/v2\/posts"}],"about":[{"href":"https:\/\/prensa.sma.gob.ar\/index.php?rest_route=\/wp\/v2\/types\/post"}],"author":[{"embeddable":true,"href":"https:\/\/prensa.sma.gob.ar\/index.php?rest_route=\/wp\/v2\/users\/2"}],"replies":[{"embeddable":true,"href":"https:\/\/prensa.sma.gob.ar\/index.php?rest_route=%2Fwp%2Fv2%2Fcomments&post=1750"}],"version-history":[{"count":4,"href":"https:\/\/prensa.sma.gob.ar\/index.php?rest_route=\/wp\/v2\/posts\/1750\/revisions"}],"predecessor-version":[{"id":1773,"href":"https:\/\/prensa.sma.gob.ar\/index.php?rest_route=\/wp\/v2\/posts\/1750\/revisions\/1773"}],"wp:featuredmedia":[{"embeddable":true,"href":"https:\/\/prensa.sma.gob.ar\/index.php?rest_route=\/wp\/v2\/media\/1770"}],"wp:attachment":[{"href":"https:\/\/prensa.sma.gob.ar\/index.php?rest_route=%2Fwp%2Fv2%2Fmedia&parent=1750"}],"wp:term":[{"taxonomy":"category","embeddable":true,"href":"https:\/\/prensa.sma.gob.ar\/index.php?rest_route=%2Fwp%2Fv2%2Fcategories&post=1750"},{"taxonomy":"post_tag","embeddable":true,"href":"https:\/\/prensa.sma.gob.ar\/index.php?rest_route=%2Fwp%2Fv2%2Ftags&post=1750"}],"curies":[{"name":"wp","href":"https:\/\/api.w.org\/{rel}","templated":true}]}}