{"id":1956,"date":"2024-08-29T15:27:02","date_gmt":"2024-08-29T15:27:02","guid":{"rendered":"https:\/\/prensa.sma.gob.ar\/?p=1956"},"modified":"2024-08-29T15:27:04","modified_gmt":"2024-08-29T15:27:04","slug":"listado-de-preadjudicatarios-de-los-12-lotes-sorteados-el-21-de-agosto","status":"publish","type":"post","link":"https:\/\/prensa.sma.gob.ar\/?p=1956","title":{"rendered":"Listado de preadjudicatarios de los 12 lotes sorteados el 21 de agosto"},"content":{"rendered":"\n<p>Este es el listado oficial de preadjudicatarios de los 12 lotes sorteados el pasado 21 de agosto, luego de la constataci\u00f3n y certificaci\u00f3n de datos y de la firma del acta correspondiente por parte de la escribana p\u00fablica Laura Franco. <\/p>\n\n\n\n<p>Los n\u00fameros de la izquierda son los asignados a cada aspirante (n\u00famero de bolilla) y el n\u00famero a la derecha de los DNI corresponde al lote preadjudicado.<\/p>\n\n\n\n<figure class=\"wp-block-image size-full\"><img loading=\"lazy\" decoding=\"async\" width=\"735\" height=\"454\" src=\"https:\/\/prensa.sma.gob.ar\/wp-content\/uploads\/2024\/08\/GRUPO-POLICIA.png\" alt=\"\" class=\"wp-image-1957\" srcset=\"https:\/\/prensa.sma.gob.ar\/wp-content\/uploads\/2024\/08\/GRUPO-POLICIA.png 735w, https:\/\/prensa.sma.gob.ar\/wp-content\/uploads\/2024\/08\/GRUPO-POLICIA-300x185.png 300w, https:\/\/prensa.sma.gob.ar\/wp-content\/uploads\/2024\/08\/GRUPO-POLICIA-680x420.png 680w, https:\/\/prensa.sma.gob.ar\/wp-content\/uploads\/2024\/08\/GRUPO-POLICIA-696x430.png 696w\" sizes=\"auto, (max-width: 735px) 100vw, 735px\" \/><\/figure>\n\n\n\n<figure class=\"wp-block-image size-full\"><img loading=\"lazy\" decoding=\"async\" width=\"828\" height=\"456\" src=\"https:\/\/prensa.sma.gob.ar\/wp-content\/uploads\/2024\/08\/GRUPO-BOMBEROS.png\" alt=\"\" class=\"wp-image-1958\" srcset=\"https:\/\/prensa.sma.gob.ar\/wp-content\/uploads\/2024\/08\/GRUPO-BOMBEROS.png 828w, https:\/\/prensa.sma.gob.ar\/wp-content\/uploads\/2024\/08\/GRUPO-BOMBEROS-300x165.png 300w, https:\/\/prensa.sma.gob.ar\/wp-content\/uploads\/2024\/08\/GRUPO-BOMBEROS-768x423.png 768w, https:\/\/prensa.sma.gob.ar\/wp-content\/uploads\/2024\/08\/GRUPO-BOMBEROS-763x420.png 763w, https:\/\/prensa.sma.gob.ar\/wp-content\/uploads\/2024\/08\/GRUPO-BOMBEROS-696x383.png 696w\" sizes=\"auto, (max-width: 828px) 100vw, 828px\" \/><\/figure>\n\n\n\n<figure class=\"wp-block-image size-full\"><img loading=\"lazy\" decoding=\"async\" width=\"675\" height=\"446\" src=\"https:\/\/prensa.sma.gob.ar\/wp-content\/uploads\/2024\/08\/GRUPO-SALUD.png\" alt=\"\" class=\"wp-image-1959\" srcset=\"https:\/\/prensa.sma.gob.ar\/wp-content\/uploads\/2024\/08\/GRUPO-SALUD.png 675w, https:\/\/prensa.sma.gob.ar\/wp-content\/uploads\/2024\/08\/GRUPO-SALUD-300x198.png 300w, https:\/\/prensa.sma.gob.ar\/wp-content\/uploads\/2024\/08\/GRUPO-SALUD-636x420.png 636w\" sizes=\"auto, (max-width: 675px) 100vw, 675px\" \/><\/figure>\n\n\n\n<p>Recordamos que los 12 lotes fueron sorteados el mi\u00e9rcoles 21; cuatro para personal de Bomberos Voluntarios; cuatro para miembros de Polic\u00eda del Neuqu\u00e9n y cuatro para personal de Salud. Se asignaron por sorteo los 12 titulares y 12 suplentes.<\/p>\n\n\n\n<p>El acto se realiz\u00f3 ante p\u00fablico y se transmiti\u00f3 por streaming a trav\u00e9s del Facebook de la Municipalidad de San Mart\u00edn de los Andes y de Radio Municipal. Algunos <a><\/a>de los ganadores se encontraban presentes en el Sal\u00f3n Municipal.<\/p>\n\n\n\n<p>El listado que aqu\u00ed se publica, de preadjudicatarios titulares y suplentes, tambi\u00e9n se puede consultar en dependencias municipales como el Instituto de Vivienda y H\u00e1bitat y delegaciones.<\/p>\n\n\n\n<p>Desde el momento de su publicaci\u00f3n, comenzar\u00e1 a correr el plazo de diez d\u00edas para eventuales impugnaciones.<\/p>\n\n\n\n<p>Asistieron al acto personal de Bomberos, Polic\u00eda y Zona Sanitaria IV. Por el ejecutivo estuvieron la presidenta del Concejo Deliberante, a cargo de la Intendencia, Natalia Vita; el secretario de Gobierno, Federico Vita; el secretario de Econom\u00eda y Hacienda, Mat\u00edas Fern\u00e1ndez Consoli; la secretaria de Desarrollo Social, Roc\u00edo Demateo; y la directora de Vivienda y H\u00e1bitat, Carolina Amaya, quien tuvo a su cargo el desarrollo del acto. Particip\u00f3 activamente tambi\u00e9n todo el personal de la Direcci\u00f3n de Vivienda y H\u00e1bitat.<\/p>\n","protected":false},"excerpt":{"rendered":"<p>Este es el listado oficial de preadjudicatarios de los 12 lotes sorteados el pasado 21 de agosto, luego de la constataci\u00f3n y certificaci\u00f3n de datos y de la firma del acta correspondiente por parte de la escribana p\u00fablica Laura Franco. Los n\u00fameros de la izquierda son los asignados a cada aspirante (n\u00famero de bolilla) y [&hellip;]<\/p>\n","protected":false},"author":2,"featured_media":1678,"comment_status":"closed","ping_status":"open","sticky":false,"template":"","format":"standard","meta":{"footnotes":""},"categories":[16,14,17,37],"tags":[],"class_list":{"0":"post-1956","1":"post","2":"type-post","3":"status-publish","4":"format-standard","5":"has-post-thumbnail","7":"category-destacadas","8":"category-noticias","9":"category-portada","10":"category-vivienda"},"_links":{"self":[{"href":"https:\/\/prensa.sma.gob.ar\/index.php?rest_route=\/wp\/v2\/posts\/1956","targetHints":{"allow":["GET"]}}],"collection":[{"href":"https:\/\/prensa.sma.gob.ar\/index.php?rest_route=\/wp\/v2\/posts"}],"about":[{"href":"https:\/\/prensa.sma.gob.ar\/index.php?rest_route=\/wp\/v2\/types\/post"}],"author":[{"embeddable":true,"href":"https:\/\/prensa.sma.gob.ar\/index.php?rest_route=\/wp\/v2\/users\/2"}],"replies":[{"embeddable":true,"href":"https:\/\/prensa.sma.gob.ar\/index.php?rest_route=%2Fwp%2Fv2%2Fcomments&post=1956"}],"version-history":[{"count":1,"href":"https:\/\/prensa.sma.gob.ar\/index.php?rest_route=\/wp\/v2\/posts\/1956\/revisions"}],"predecessor-version":[{"id":1960,"href":"https:\/\/prensa.sma.gob.ar\/index.php?rest_route=\/wp\/v2\/posts\/1956\/revisions\/1960"}],"wp:featuredmedia":[{"embeddable":true,"href":"https:\/\/prensa.sma.gob.ar\/index.php?rest_route=\/wp\/v2\/media\/1678"}],"wp:attachment":[{"href":"https:\/\/prensa.sma.gob.ar\/index.php?rest_route=%2Fwp%2Fv2%2Fmedia&parent=1956"}],"wp:term":[{"taxonomy":"category","embeddable":true,"href":"https:\/\/prensa.sma.gob.ar\/index.php?rest_route=%2Fwp%2Fv2%2Fcategories&post=1956"},{"taxonomy":"post_tag","embeddable":true,"href":"https:\/\/prensa.sma.gob.ar\/index.php?rest_route=%2Fwp%2Fv2%2Ftags&post=1956"}],"curies":[{"name":"wp","href":"https:\/\/api.w.org\/{rel}","templated":true}]}}