{"id":1996,"date":"2024-09-01T15:50:46","date_gmt":"2024-09-01T15:50:46","guid":{"rendered":"https:\/\/prensa.sma.gob.ar\/?p=1996"},"modified":"2024-09-03T18:44:01","modified_gmt":"2024-09-03T18:44:01","slug":"gran-concurrencia-al-primer-encuentro-de-familias-de-los-200-lotes-de-chacra-32","status":"publish","type":"post","link":"https:\/\/prensa.sma.gob.ar\/?p=1996","title":{"rendered":"Gran concurrencia al primer encuentro de familias de los 200 lotes de Chacra 30"},"content":{"rendered":"\n<p>Un aplauso cerrado y mucha emoci\u00f3n ante al camino que se inicia, coronaron la primera actividad colectiva de vecinas y vecinos que, en marzo pasado, se convirtieron en preadjudicatarios de 200 lotes en Chacra 30.<\/p>\n\n\n\n<p>Decenas de familias compartieron el primer encuentro, en formato de taller, junto al equipo del Consejo Asesor de la Vivienda, el Instituto Municipal de Vivienda y H\u00e1bitat y funcionarios del gabinete municipal, encabezados por el intendente Carlos Saloniti.<\/p>\n\n\n\n<p>El encuentro, realizado este s\u00e1bado en el Cpem 57, permiti\u00f3 el primer acercamiento directo de las vecinas y los vecinos con el proyecto que comienzan a transitar, con grandes desaf\u00edos por delante y con la convicci\u00f3n mayoritaria de que la tarea muy compleja resultar\u00e1 exitosa con la acci\u00f3n colectiva.<\/p>\n\n\n\n<figure class=\"wp-block-gallery has-nested-images columns-default is-cropped wp-block-gallery-1 is-layout-flex wp-block-gallery-is-layout-flex\">\n<figure class=\"wp-block-image size-large\"><img loading=\"lazy\" decoding=\"async\" width=\"1024\" height=\"576\" data-id=\"2011\" src=\"https:\/\/prensa.sma.gob.ar\/wp-content\/uploads\/2024\/09\/WhatsApp-Image-2024-08-31-at-21.51.041-1024x576.jpeg\" alt=\"\" class=\"wp-image-2011\" srcset=\"https:\/\/prensa.sma.gob.ar\/wp-content\/uploads\/2024\/09\/WhatsApp-Image-2024-08-31-at-21.51.041-1024x576.jpeg 1024w, https:\/\/prensa.sma.gob.ar\/wp-content\/uploads\/2024\/09\/WhatsApp-Image-2024-08-31-at-21.51.041-300x169.jpeg 300w, https:\/\/prensa.sma.gob.ar\/wp-content\/uploads\/2024\/09\/WhatsApp-Image-2024-08-31-at-21.51.041-768x432.jpeg 768w, https:\/\/prensa.sma.gob.ar\/wp-content\/uploads\/2024\/09\/WhatsApp-Image-2024-08-31-at-21.51.041-1536x864.jpeg 1536w, https:\/\/prensa.sma.gob.ar\/wp-content\/uploads\/2024\/09\/WhatsApp-Image-2024-08-31-at-21.51.041-747x420.jpeg 747w, https:\/\/prensa.sma.gob.ar\/wp-content\/uploads\/2024\/09\/WhatsApp-Image-2024-08-31-at-21.51.041-696x392.jpeg 696w, https:\/\/prensa.sma.gob.ar\/wp-content\/uploads\/2024\/09\/WhatsApp-Image-2024-08-31-at-21.51.041-1068x601.jpeg 1068w, https:\/\/prensa.sma.gob.ar\/wp-content\/uploads\/2024\/09\/WhatsApp-Image-2024-08-31-at-21.51.041.jpeg 1600w\" sizes=\"auto, (max-width: 1024px) 100vw, 1024px\" \/><\/figure>\n\n\n\n<figure class=\"wp-block-image size-large\"><img loading=\"lazy\" decoding=\"async\" width=\"1024\" height=\"601\" data-id=\"2014\" src=\"https:\/\/prensa.sma.gob.ar\/wp-content\/uploads\/2024\/09\/WhatsApp-Image-2024-08-31-at-21.51.031-1024x601.jpeg\" alt=\"\" class=\"wp-image-2014\" srcset=\"https:\/\/prensa.sma.gob.ar\/wp-content\/uploads\/2024\/09\/WhatsApp-Image-2024-08-31-at-21.51.031-1024x601.jpeg 1024w, https:\/\/prensa.sma.gob.ar\/wp-content\/uploads\/2024\/09\/WhatsApp-Image-2024-08-31-at-21.51.031-300x176.jpeg 300w, https:\/\/prensa.sma.gob.ar\/wp-content\/uploads\/2024\/09\/WhatsApp-Image-2024-08-31-at-21.51.031-768x451.jpeg 768w, https:\/\/prensa.sma.gob.ar\/wp-content\/uploads\/2024\/09\/WhatsApp-Image-2024-08-31-at-21.51.031-1536x901.jpeg 1536w, https:\/\/prensa.sma.gob.ar\/wp-content\/uploads\/2024\/09\/WhatsApp-Image-2024-08-31-at-21.51.031-716x420.jpeg 716w, https:\/\/prensa.sma.gob.ar\/wp-content\/uploads\/2024\/09\/WhatsApp-Image-2024-08-31-at-21.51.031-696x408.jpeg 696w, https:\/\/prensa.sma.gob.ar\/wp-content\/uploads\/2024\/09\/WhatsApp-Image-2024-08-31-at-21.51.031-1068x627.jpeg 1068w, https:\/\/prensa.sma.gob.ar\/wp-content\/uploads\/2024\/09\/WhatsApp-Image-2024-08-31-at-21.51.031.jpeg 1600w\" sizes=\"auto, (max-width: 1024px) 100vw, 1024px\" \/><\/figure>\n\n\n\n<figure class=\"wp-block-image size-large\"><img loading=\"lazy\" decoding=\"async\" width=\"1024\" height=\"576\" data-id=\"2015\" src=\"https:\/\/prensa.sma.gob.ar\/wp-content\/uploads\/2024\/09\/WhatsApp-Image-2024-08-31-at-21.51.03-1024x576.jpeg\" alt=\"\" class=\"wp-image-2015\" srcset=\"https:\/\/prensa.sma.gob.ar\/wp-content\/uploads\/2024\/09\/WhatsApp-Image-2024-08-31-at-21.51.03-1024x576.jpeg 1024w, https:\/\/prensa.sma.gob.ar\/wp-content\/uploads\/2024\/09\/WhatsApp-Image-2024-08-31-at-21.51.03-300x169.jpeg 300w, https:\/\/prensa.sma.gob.ar\/wp-content\/uploads\/2024\/09\/WhatsApp-Image-2024-08-31-at-21.51.03-768x432.jpeg 768w, https:\/\/prensa.sma.gob.ar\/wp-content\/uploads\/2024\/09\/WhatsApp-Image-2024-08-31-at-21.51.03-1536x864.jpeg 1536w, https:\/\/prensa.sma.gob.ar\/wp-content\/uploads\/2024\/09\/WhatsApp-Image-2024-08-31-at-21.51.03-747x420.jpeg 747w, https:\/\/prensa.sma.gob.ar\/wp-content\/uploads\/2024\/09\/WhatsApp-Image-2024-08-31-at-21.51.03-696x392.jpeg 696w, https:\/\/prensa.sma.gob.ar\/wp-content\/uploads\/2024\/09\/WhatsApp-Image-2024-08-31-at-21.51.03-1068x601.jpeg 1068w, https:\/\/prensa.sma.gob.ar\/wp-content\/uploads\/2024\/09\/WhatsApp-Image-2024-08-31-at-21.51.03.jpeg 1600w\" sizes=\"auto, (max-width: 1024px) 100vw, 1024px\" \/><\/figure>\n\n\n\n<figure class=\"wp-block-image size-large\"><img loading=\"lazy\" decoding=\"async\" width=\"1024\" height=\"576\" data-id=\"2016\" src=\"https:\/\/prensa.sma.gob.ar\/wp-content\/uploads\/2024\/09\/WhatsApp-Image-2024-08-31-at-21.51.021-1024x576.jpeg\" alt=\"\" class=\"wp-image-2016\" srcset=\"https:\/\/prensa.sma.gob.ar\/wp-content\/uploads\/2024\/09\/WhatsApp-Image-2024-08-31-at-21.51.021-1024x576.jpeg 1024w, https:\/\/prensa.sma.gob.ar\/wp-content\/uploads\/2024\/09\/WhatsApp-Image-2024-08-31-at-21.51.021-300x169.jpeg 300w, https:\/\/prensa.sma.gob.ar\/wp-content\/uploads\/2024\/09\/WhatsApp-Image-2024-08-31-at-21.51.021-768x432.jpeg 768w, https:\/\/prensa.sma.gob.ar\/wp-content\/uploads\/2024\/09\/WhatsApp-Image-2024-08-31-at-21.51.021-1536x864.jpeg 1536w, https:\/\/prensa.sma.gob.ar\/wp-content\/uploads\/2024\/09\/WhatsApp-Image-2024-08-31-at-21.51.021-747x420.jpeg 747w, https:\/\/prensa.sma.gob.ar\/wp-content\/uploads\/2024\/09\/WhatsApp-Image-2024-08-31-at-21.51.021-696x392.jpeg 696w, https:\/\/prensa.sma.gob.ar\/wp-content\/uploads\/2024\/09\/WhatsApp-Image-2024-08-31-at-21.51.021-1068x601.jpeg 1068w, https:\/\/prensa.sma.gob.ar\/wp-content\/uploads\/2024\/09\/WhatsApp-Image-2024-08-31-at-21.51.021.jpeg 1600w\" sizes=\"auto, (max-width: 1024px) 100vw, 1024px\" \/><\/figure>\n\n\n\n<figure class=\"wp-block-image size-large\"><img loading=\"lazy\" decoding=\"async\" width=\"1024\" height=\"576\" data-id=\"2017\" src=\"https:\/\/prensa.sma.gob.ar\/wp-content\/uploads\/2024\/09\/WhatsApp-Image-2024-08-31-at-21.51.02-1024x576.jpeg\" alt=\"\" class=\"wp-image-2017\" srcset=\"https:\/\/prensa.sma.gob.ar\/wp-content\/uploads\/2024\/09\/WhatsApp-Image-2024-08-31-at-21.51.02-1024x576.jpeg 1024w, https:\/\/prensa.sma.gob.ar\/wp-content\/uploads\/2024\/09\/WhatsApp-Image-2024-08-31-at-21.51.02-300x169.jpeg 300w, https:\/\/prensa.sma.gob.ar\/wp-content\/uploads\/2024\/09\/WhatsApp-Image-2024-08-31-at-21.51.02-768x432.jpeg 768w, https:\/\/prensa.sma.gob.ar\/wp-content\/uploads\/2024\/09\/WhatsApp-Image-2024-08-31-at-21.51.02-1536x864.jpeg 1536w, https:\/\/prensa.sma.gob.ar\/wp-content\/uploads\/2024\/09\/WhatsApp-Image-2024-08-31-at-21.51.02-747x420.jpeg 747w, https:\/\/prensa.sma.gob.ar\/wp-content\/uploads\/2024\/09\/WhatsApp-Image-2024-08-31-at-21.51.02-696x392.jpeg 696w, https:\/\/prensa.sma.gob.ar\/wp-content\/uploads\/2024\/09\/WhatsApp-Image-2024-08-31-at-21.51.02-1068x601.jpeg 1068w, https:\/\/prensa.sma.gob.ar\/wp-content\/uploads\/2024\/09\/WhatsApp-Image-2024-08-31-at-21.51.02.jpeg 1600w\" sizes=\"auto, (max-width: 1024px) 100vw, 1024px\" \/><\/figure>\n\n\n\n<figure class=\"wp-block-image size-large\"><img loading=\"lazy\" decoding=\"async\" width=\"1024\" height=\"629\" data-id=\"2013\" src=\"https:\/\/prensa.sma.gob.ar\/wp-content\/uploads\/2024\/09\/WhatsApp-Image-2024-08-31-at-21.51.032-1024x629.jpeg\" alt=\"\" class=\"wp-image-2013\" srcset=\"https:\/\/prensa.sma.gob.ar\/wp-content\/uploads\/2024\/09\/WhatsApp-Image-2024-08-31-at-21.51.032-1024x629.jpeg 1024w, https:\/\/prensa.sma.gob.ar\/wp-content\/uploads\/2024\/09\/WhatsApp-Image-2024-08-31-at-21.51.032-300x184.jpeg 300w, https:\/\/prensa.sma.gob.ar\/wp-content\/uploads\/2024\/09\/WhatsApp-Image-2024-08-31-at-21.51.032-768x472.jpeg 768w, https:\/\/prensa.sma.gob.ar\/wp-content\/uploads\/2024\/09\/WhatsApp-Image-2024-08-31-at-21.51.032-1536x944.jpeg 1536w, https:\/\/prensa.sma.gob.ar\/wp-content\/uploads\/2024\/09\/WhatsApp-Image-2024-08-31-at-21.51.032-684x420.jpeg 684w, https:\/\/prensa.sma.gob.ar\/wp-content\/uploads\/2024\/09\/WhatsApp-Image-2024-08-31-at-21.51.032-696x428.jpeg 696w, https:\/\/prensa.sma.gob.ar\/wp-content\/uploads\/2024\/09\/WhatsApp-Image-2024-08-31-at-21.51.032-1068x656.jpeg 1068w, https:\/\/prensa.sma.gob.ar\/wp-content\/uploads\/2024\/09\/WhatsApp-Image-2024-08-31-at-21.51.032.jpeg 1600w\" sizes=\"auto, (max-width: 1024px) 100vw, 1024px\" \/><\/figure>\n<\/figure>\n\n\n\n<p>El taller, que se llam\u00f3 \u201cDe la tierra al barrio\u201d, fue el primero de cuatro encuentros, que permitir\u00e1n delinear y tomar decisiones colectivas de cada uno de los pasos a resolver. Ser\u00e1n las 200 familias preadjudicatarias, que constituyen un universo de 647 personas, quienes ir\u00e1n dando forma al barrio, con el acompa\u00f1amiento de muchas \u00e1reas del Estado municipal, de la provincia de Neuqu\u00e9n, de las empresas de servicios y de la iniciativa p\u00fablico-privada.<\/p>\n\n\n\n<p>La organizaci\u00f3n, a cargo del equipo del \u00e1rea de Vivienda, decidi\u00f3 identificar con colores a quienes ser\u00e1n vecinas y vecinos del nuevo barrio. Con esta identificaci\u00f3n por cercan\u00edas y por manzanas, las familias pasaron a las aulas, donde se realiz\u00f3 una ronda de presentaciones y los coordinadores de los talleres dieron explicaciones generales, aclararon las primeras dudas y elaboraron preguntas para responder en los encuentros venideros.<\/p>\n\n\n\n<figure class=\"wp-block-gallery has-nested-images columns-default is-cropped wp-block-gallery-2 is-layout-flex wp-block-gallery-is-layout-flex\">\n<figure class=\"wp-block-image size-large\"><img loading=\"lazy\" decoding=\"async\" width=\"1024\" height=\"659\" data-id=\"2019\" src=\"https:\/\/prensa.sma.gob.ar\/wp-content\/uploads\/2024\/09\/WhatsApp-Image-2024-08-31-at-21.51.011-1024x659.jpeg\" alt=\"\" class=\"wp-image-2019\" srcset=\"https:\/\/prensa.sma.gob.ar\/wp-content\/uploads\/2024\/09\/WhatsApp-Image-2024-08-31-at-21.51.011-1024x659.jpeg 1024w, https:\/\/prensa.sma.gob.ar\/wp-content\/uploads\/2024\/09\/WhatsApp-Image-2024-08-31-at-21.51.011-300x193.jpeg 300w, https:\/\/prensa.sma.gob.ar\/wp-content\/uploads\/2024\/09\/WhatsApp-Image-2024-08-31-at-21.51.011-768x494.jpeg 768w, https:\/\/prensa.sma.gob.ar\/wp-content\/uploads\/2024\/09\/WhatsApp-Image-2024-08-31-at-21.51.011-1536x989.jpeg 1536w, https:\/\/prensa.sma.gob.ar\/wp-content\/uploads\/2024\/09\/WhatsApp-Image-2024-08-31-at-21.51.011-652x420.jpeg 652w, https:\/\/prensa.sma.gob.ar\/wp-content\/uploads\/2024\/09\/WhatsApp-Image-2024-08-31-at-21.51.011-696x448.jpeg 696w, https:\/\/prensa.sma.gob.ar\/wp-content\/uploads\/2024\/09\/WhatsApp-Image-2024-08-31-at-21.51.011-1068x688.jpeg 1068w, https:\/\/prensa.sma.gob.ar\/wp-content\/uploads\/2024\/09\/WhatsApp-Image-2024-08-31-at-21.51.011.jpeg 1600w\" sizes=\"auto, (max-width: 1024px) 100vw, 1024px\" \/><\/figure>\n\n\n\n<figure class=\"wp-block-image size-large\"><img loading=\"lazy\" decoding=\"async\" width=\"1024\" height=\"576\" data-id=\"2020\" src=\"https:\/\/prensa.sma.gob.ar\/wp-content\/uploads\/2024\/09\/WhatsApp-Image-2024-08-31-at-21.51.01-1024x576.jpeg\" alt=\"\" class=\"wp-image-2020\" srcset=\"https:\/\/prensa.sma.gob.ar\/wp-content\/uploads\/2024\/09\/WhatsApp-Image-2024-08-31-at-21.51.01-1024x576.jpeg 1024w, https:\/\/prensa.sma.gob.ar\/wp-content\/uploads\/2024\/09\/WhatsApp-Image-2024-08-31-at-21.51.01-300x169.jpeg 300w, https:\/\/prensa.sma.gob.ar\/wp-content\/uploads\/2024\/09\/WhatsApp-Image-2024-08-31-at-21.51.01-768x432.jpeg 768w, https:\/\/prensa.sma.gob.ar\/wp-content\/uploads\/2024\/09\/WhatsApp-Image-2024-08-31-at-21.51.01-1536x864.jpeg 1536w, https:\/\/prensa.sma.gob.ar\/wp-content\/uploads\/2024\/09\/WhatsApp-Image-2024-08-31-at-21.51.01-747x420.jpeg 747w, https:\/\/prensa.sma.gob.ar\/wp-content\/uploads\/2024\/09\/WhatsApp-Image-2024-08-31-at-21.51.01-696x392.jpeg 696w, https:\/\/prensa.sma.gob.ar\/wp-content\/uploads\/2024\/09\/WhatsApp-Image-2024-08-31-at-21.51.01-1068x601.jpeg 1068w, https:\/\/prensa.sma.gob.ar\/wp-content\/uploads\/2024\/09\/WhatsApp-Image-2024-08-31-at-21.51.01.jpeg 1600w\" sizes=\"auto, (max-width: 1024px) 100vw, 1024px\" \/><\/figure>\n\n\n\n<figure class=\"wp-block-image size-large\"><img loading=\"lazy\" decoding=\"async\" width=\"1024\" height=\"576\" data-id=\"2021\" src=\"https:\/\/prensa.sma.gob.ar\/wp-content\/uploads\/2024\/09\/WhatsApp-Image-2024-08-31-at-21.51.002-1024x576.jpeg\" alt=\"\" class=\"wp-image-2021\" srcset=\"https:\/\/prensa.sma.gob.ar\/wp-content\/uploads\/2024\/09\/WhatsApp-Image-2024-08-31-at-21.51.002-1024x576.jpeg 1024w, https:\/\/prensa.sma.gob.ar\/wp-content\/uploads\/2024\/09\/WhatsApp-Image-2024-08-31-at-21.51.002-300x169.jpeg 300w, https:\/\/prensa.sma.gob.ar\/wp-content\/uploads\/2024\/09\/WhatsApp-Image-2024-08-31-at-21.51.002-768x432.jpeg 768w, https:\/\/prensa.sma.gob.ar\/wp-content\/uploads\/2024\/09\/WhatsApp-Image-2024-08-31-at-21.51.002-1536x864.jpeg 1536w, https:\/\/prensa.sma.gob.ar\/wp-content\/uploads\/2024\/09\/WhatsApp-Image-2024-08-31-at-21.51.002-747x420.jpeg 747w, https:\/\/prensa.sma.gob.ar\/wp-content\/uploads\/2024\/09\/WhatsApp-Image-2024-08-31-at-21.51.002-696x392.jpeg 696w, https:\/\/prensa.sma.gob.ar\/wp-content\/uploads\/2024\/09\/WhatsApp-Image-2024-08-31-at-21.51.002-1068x601.jpeg 1068w, https:\/\/prensa.sma.gob.ar\/wp-content\/uploads\/2024\/09\/WhatsApp-Image-2024-08-31-at-21.51.002.jpeg 1600w\" sizes=\"auto, (max-width: 1024px) 100vw, 1024px\" \/><\/figure>\n\n\n\n<figure class=\"wp-block-image size-large\"><img loading=\"lazy\" decoding=\"async\" width=\"1024\" height=\"576\" data-id=\"2024\" src=\"https:\/\/prensa.sma.gob.ar\/wp-content\/uploads\/2024\/09\/WhatsApp-Image-2024-08-31-at-21.50.592-1024x576.jpeg\" alt=\"\" class=\"wp-image-2024\" srcset=\"https:\/\/prensa.sma.gob.ar\/wp-content\/uploads\/2024\/09\/WhatsApp-Image-2024-08-31-at-21.50.592-1024x576.jpeg 1024w, https:\/\/prensa.sma.gob.ar\/wp-content\/uploads\/2024\/09\/WhatsApp-Image-2024-08-31-at-21.50.592-300x169.jpeg 300w, https:\/\/prensa.sma.gob.ar\/wp-content\/uploads\/2024\/09\/WhatsApp-Image-2024-08-31-at-21.50.592-768x432.jpeg 768w, https:\/\/prensa.sma.gob.ar\/wp-content\/uploads\/2024\/09\/WhatsApp-Image-2024-08-31-at-21.50.592-1536x864.jpeg 1536w, https:\/\/prensa.sma.gob.ar\/wp-content\/uploads\/2024\/09\/WhatsApp-Image-2024-08-31-at-21.50.592-747x420.jpeg 747w, https:\/\/prensa.sma.gob.ar\/wp-content\/uploads\/2024\/09\/WhatsApp-Image-2024-08-31-at-21.50.592-696x392.jpeg 696w, https:\/\/prensa.sma.gob.ar\/wp-content\/uploads\/2024\/09\/WhatsApp-Image-2024-08-31-at-21.50.592-1068x601.jpeg 1068w, https:\/\/prensa.sma.gob.ar\/wp-content\/uploads\/2024\/09\/WhatsApp-Image-2024-08-31-at-21.50.592.jpeg 1600w\" sizes=\"auto, (max-width: 1024px) 100vw, 1024px\" \/><\/figure>\n\n\n\n<figure class=\"wp-block-image size-large\"><img loading=\"lazy\" decoding=\"async\" width=\"1024\" height=\"576\" data-id=\"2025\" src=\"https:\/\/prensa.sma.gob.ar\/wp-content\/uploads\/2024\/09\/WhatsApp-Image-2024-08-31-at-21.50.591-1024x576.jpeg\" alt=\"\" class=\"wp-image-2025\" srcset=\"https:\/\/prensa.sma.gob.ar\/wp-content\/uploads\/2024\/09\/WhatsApp-Image-2024-08-31-at-21.50.591-1024x576.jpeg 1024w, https:\/\/prensa.sma.gob.ar\/wp-content\/uploads\/2024\/09\/WhatsApp-Image-2024-08-31-at-21.50.591-300x169.jpeg 300w, https:\/\/prensa.sma.gob.ar\/wp-content\/uploads\/2024\/09\/WhatsApp-Image-2024-08-31-at-21.50.591-768x432.jpeg 768w, https:\/\/prensa.sma.gob.ar\/wp-content\/uploads\/2024\/09\/WhatsApp-Image-2024-08-31-at-21.50.591-1536x864.jpeg 1536w, https:\/\/prensa.sma.gob.ar\/wp-content\/uploads\/2024\/09\/WhatsApp-Image-2024-08-31-at-21.50.591-747x420.jpeg 747w, https:\/\/prensa.sma.gob.ar\/wp-content\/uploads\/2024\/09\/WhatsApp-Image-2024-08-31-at-21.50.591-696x392.jpeg 696w, https:\/\/prensa.sma.gob.ar\/wp-content\/uploads\/2024\/09\/WhatsApp-Image-2024-08-31-at-21.50.591-1068x601.jpeg 1068w, https:\/\/prensa.sma.gob.ar\/wp-content\/uploads\/2024\/09\/WhatsApp-Image-2024-08-31-at-21.50.591.jpeg 1600w\" sizes=\"auto, (max-width: 1024px) 100vw, 1024px\" \/><\/figure>\n\n\n\n<figure class=\"wp-block-image size-large\"><img loading=\"lazy\" decoding=\"async\" width=\"1024\" height=\"576\" data-id=\"2026\" src=\"https:\/\/prensa.sma.gob.ar\/wp-content\/uploads\/2024\/09\/WhatsApp-Image-2024-08-31-at-21.50.59-1024x576.jpeg\" alt=\"\" class=\"wp-image-2026\" srcset=\"https:\/\/prensa.sma.gob.ar\/wp-content\/uploads\/2024\/09\/WhatsApp-Image-2024-08-31-at-21.50.59-1024x576.jpeg 1024w, https:\/\/prensa.sma.gob.ar\/wp-content\/uploads\/2024\/09\/WhatsApp-Image-2024-08-31-at-21.50.59-300x169.jpeg 300w, https:\/\/prensa.sma.gob.ar\/wp-content\/uploads\/2024\/09\/WhatsApp-Image-2024-08-31-at-21.50.59-768x432.jpeg 768w, https:\/\/prensa.sma.gob.ar\/wp-content\/uploads\/2024\/09\/WhatsApp-Image-2024-08-31-at-21.50.59-1536x864.jpeg 1536w, https:\/\/prensa.sma.gob.ar\/wp-content\/uploads\/2024\/09\/WhatsApp-Image-2024-08-31-at-21.50.59-747x420.jpeg 747w, https:\/\/prensa.sma.gob.ar\/wp-content\/uploads\/2024\/09\/WhatsApp-Image-2024-08-31-at-21.50.59-696x392.jpeg 696w, https:\/\/prensa.sma.gob.ar\/wp-content\/uploads\/2024\/09\/WhatsApp-Image-2024-08-31-at-21.50.59-1068x601.jpeg 1068w, https:\/\/prensa.sma.gob.ar\/wp-content\/uploads\/2024\/09\/WhatsApp-Image-2024-08-31-at-21.50.59.jpeg 1600w\" sizes=\"auto, (max-width: 1024px) 100vw, 1024px\" \/><\/figure>\n<\/figure>\n\n\n\n<p><strong>\u201cTransformar la tierra en barrio\u201d<\/strong><\/p>\n\n\n\n<p>Durante la presentaci\u00f3n, la directora de Vivienda y H\u00e1bitat, Carolina Amaya, se\u00f1al\u00f3 que \u201cse trata es de ver c\u00f3mo transformamos la tierra que tenemos con el nombre de cada uno de ustedes, en un barrio con infraestructura, en un contexto muy dif\u00edcil que estamos atravesando porque, lamentablemente, todas las pol\u00edticas p\u00fablicas de vivienda y de h\u00e1bitat de Naci\u00f3n est\u00e1n cortadas\u201d.<\/p>\n\n\n\n<p>\u201cEl objetivo de este taller es que cada uno de ustedes no sea una persona m\u00e1s, sino que podamos, entre todos, conformar un sujeto colectivo que haga propio este proyecto, para que lo abracen, lo lideren y empujen para que el sue\u00f1o se concrete\u201d, afirm\u00f3. Amaya rescat\u00f3 la decisi\u00f3n pol\u00edtica tomada por el intendente Saloniti de avanzar con el sorteo y preadjudicaci\u00f3n de lotes y record\u00f3 que ya se est\u00e1 trabajando con otro grupo de familias en 20 lotes en Chacra 28.<\/p>\n\n\n\n<p>Amaya record\u00f3 que San Mart\u00edn de los Andes tiene aproximadante 2300 familias y 7500 personas sin respuesta frente a la emergencia habitacional. Explic\u00f3 a los preadjudicatarios de los 200 lotes que \u201cel secreto es que ac\u00e1 ustedes tengan la informaci\u00f3n, que la tengan de primera mano, para ayudarlos a empujar cuando haya que empujar y para ayudarlos a esperar cuando haya que esperar\u201d.<\/p>\n\n\n\n<figure class=\"wp-block-gallery has-nested-images columns-default is-cropped wp-block-gallery-3 is-layout-flex wp-block-gallery-is-layout-flex\">\n<figure class=\"wp-block-image size-large\"><img loading=\"lazy\" decoding=\"async\" width=\"1024\" height=\"582\" data-id=\"2034\" src=\"https:\/\/prensa.sma.gob.ar\/wp-content\/uploads\/2024\/09\/WhatsApp-Image-2024-08-31-at-21.50.561-1024x582.jpeg\" alt=\"\" class=\"wp-image-2034\" srcset=\"https:\/\/prensa.sma.gob.ar\/wp-content\/uploads\/2024\/09\/WhatsApp-Image-2024-08-31-at-21.50.561-1024x582.jpeg 1024w, https:\/\/prensa.sma.gob.ar\/wp-content\/uploads\/2024\/09\/WhatsApp-Image-2024-08-31-at-21.50.561-300x171.jpeg 300w, https:\/\/prensa.sma.gob.ar\/wp-content\/uploads\/2024\/09\/WhatsApp-Image-2024-08-31-at-21.50.561-768x437.jpeg 768w, https:\/\/prensa.sma.gob.ar\/wp-content\/uploads\/2024\/09\/WhatsApp-Image-2024-08-31-at-21.50.561-1536x874.jpeg 1536w, https:\/\/prensa.sma.gob.ar\/wp-content\/uploads\/2024\/09\/WhatsApp-Image-2024-08-31-at-21.50.561-738x420.jpeg 738w, https:\/\/prensa.sma.gob.ar\/wp-content\/uploads\/2024\/09\/WhatsApp-Image-2024-08-31-at-21.50.561-696x396.jpeg 696w, https:\/\/prensa.sma.gob.ar\/wp-content\/uploads\/2024\/09\/WhatsApp-Image-2024-08-31-at-21.50.561-1068x607.jpeg 1068w, https:\/\/prensa.sma.gob.ar\/wp-content\/uploads\/2024\/09\/WhatsApp-Image-2024-08-31-at-21.50.561.jpeg 1600w\" sizes=\"auto, (max-width: 1024px) 100vw, 1024px\" \/><\/figure>\n\n\n\n<figure class=\"wp-block-image size-large\"><img loading=\"lazy\" decoding=\"async\" width=\"1024\" height=\"576\" data-id=\"2031\" src=\"https:\/\/prensa.sma.gob.ar\/wp-content\/uploads\/2024\/09\/WhatsApp-Image-2024-08-31-at-21.50.57-1024x576.jpeg\" alt=\"\" class=\"wp-image-2031\" srcset=\"https:\/\/prensa.sma.gob.ar\/wp-content\/uploads\/2024\/09\/WhatsApp-Image-2024-08-31-at-21.50.57-1024x576.jpeg 1024w, https:\/\/prensa.sma.gob.ar\/wp-content\/uploads\/2024\/09\/WhatsApp-Image-2024-08-31-at-21.50.57-300x169.jpeg 300w, https:\/\/prensa.sma.gob.ar\/wp-content\/uploads\/2024\/09\/WhatsApp-Image-2024-08-31-at-21.50.57-768x432.jpeg 768w, https:\/\/prensa.sma.gob.ar\/wp-content\/uploads\/2024\/09\/WhatsApp-Image-2024-08-31-at-21.50.57-1536x864.jpeg 1536w, https:\/\/prensa.sma.gob.ar\/wp-content\/uploads\/2024\/09\/WhatsApp-Image-2024-08-31-at-21.50.57-747x420.jpeg 747w, https:\/\/prensa.sma.gob.ar\/wp-content\/uploads\/2024\/09\/WhatsApp-Image-2024-08-31-at-21.50.57-696x392.jpeg 696w, https:\/\/prensa.sma.gob.ar\/wp-content\/uploads\/2024\/09\/WhatsApp-Image-2024-08-31-at-21.50.57-1068x601.jpeg 1068w, https:\/\/prensa.sma.gob.ar\/wp-content\/uploads\/2024\/09\/WhatsApp-Image-2024-08-31-at-21.50.57.jpeg 1600w\" sizes=\"auto, (max-width: 1024px) 100vw, 1024px\" \/><\/figure>\n\n\n\n<figure class=\"wp-block-image size-large\"><img loading=\"lazy\" decoding=\"async\" width=\"1024\" height=\"568\" data-id=\"2030\" src=\"https:\/\/prensa.sma.gob.ar\/wp-content\/uploads\/2024\/09\/WhatsApp-Image-2024-08-31-at-21.50.571-1024x568.jpeg\" alt=\"\" class=\"wp-image-2030\" srcset=\"https:\/\/prensa.sma.gob.ar\/wp-content\/uploads\/2024\/09\/WhatsApp-Image-2024-08-31-at-21.50.571-1024x568.jpeg 1024w, https:\/\/prensa.sma.gob.ar\/wp-content\/uploads\/2024\/09\/WhatsApp-Image-2024-08-31-at-21.50.571-300x166.jpeg 300w, https:\/\/prensa.sma.gob.ar\/wp-content\/uploads\/2024\/09\/WhatsApp-Image-2024-08-31-at-21.50.571-768x426.jpeg 768w, https:\/\/prensa.sma.gob.ar\/wp-content\/uploads\/2024\/09\/WhatsApp-Image-2024-08-31-at-21.50.571-1536x852.jpeg 1536w, https:\/\/prensa.sma.gob.ar\/wp-content\/uploads\/2024\/09\/WhatsApp-Image-2024-08-31-at-21.50.571-758x420.jpeg 758w, https:\/\/prensa.sma.gob.ar\/wp-content\/uploads\/2024\/09\/WhatsApp-Image-2024-08-31-at-21.50.571-696x386.jpeg 696w, https:\/\/prensa.sma.gob.ar\/wp-content\/uploads\/2024\/09\/WhatsApp-Image-2024-08-31-at-21.50.571-1068x592.jpeg 1068w, https:\/\/prensa.sma.gob.ar\/wp-content\/uploads\/2024\/09\/WhatsApp-Image-2024-08-31-at-21.50.571.jpeg 1600w\" sizes=\"auto, (max-width: 1024px) 100vw, 1024px\" \/><\/figure>\n\n\n\n<figure class=\"wp-block-image size-large\"><img loading=\"lazy\" decoding=\"async\" width=\"1024\" height=\"627\" data-id=\"2027\" src=\"https:\/\/prensa.sma.gob.ar\/wp-content\/uploads\/2024\/09\/WhatsApp-Image-2024-08-31-at-21.50.582-1024x627.jpeg\" alt=\"\" class=\"wp-image-2027\" srcset=\"https:\/\/prensa.sma.gob.ar\/wp-content\/uploads\/2024\/09\/WhatsApp-Image-2024-08-31-at-21.50.582-1024x627.jpeg 1024w, https:\/\/prensa.sma.gob.ar\/wp-content\/uploads\/2024\/09\/WhatsApp-Image-2024-08-31-at-21.50.582-300x184.jpeg 300w, https:\/\/prensa.sma.gob.ar\/wp-content\/uploads\/2024\/09\/WhatsApp-Image-2024-08-31-at-21.50.582-768x470.jpeg 768w, https:\/\/prensa.sma.gob.ar\/wp-content\/uploads\/2024\/09\/WhatsApp-Image-2024-08-31-at-21.50.582-1536x940.jpeg 1536w, https:\/\/prensa.sma.gob.ar\/wp-content\/uploads\/2024\/09\/WhatsApp-Image-2024-08-31-at-21.50.582-686x420.jpeg 686w, https:\/\/prensa.sma.gob.ar\/wp-content\/uploads\/2024\/09\/WhatsApp-Image-2024-08-31-at-21.50.582-696x426.jpeg 696w, https:\/\/prensa.sma.gob.ar\/wp-content\/uploads\/2024\/09\/WhatsApp-Image-2024-08-31-at-21.50.582-1068x653.jpeg 1068w, https:\/\/prensa.sma.gob.ar\/wp-content\/uploads\/2024\/09\/WhatsApp-Image-2024-08-31-at-21.50.582.jpeg 1600w\" sizes=\"auto, (max-width: 1024px) 100vw, 1024px\" \/><\/figure>\n\n\n\n<figure class=\"wp-block-image size-large\"><img loading=\"lazy\" decoding=\"async\" width=\"1024\" height=\"605\" data-id=\"2035\" src=\"https:\/\/prensa.sma.gob.ar\/wp-content\/uploads\/2024\/09\/WhatsApp-Image-2024-08-31-at-21.50.56-1024x605.jpeg\" alt=\"\" class=\"wp-image-2035\" srcset=\"https:\/\/prensa.sma.gob.ar\/wp-content\/uploads\/2024\/09\/WhatsApp-Image-2024-08-31-at-21.50.56-1024x605.jpeg 1024w, https:\/\/prensa.sma.gob.ar\/wp-content\/uploads\/2024\/09\/WhatsApp-Image-2024-08-31-at-21.50.56-300x177.jpeg 300w, https:\/\/prensa.sma.gob.ar\/wp-content\/uploads\/2024\/09\/WhatsApp-Image-2024-08-31-at-21.50.56-768x454.jpeg 768w, https:\/\/prensa.sma.gob.ar\/wp-content\/uploads\/2024\/09\/WhatsApp-Image-2024-08-31-at-21.50.56-1536x908.jpeg 1536w, https:\/\/prensa.sma.gob.ar\/wp-content\/uploads\/2024\/09\/WhatsApp-Image-2024-08-31-at-21.50.56-710x420.jpeg 710w, https:\/\/prensa.sma.gob.ar\/wp-content\/uploads\/2024\/09\/WhatsApp-Image-2024-08-31-at-21.50.56-696x412.jpeg 696w, https:\/\/prensa.sma.gob.ar\/wp-content\/uploads\/2024\/09\/WhatsApp-Image-2024-08-31-at-21.50.56-1068x631.jpeg 1068w, https:\/\/prensa.sma.gob.ar\/wp-content\/uploads\/2024\/09\/WhatsApp-Image-2024-08-31-at-21.50.56.jpeg 1600w\" sizes=\"auto, (max-width: 1024px) 100vw, 1024px\" \/><\/figure>\n\n\n\n<figure class=\"wp-block-image size-large\"><img loading=\"lazy\" decoding=\"async\" width=\"1024\" height=\"636\" data-id=\"2036\" src=\"https:\/\/prensa.sma.gob.ar\/wp-content\/uploads\/2024\/09\/WhatsApp-Image-2024-08-31-at-21.50.551-1024x636.jpeg\" alt=\"\" class=\"wp-image-2036\" srcset=\"https:\/\/prensa.sma.gob.ar\/wp-content\/uploads\/2024\/09\/WhatsApp-Image-2024-08-31-at-21.50.551-1024x636.jpeg 1024w, https:\/\/prensa.sma.gob.ar\/wp-content\/uploads\/2024\/09\/WhatsApp-Image-2024-08-31-at-21.50.551-300x186.jpeg 300w, https:\/\/prensa.sma.gob.ar\/wp-content\/uploads\/2024\/09\/WhatsApp-Image-2024-08-31-at-21.50.551-768x477.jpeg 768w, https:\/\/prensa.sma.gob.ar\/wp-content\/uploads\/2024\/09\/WhatsApp-Image-2024-08-31-at-21.50.551-1536x953.jpeg 1536w, https:\/\/prensa.sma.gob.ar\/wp-content\/uploads\/2024\/09\/WhatsApp-Image-2024-08-31-at-21.50.551-677x420.jpeg 677w, https:\/\/prensa.sma.gob.ar\/wp-content\/uploads\/2024\/09\/WhatsApp-Image-2024-08-31-at-21.50.551-696x432.jpeg 696w, https:\/\/prensa.sma.gob.ar\/wp-content\/uploads\/2024\/09\/WhatsApp-Image-2024-08-31-at-21.50.551-1068x663.jpeg 1068w, https:\/\/prensa.sma.gob.ar\/wp-content\/uploads\/2024\/09\/WhatsApp-Image-2024-08-31-at-21.50.551.jpeg 1600w\" sizes=\"auto, (max-width: 1024px) 100vw, 1024px\" \/><\/figure>\n<\/figure>\n\n\n\n<p><strong>La historia del proyecto<\/strong><\/p>\n\n\n\n<p>Luego, el exdirector de Vivienda y actual concejal Carlos Men\u00e9ndez, repas\u00f3 la historia de estos 200 lotes. Record\u00f3 que el proceso se inici\u00f3 en 2020, cuando el Municipio retom\u00f3 la idea de canjear los cuatro lotes de Villegas y Rodhe (zona centro) por una extensi\u00f3n de tierra que pudiera contribuir a una soluci\u00f3n habitacional colectiva.<\/p>\n\n\n\n<p>Men\u00e9ndez explic\u00f3 que, de las tres propuestas de canje que se presentaron, una comisi\u00f3n evalu\u00f3 que estos terrenos de Chacra 32 cumpl\u00edan con los requisitos de ubicaci\u00f3n, integraci\u00f3n a la trama urbana, proximidad de transporte urbano, cercan\u00eda de comercios y de escuelas. Detall\u00f3 las calles que conectan con el entorno: Chacra 30, por avenida Los Lagos, y Chacra 32, por calles que se abrir\u00e1n como parte de la expansi\u00f3n urbana.<\/p>\n\n\n\n<p>Puso a disposici\u00f3n del proyecto el acompa\u00f1amiento de todos los bloques del Concejo Deliberante para discutir y acompa\u00f1ar todo lo surja de los vecinos organizados. Record\u00f3 que, una vez concretado el canje de terrenos y con estos lotes a nombre del Municipio, en 2023 se hicieron informes geol\u00f3gicos e h\u00eddricos; curvas de nivel del terreno y los ordenadores urban\u00edsticos, que determinan cu\u00e1ntas viviendas se pueden hacer, cuantos debe destinarse a espacios verdes, cu\u00e1nto para la reserva fiscal, etc.<\/p>\n\n\n\n<p>Los integrantes del \u00e1rea de vivienda Ramiro Morel; Liliana Rold\u00e1n, Julia Mu\u00f1oz y Alejandra de Bonis aportaron informaci\u00f3n sobre las necesidades de infraestructura; el rol de las diferentes \u00e1reas del Municipio que intervendr\u00e1n en este proyecto y los v\u00ednculos con el Estado Neuquino, en un contexto donde, por primera vez, el Estado nacional estar\u00e1 ausente en un programa de vivienda y h\u00e1bitat.<\/p>\n\n\n\n<p>Tambi\u00e9n mencionaron el valor que tuvo la actualizaci\u00f3n del nuevo Registro de Demanda Habitacional, del cual sali\u00f3 la base para la participaci\u00f3n del sorteo que deriv\u00f3 en estas 200 familias preadjudicatarias. Recordaron que el 70 por ciento son familias que desde hace hasta 30 a\u00f1os que viven en San Mart\u00edn de los Andes.<\/p>\n\n\n\n<figure class=\"wp-block-gallery has-nested-images columns-default is-cropped wp-block-gallery-4 is-layout-flex wp-block-gallery-is-layout-flex\">\n<figure class=\"wp-block-image size-large\"><img loading=\"lazy\" decoding=\"async\" width=\"1024\" height=\"662\" data-id=\"2037\" src=\"https:\/\/prensa.sma.gob.ar\/wp-content\/uploads\/2024\/09\/WhatsApp-Image-2024-08-31-at-21.50.55-1024x662.jpeg\" alt=\"\" class=\"wp-image-2037\" srcset=\"https:\/\/prensa.sma.gob.ar\/wp-content\/uploads\/2024\/09\/WhatsApp-Image-2024-08-31-at-21.50.55-1024x662.jpeg 1024w, https:\/\/prensa.sma.gob.ar\/wp-content\/uploads\/2024\/09\/WhatsApp-Image-2024-08-31-at-21.50.55-300x194.jpeg 300w, https:\/\/prensa.sma.gob.ar\/wp-content\/uploads\/2024\/09\/WhatsApp-Image-2024-08-31-at-21.50.55-768x497.jpeg 768w, https:\/\/prensa.sma.gob.ar\/wp-content\/uploads\/2024\/09\/WhatsApp-Image-2024-08-31-at-21.50.55-1536x994.jpeg 1536w, https:\/\/prensa.sma.gob.ar\/wp-content\/uploads\/2024\/09\/WhatsApp-Image-2024-08-31-at-21.50.55-649x420.jpeg 649w, https:\/\/prensa.sma.gob.ar\/wp-content\/uploads\/2024\/09\/WhatsApp-Image-2024-08-31-at-21.50.55-696x450.jpeg 696w, https:\/\/prensa.sma.gob.ar\/wp-content\/uploads\/2024\/09\/WhatsApp-Image-2024-08-31-at-21.50.55-1068x691.jpeg 1068w, https:\/\/prensa.sma.gob.ar\/wp-content\/uploads\/2024\/09\/WhatsApp-Image-2024-08-31-at-21.50.55.jpeg 1600w\" sizes=\"auto, (max-width: 1024px) 100vw, 1024px\" \/><\/figure>\n\n\n\n<figure class=\"wp-block-image size-large\"><img loading=\"lazy\" decoding=\"async\" width=\"1024\" height=\"671\" data-id=\"2038\" src=\"https:\/\/prensa.sma.gob.ar\/wp-content\/uploads\/2024\/09\/WhatsApp-Image-2024-08-31-at-21.50.542-1024x671.jpeg\" alt=\"\" class=\"wp-image-2038\" srcset=\"https:\/\/prensa.sma.gob.ar\/wp-content\/uploads\/2024\/09\/WhatsApp-Image-2024-08-31-at-21.50.542-1024x671.jpeg 1024w, https:\/\/prensa.sma.gob.ar\/wp-content\/uploads\/2024\/09\/WhatsApp-Image-2024-08-31-at-21.50.542-300x197.jpeg 300w, https:\/\/prensa.sma.gob.ar\/wp-content\/uploads\/2024\/09\/WhatsApp-Image-2024-08-31-at-21.50.542-768x503.jpeg 768w, https:\/\/prensa.sma.gob.ar\/wp-content\/uploads\/2024\/09\/WhatsApp-Image-2024-08-31-at-21.50.542-1536x1006.jpeg 1536w, https:\/\/prensa.sma.gob.ar\/wp-content\/uploads\/2024\/09\/WhatsApp-Image-2024-08-31-at-21.50.542-641x420.jpeg 641w, https:\/\/prensa.sma.gob.ar\/wp-content\/uploads\/2024\/09\/WhatsApp-Image-2024-08-31-at-21.50.542-696x456.jpeg 696w, https:\/\/prensa.sma.gob.ar\/wp-content\/uploads\/2024\/09\/WhatsApp-Image-2024-08-31-at-21.50.542-1068x700.jpeg 1068w, https:\/\/prensa.sma.gob.ar\/wp-content\/uploads\/2024\/09\/WhatsApp-Image-2024-08-31-at-21.50.542.jpeg 1600w\" sizes=\"auto, (max-width: 1024px) 100vw, 1024px\" \/><\/figure>\n\n\n\n<figure class=\"wp-block-image size-large\"><img loading=\"lazy\" decoding=\"async\" width=\"1024\" height=\"576\" data-id=\"2077\" src=\"https:\/\/prensa.sma.gob.ar\/wp-content\/uploads\/2024\/09\/WhatsApp-Image-2024-08-31-at-21.50.37-1024x576.jpeg\" alt=\"\" class=\"wp-image-2077\" srcset=\"https:\/\/prensa.sma.gob.ar\/wp-content\/uploads\/2024\/09\/WhatsApp-Image-2024-08-31-at-21.50.37-1024x576.jpeg 1024w, https:\/\/prensa.sma.gob.ar\/wp-content\/uploads\/2024\/09\/WhatsApp-Image-2024-08-31-at-21.50.37-300x169.jpeg 300w, https:\/\/prensa.sma.gob.ar\/wp-content\/uploads\/2024\/09\/WhatsApp-Image-2024-08-31-at-21.50.37-768x432.jpeg 768w, https:\/\/prensa.sma.gob.ar\/wp-content\/uploads\/2024\/09\/WhatsApp-Image-2024-08-31-at-21.50.37-1536x864.jpeg 1536w, https:\/\/prensa.sma.gob.ar\/wp-content\/uploads\/2024\/09\/WhatsApp-Image-2024-08-31-at-21.50.37-747x420.jpeg 747w, https:\/\/prensa.sma.gob.ar\/wp-content\/uploads\/2024\/09\/WhatsApp-Image-2024-08-31-at-21.50.37-696x392.jpeg 696w, https:\/\/prensa.sma.gob.ar\/wp-content\/uploads\/2024\/09\/WhatsApp-Image-2024-08-31-at-21.50.37-1068x601.jpeg 1068w, https:\/\/prensa.sma.gob.ar\/wp-content\/uploads\/2024\/09\/WhatsApp-Image-2024-08-31-at-21.50.37.jpeg 1600w\" sizes=\"auto, (max-width: 1024px) 100vw, 1024px\" \/><\/figure>\n\n\n\n<figure class=\"wp-block-image size-large\"><img loading=\"lazy\" decoding=\"async\" width=\"1024\" height=\"576\" data-id=\"2076\" src=\"https:\/\/prensa.sma.gob.ar\/wp-content\/uploads\/2024\/09\/WhatsApp-Image-2024-08-31-at-21.50.371-1024x576.jpeg\" alt=\"\" class=\"wp-image-2076\" srcset=\"https:\/\/prensa.sma.gob.ar\/wp-content\/uploads\/2024\/09\/WhatsApp-Image-2024-08-31-at-21.50.371-1024x576.jpeg 1024w, https:\/\/prensa.sma.gob.ar\/wp-content\/uploads\/2024\/09\/WhatsApp-Image-2024-08-31-at-21.50.371-300x169.jpeg 300w, https:\/\/prensa.sma.gob.ar\/wp-content\/uploads\/2024\/09\/WhatsApp-Image-2024-08-31-at-21.50.371-768x432.jpeg 768w, https:\/\/prensa.sma.gob.ar\/wp-content\/uploads\/2024\/09\/WhatsApp-Image-2024-08-31-at-21.50.371-1536x864.jpeg 1536w, https:\/\/prensa.sma.gob.ar\/wp-content\/uploads\/2024\/09\/WhatsApp-Image-2024-08-31-at-21.50.371-747x420.jpeg 747w, https:\/\/prensa.sma.gob.ar\/wp-content\/uploads\/2024\/09\/WhatsApp-Image-2024-08-31-at-21.50.371-696x392.jpeg 696w, https:\/\/prensa.sma.gob.ar\/wp-content\/uploads\/2024\/09\/WhatsApp-Image-2024-08-31-at-21.50.371-1068x601.jpeg 1068w, https:\/\/prensa.sma.gob.ar\/wp-content\/uploads\/2024\/09\/WhatsApp-Image-2024-08-31-at-21.50.371.jpeg 1600w\" sizes=\"auto, (max-width: 1024px) 100vw, 1024px\" \/><\/figure>\n\n\n\n<figure class=\"wp-block-image size-large\"><img loading=\"lazy\" decoding=\"async\" width=\"1024\" height=\"591\" data-id=\"2073\" src=\"https:\/\/prensa.sma.gob.ar\/wp-content\/uploads\/2024\/09\/WhatsApp-Image-2024-08-31-at-21.50.391-1024x591.jpeg\" alt=\"\" class=\"wp-image-2073\" srcset=\"https:\/\/prensa.sma.gob.ar\/wp-content\/uploads\/2024\/09\/WhatsApp-Image-2024-08-31-at-21.50.391-1024x591.jpeg 1024w, https:\/\/prensa.sma.gob.ar\/wp-content\/uploads\/2024\/09\/WhatsApp-Image-2024-08-31-at-21.50.391-300x173.jpeg 300w, https:\/\/prensa.sma.gob.ar\/wp-content\/uploads\/2024\/09\/WhatsApp-Image-2024-08-31-at-21.50.391-768x443.jpeg 768w, https:\/\/prensa.sma.gob.ar\/wp-content\/uploads\/2024\/09\/WhatsApp-Image-2024-08-31-at-21.50.391-1536x886.jpeg 1536w, https:\/\/prensa.sma.gob.ar\/wp-content\/uploads\/2024\/09\/WhatsApp-Image-2024-08-31-at-21.50.391-728x420.jpeg 728w, https:\/\/prensa.sma.gob.ar\/wp-content\/uploads\/2024\/09\/WhatsApp-Image-2024-08-31-at-21.50.391-696x402.jpeg 696w, https:\/\/prensa.sma.gob.ar\/wp-content\/uploads\/2024\/09\/WhatsApp-Image-2024-08-31-at-21.50.391-1068x616.jpeg 1068w, https:\/\/prensa.sma.gob.ar\/wp-content\/uploads\/2024\/09\/WhatsApp-Image-2024-08-31-at-21.50.391.jpeg 1600w\" sizes=\"auto, (max-width: 1024px) 100vw, 1024px\" \/><\/figure>\n\n\n\n<figure class=\"wp-block-image size-large\"><img loading=\"lazy\" decoding=\"async\" width=\"1024\" height=\"637\" data-id=\"2075\" src=\"https:\/\/prensa.sma.gob.ar\/wp-content\/uploads\/2024\/09\/WhatsApp-Image-2024-08-31-at-21.50.38-1024x637.jpeg\" alt=\"\" class=\"wp-image-2075\" srcset=\"https:\/\/prensa.sma.gob.ar\/wp-content\/uploads\/2024\/09\/WhatsApp-Image-2024-08-31-at-21.50.38-1024x637.jpeg 1024w, https:\/\/prensa.sma.gob.ar\/wp-content\/uploads\/2024\/09\/WhatsApp-Image-2024-08-31-at-21.50.38-300x187.jpeg 300w, https:\/\/prensa.sma.gob.ar\/wp-content\/uploads\/2024\/09\/WhatsApp-Image-2024-08-31-at-21.50.38-768x478.jpeg 768w, https:\/\/prensa.sma.gob.ar\/wp-content\/uploads\/2024\/09\/WhatsApp-Image-2024-08-31-at-21.50.38-1536x956.jpeg 1536w, https:\/\/prensa.sma.gob.ar\/wp-content\/uploads\/2024\/09\/WhatsApp-Image-2024-08-31-at-21.50.38-675x420.jpeg 675w, https:\/\/prensa.sma.gob.ar\/wp-content\/uploads\/2024\/09\/WhatsApp-Image-2024-08-31-at-21.50.38-696x433.jpeg 696w, https:\/\/prensa.sma.gob.ar\/wp-content\/uploads\/2024\/09\/WhatsApp-Image-2024-08-31-at-21.50.38-1068x665.jpeg 1068w, https:\/\/prensa.sma.gob.ar\/wp-content\/uploads\/2024\/09\/WhatsApp-Image-2024-08-31-at-21.50.38.jpeg 1600w\" sizes=\"auto, (max-width: 1024px) 100vw, 1024px\" \/><\/figure>\n<\/figure>\n\n\n\n<p><strong>\u201cLa concreci\u00f3n de los sue\u00f1os es colectiva\u201d<\/strong><\/p>\n\n\n\n<p>Tambi\u00e9n expuso en la presentaci\u00f3n del taller, Ignacio Ferrer\u00eda, de Vecinos sin Techo, quien comparti\u00f3 la experiencia de esta organizaci\u00f3n que acumula m\u00e1s de 20 a\u00f1os de lucha por tierra y vivienda y, en especial, del Lote 27, Barrio Intercultural. \u201cNo tenemos que confrontar con la pol\u00edtica, tenemos que llevar la pol\u00edtica para donde queremos que vaya\u201d, resumi\u00f3.<\/p>\n\n\n\n<p>Ferrer\u00eda explic\u00f3 a las familias el rol del Consejo Asesor de la Vivienda, seg\u00fan la ordenanza de su creaci\u00f3n: \u201ces un \u00f3rgano donde se discute pol\u00edtica y se nutre de pol\u00edtica al Instituto de Vivienda, ah\u00ed estamos las organizaciones sociales, arquitectos, ingenieros, agrimensores, la c\u00e1mara inmobiliaria, buscando c\u00f3mo construir la pol\u00edtica\u201d.<\/p>\n\n\n\n<p>Aclar\u00f3 que \u201cac\u00e1 no va a haber una soluci\u00f3n para cada familia, sino para 200 familias. Es una lucha colectiva, para empujar y construir junto con el Estado y pele\u00e1ndonos cuando ese Estado no compa\u00f1a\u201d. Tras afirmar que, \u201cen esta etapa estamos con las familias para que entiendan lo que viene y para que se apropien de este proyecto\u201d, alent\u00f3 que \u201csi estamos presentes y organizados, sin pelearnos entre nosotros, la cosa se apura mucho m\u00e1s y ah\u00ed es donde cobra sentido la participaci\u00f3n de la familia\u201d.<\/p>\n\n\n\n<p>Una de las integrantes del equipo del \u00e1rea de Vivienda, Miriam Fern\u00e1ndez, agradeci\u00f3 especialmente el acompa\u00f1amiento de Punto Saludable, a cargo de personal del Hospital Ram\u00f3n Carrillo, y de la Direcci\u00f3n de Primera Infancia del Municipio, que dispuso de educadoras para asistir con juegos y entretenimientos a ni\u00f1as y ni\u00f1os de las familias que fueron parte de los talleres. <\/p>\n\n\n\n<p>Entre otros funcionarios estuvieron presentes el secretario de Gobierno del Municipio, Federico Vita, y la delegada en nuestra ciudad del Instituto Provincial de la Vivienda y Urbanismo (IPVU-ADUS), Natalia Bruno y la jefa de \u00e1rea de la Subsecretar\u00eda de Juntas Vecinales, Lorena Gonz\u00e1lez. Entre los coordinadores de los talleres tambi\u00e9n hubo representantes del Colectivo Enjambre, profesionales con gran experiencia participativa de viviendas y h\u00e1bitat.  <\/p>\n\n\n\n<p>Todos resaltaron la muy importante asistencia y la buena predisposici\u00f3n de las familias para comenzar a sentirse parte del nacimiento de un nuevo barrio, sin olvidar el contexto nacional que se presenta. Ratificaron que el contacto directo con las vecinas y vecinos reafirma la decisi\u00f3n de sostener la transparencia del proceso desde el primer momento y, adem\u00e1s, que los vecinos manejen informaci\u00f3n de primera mano.<\/p>\n\n\n\n<figure class=\"wp-block-gallery has-nested-images columns-default is-cropped wp-block-gallery-5 is-layout-flex wp-block-gallery-is-layout-flex\">\n<figure class=\"wp-block-image size-large\"><img loading=\"lazy\" decoding=\"async\" width=\"1024\" height=\"576\" data-id=\"2080\" src=\"https:\/\/prensa.sma.gob.ar\/wp-content\/uploads\/2024\/09\/WhatsApp-Image-2024-08-31-at-21.50.35-1024x576.jpeg\" alt=\"\" class=\"wp-image-2080\" srcset=\"https:\/\/prensa.sma.gob.ar\/wp-content\/uploads\/2024\/09\/WhatsApp-Image-2024-08-31-at-21.50.35-1024x576.jpeg 1024w, https:\/\/prensa.sma.gob.ar\/wp-content\/uploads\/2024\/09\/WhatsApp-Image-2024-08-31-at-21.50.35-300x169.jpeg 300w, https:\/\/prensa.sma.gob.ar\/wp-content\/uploads\/2024\/09\/WhatsApp-Image-2024-08-31-at-21.50.35-768x432.jpeg 768w, https:\/\/prensa.sma.gob.ar\/wp-content\/uploads\/2024\/09\/WhatsApp-Image-2024-08-31-at-21.50.35-1536x864.jpeg 1536w, https:\/\/prensa.sma.gob.ar\/wp-content\/uploads\/2024\/09\/WhatsApp-Image-2024-08-31-at-21.50.35-747x420.jpeg 747w, https:\/\/prensa.sma.gob.ar\/wp-content\/uploads\/2024\/09\/WhatsApp-Image-2024-08-31-at-21.50.35-696x392.jpeg 696w, https:\/\/prensa.sma.gob.ar\/wp-content\/uploads\/2024\/09\/WhatsApp-Image-2024-08-31-at-21.50.35-1068x601.jpeg 1068w, https:\/\/prensa.sma.gob.ar\/wp-content\/uploads\/2024\/09\/WhatsApp-Image-2024-08-31-at-21.50.35.jpeg 1600w\" sizes=\"auto, (max-width: 1024px) 100vw, 1024px\" \/><\/figure>\n\n\n\n<figure class=\"wp-block-image size-large\"><img loading=\"lazy\" decoding=\"async\" width=\"1024\" height=\"650\" data-id=\"2081\" src=\"https:\/\/prensa.sma.gob.ar\/wp-content\/uploads\/2024\/09\/WhatsApp-Image-2024-08-31-at-21.50.34-1024x650.jpeg\" alt=\"\" class=\"wp-image-2081\" srcset=\"https:\/\/prensa.sma.gob.ar\/wp-content\/uploads\/2024\/09\/WhatsApp-Image-2024-08-31-at-21.50.34-1024x650.jpeg 1024w, https:\/\/prensa.sma.gob.ar\/wp-content\/uploads\/2024\/09\/WhatsApp-Image-2024-08-31-at-21.50.34-300x191.jpeg 300w, https:\/\/prensa.sma.gob.ar\/wp-content\/uploads\/2024\/09\/WhatsApp-Image-2024-08-31-at-21.50.34-768x488.jpeg 768w, https:\/\/prensa.sma.gob.ar\/wp-content\/uploads\/2024\/09\/WhatsApp-Image-2024-08-31-at-21.50.34-1536x975.jpeg 1536w, https:\/\/prensa.sma.gob.ar\/wp-content\/uploads\/2024\/09\/WhatsApp-Image-2024-08-31-at-21.50.34-661x420.jpeg 661w, https:\/\/prensa.sma.gob.ar\/wp-content\/uploads\/2024\/09\/WhatsApp-Image-2024-08-31-at-21.50.34-696x442.jpeg 696w, https:\/\/prensa.sma.gob.ar\/wp-content\/uploads\/2024\/09\/WhatsApp-Image-2024-08-31-at-21.50.34-1068x678.jpeg 1068w, https:\/\/prensa.sma.gob.ar\/wp-content\/uploads\/2024\/09\/WhatsApp-Image-2024-08-31-at-21.50.34.jpeg 1600w\" sizes=\"auto, (max-width: 1024px) 100vw, 1024px\" \/><\/figure>\n\n\n\n<figure class=\"wp-block-image size-large\"><img loading=\"lazy\" decoding=\"async\" width=\"1024\" height=\"576\" data-id=\"2082\" src=\"https:\/\/prensa.sma.gob.ar\/wp-content\/uploads\/2024\/09\/WhatsApp-Image-2024-08-31-at-21.50.25-1024x576.jpeg\" alt=\"\" class=\"wp-image-2082\" srcset=\"https:\/\/prensa.sma.gob.ar\/wp-content\/uploads\/2024\/09\/WhatsApp-Image-2024-08-31-at-21.50.25-1024x576.jpeg 1024w, https:\/\/prensa.sma.gob.ar\/wp-content\/uploads\/2024\/09\/WhatsApp-Image-2024-08-31-at-21.50.25-300x169.jpeg 300w, https:\/\/prensa.sma.gob.ar\/wp-content\/uploads\/2024\/09\/WhatsApp-Image-2024-08-31-at-21.50.25-768x432.jpeg 768w, https:\/\/prensa.sma.gob.ar\/wp-content\/uploads\/2024\/09\/WhatsApp-Image-2024-08-31-at-21.50.25-1536x864.jpeg 1536w, https:\/\/prensa.sma.gob.ar\/wp-content\/uploads\/2024\/09\/WhatsApp-Image-2024-08-31-at-21.50.25-747x420.jpeg 747w, https:\/\/prensa.sma.gob.ar\/wp-content\/uploads\/2024\/09\/WhatsApp-Image-2024-08-31-at-21.50.25-696x392.jpeg 696w, https:\/\/prensa.sma.gob.ar\/wp-content\/uploads\/2024\/09\/WhatsApp-Image-2024-08-31-at-21.50.25-1068x601.jpeg 1068w, https:\/\/prensa.sma.gob.ar\/wp-content\/uploads\/2024\/09\/WhatsApp-Image-2024-08-31-at-21.50.25.jpeg 1600w\" sizes=\"auto, (max-width: 1024px) 100vw, 1024px\" \/><\/figure>\n\n\n\n<figure class=\"wp-block-image size-large\"><img loading=\"lazy\" decoding=\"async\" width=\"1024\" height=\"576\" data-id=\"2083\" src=\"https:\/\/prensa.sma.gob.ar\/wp-content\/uploads\/2024\/09\/WhatsApp-Image-2024-08-31-at-21.50.241-1024x576.jpeg\" alt=\"\" class=\"wp-image-2083\" srcset=\"https:\/\/prensa.sma.gob.ar\/wp-content\/uploads\/2024\/09\/WhatsApp-Image-2024-08-31-at-21.50.241-1024x576.jpeg 1024w, https:\/\/prensa.sma.gob.ar\/wp-content\/uploads\/2024\/09\/WhatsApp-Image-2024-08-31-at-21.50.241-300x169.jpeg 300w, https:\/\/prensa.sma.gob.ar\/wp-content\/uploads\/2024\/09\/WhatsApp-Image-2024-08-31-at-21.50.241-768x432.jpeg 768w, https:\/\/prensa.sma.gob.ar\/wp-content\/uploads\/2024\/09\/WhatsApp-Image-2024-08-31-at-21.50.241-1536x864.jpeg 1536w, https:\/\/prensa.sma.gob.ar\/wp-content\/uploads\/2024\/09\/WhatsApp-Image-2024-08-31-at-21.50.241-747x420.jpeg 747w, https:\/\/prensa.sma.gob.ar\/wp-content\/uploads\/2024\/09\/WhatsApp-Image-2024-08-31-at-21.50.241-696x392.jpeg 696w, https:\/\/prensa.sma.gob.ar\/wp-content\/uploads\/2024\/09\/WhatsApp-Image-2024-08-31-at-21.50.241-1068x601.jpeg 1068w, https:\/\/prensa.sma.gob.ar\/wp-content\/uploads\/2024\/09\/WhatsApp-Image-2024-08-31-at-21.50.241.jpeg 1600w\" sizes=\"auto, (max-width: 1024px) 100vw, 1024px\" \/><\/figure>\n\n\n\n<figure class=\"wp-block-image size-large\"><img loading=\"lazy\" decoding=\"async\" width=\"1024\" height=\"576\" data-id=\"2084\" src=\"https:\/\/prensa.sma.gob.ar\/wp-content\/uploads\/2024\/09\/WhatsApp-Image-2024-08-31-at-21.50.24-1024x576.jpeg\" alt=\"\" class=\"wp-image-2084\" srcset=\"https:\/\/prensa.sma.gob.ar\/wp-content\/uploads\/2024\/09\/WhatsApp-Image-2024-08-31-at-21.50.24-1024x576.jpeg 1024w, https:\/\/prensa.sma.gob.ar\/wp-content\/uploads\/2024\/09\/WhatsApp-Image-2024-08-31-at-21.50.24-300x169.jpeg 300w, https:\/\/prensa.sma.gob.ar\/wp-content\/uploads\/2024\/09\/WhatsApp-Image-2024-08-31-at-21.50.24-768x432.jpeg 768w, https:\/\/prensa.sma.gob.ar\/wp-content\/uploads\/2024\/09\/WhatsApp-Image-2024-08-31-at-21.50.24-1536x864.jpeg 1536w, https:\/\/prensa.sma.gob.ar\/wp-content\/uploads\/2024\/09\/WhatsApp-Image-2024-08-31-at-21.50.24-747x420.jpeg 747w, https:\/\/prensa.sma.gob.ar\/wp-content\/uploads\/2024\/09\/WhatsApp-Image-2024-08-31-at-21.50.24-696x392.jpeg 696w, https:\/\/prensa.sma.gob.ar\/wp-content\/uploads\/2024\/09\/WhatsApp-Image-2024-08-31-at-21.50.24-1068x601.jpeg 1068w, https:\/\/prensa.sma.gob.ar\/wp-content\/uploads\/2024\/09\/WhatsApp-Image-2024-08-31-at-21.50.24.jpeg 1600w\" sizes=\"auto, (max-width: 1024px) 100vw, 1024px\" \/><\/figure>\n\n\n\n<figure class=\"wp-block-image size-large\"><img loading=\"lazy\" decoding=\"async\" width=\"1024\" height=\"576\" data-id=\"2079\" src=\"https:\/\/prensa.sma.gob.ar\/wp-content\/uploads\/2024\/09\/WhatsApp-Image-2024-08-31-at-21.50.351-1024x576.jpeg\" alt=\"\" class=\"wp-image-2079\" srcset=\"https:\/\/prensa.sma.gob.ar\/wp-content\/uploads\/2024\/09\/WhatsApp-Image-2024-08-31-at-21.50.351-1024x576.jpeg 1024w, https:\/\/prensa.sma.gob.ar\/wp-content\/uploads\/2024\/09\/WhatsApp-Image-2024-08-31-at-21.50.351-300x169.jpeg 300w, https:\/\/prensa.sma.gob.ar\/wp-content\/uploads\/2024\/09\/WhatsApp-Image-2024-08-31-at-21.50.351-768x432.jpeg 768w, https:\/\/prensa.sma.gob.ar\/wp-content\/uploads\/2024\/09\/WhatsApp-Image-2024-08-31-at-21.50.351-1536x864.jpeg 1536w, https:\/\/prensa.sma.gob.ar\/wp-content\/uploads\/2024\/09\/WhatsApp-Image-2024-08-31-at-21.50.351-747x420.jpeg 747w, https:\/\/prensa.sma.gob.ar\/wp-content\/uploads\/2024\/09\/WhatsApp-Image-2024-08-31-at-21.50.351-696x392.jpeg 696w, https:\/\/prensa.sma.gob.ar\/wp-content\/uploads\/2024\/09\/WhatsApp-Image-2024-08-31-at-21.50.351-1068x601.jpeg 1068w, https:\/\/prensa.sma.gob.ar\/wp-content\/uploads\/2024\/09\/WhatsApp-Image-2024-08-31-at-21.50.351.jpeg 1600w\" sizes=\"auto, (max-width: 1024px) 100vw, 1024px\" \/><\/figure>\n<\/figure>\n\n\n\n<p><strong>\u201cAbrazar este sue\u00f1o, con la verdad\u201d<\/strong><\/p>\n\n\n\n<p>En el cierre de la jornada, luego de haber participado en varios de los talleres y haber respondido preguntas de los vecinos, el intendente Saloniti agradeci\u00f3 la presencia de tantas familias y asegur\u00f3 que todas las \u00e1reas del Municipio estar\u00e1n disponibles para este proyecto.<\/p>\n\n\n\n<p>\u201cNadie bajar\u00e1 los brazos y nadie les dir\u00e1 que nos sentemos a esperar porque el Estado nacional decidi\u00f3 no acompa\u00f1ar con planes de vivienda, lo que necesitamos es que ustedes colectivamente abracen este sue\u00f1o y trabajemos juntos para que sea real\u201d, sostuvo.<\/p>\n\n\n\n<p>Durante su recorrida por las aulas donde se realizaban los talleres, el jefe comunal respondi\u00f3 preguntas de los asistentes, comparti\u00f3 inquietudes y reafirm\u00f3 que \u201cla garant\u00eda de concreci\u00f3n de este nuevo barrio se apoya en la acci\u00f3n colectiva de los vecinos, del Municipio y el compromiso que manifiesta el Estado provincial con San Mart\u00edn de los Andes\u201d.<\/p>\n\n\n\n<p>Saloniti agradeci\u00f3 al equipo de Vivienda y al Consejo Asesor y ratific\u00f3 que los talleres y los encuentros que vengan tendr\u00e1n como clave \u201ccompartir con las vecinas y vecinos toda la informaci\u00f3n de la que dispongamos\u201d, para \u201cser transparentes y para que, con esa informaci\u00f3n y con la verdad, tiremos todos del mismo carro\u201d.<\/p>\n\n\n\n<p>Al final de cada taller en cada aula, y en el cierre general realizado en el gimnasio del Cpem 57, se le pidi\u00f3 a las vecinas y vecinos que levanten la mano quienes est\u00e9n dispuestos a acompa\u00f1ar de manera colectiva este camino que se inicia con la tenencia de los lotes. La respuesta un\u00e1nime y el aplauso final sellaron la convocatoria a un segundo taller en el mes de octubre, con recorridas por diferentes barrios para conocer diferentes formas de organizaci\u00f3n de vecinas y vecinos.<\/p>\n\n\n\n<figure class=\"wp-block-gallery has-nested-images columns-default is-cropped wp-block-gallery-6 is-layout-flex wp-block-gallery-is-layout-flex\">\n<figure class=\"wp-block-image size-large\"><img loading=\"lazy\" decoding=\"async\" width=\"1024\" height=\"576\" data-id=\"2099\" src=\"https:\/\/prensa.sma.gob.ar\/wp-content\/uploads\/2024\/09\/WhatsApp-Image-2024-08-31-at-21.51.093-1024x576.jpeg\" alt=\"\" class=\"wp-image-2099\" srcset=\"https:\/\/prensa.sma.gob.ar\/wp-content\/uploads\/2024\/09\/WhatsApp-Image-2024-08-31-at-21.51.093-1024x576.jpeg 1024w, https:\/\/prensa.sma.gob.ar\/wp-content\/uploads\/2024\/09\/WhatsApp-Image-2024-08-31-at-21.51.093-300x169.jpeg 300w, https:\/\/prensa.sma.gob.ar\/wp-content\/uploads\/2024\/09\/WhatsApp-Image-2024-08-31-at-21.51.093-768x432.jpeg 768w, https:\/\/prensa.sma.gob.ar\/wp-content\/uploads\/2024\/09\/WhatsApp-Image-2024-08-31-at-21.51.093-1536x864.jpeg 1536w, https:\/\/prensa.sma.gob.ar\/wp-content\/uploads\/2024\/09\/WhatsApp-Image-2024-08-31-at-21.51.093-747x420.jpeg 747w, https:\/\/prensa.sma.gob.ar\/wp-content\/uploads\/2024\/09\/WhatsApp-Image-2024-08-31-at-21.51.093-696x392.jpeg 696w, https:\/\/prensa.sma.gob.ar\/wp-content\/uploads\/2024\/09\/WhatsApp-Image-2024-08-31-at-21.51.093-1068x601.jpeg 1068w, https:\/\/prensa.sma.gob.ar\/wp-content\/uploads\/2024\/09\/WhatsApp-Image-2024-08-31-at-21.51.093.jpeg 1600w\" sizes=\"auto, (max-width: 1024px) 100vw, 1024px\" \/><\/figure>\n\n\n\n<figure class=\"wp-block-image size-large\"><img loading=\"lazy\" decoding=\"async\" width=\"1024\" height=\"576\" data-id=\"2097\" src=\"https:\/\/prensa.sma.gob.ar\/wp-content\/uploads\/2024\/09\/WhatsApp-Image-2024-08-31-at-21.51.092-1024x576.jpeg\" alt=\"\" class=\"wp-image-2097\" srcset=\"https:\/\/prensa.sma.gob.ar\/wp-content\/uploads\/2024\/09\/WhatsApp-Image-2024-08-31-at-21.51.092-1024x576.jpeg 1024w, https:\/\/prensa.sma.gob.ar\/wp-content\/uploads\/2024\/09\/WhatsApp-Image-2024-08-31-at-21.51.092-300x169.jpeg 300w, https:\/\/prensa.sma.gob.ar\/wp-content\/uploads\/2024\/09\/WhatsApp-Image-2024-08-31-at-21.51.092-768x432.jpeg 768w, https:\/\/prensa.sma.gob.ar\/wp-content\/uploads\/2024\/09\/WhatsApp-Image-2024-08-31-at-21.51.092-1536x864.jpeg 1536w, https:\/\/prensa.sma.gob.ar\/wp-content\/uploads\/2024\/09\/WhatsApp-Image-2024-08-31-at-21.51.092-747x420.jpeg 747w, https:\/\/prensa.sma.gob.ar\/wp-content\/uploads\/2024\/09\/WhatsApp-Image-2024-08-31-at-21.51.092-696x392.jpeg 696w, https:\/\/prensa.sma.gob.ar\/wp-content\/uploads\/2024\/09\/WhatsApp-Image-2024-08-31-at-21.51.092-1068x601.jpeg 1068w, https:\/\/prensa.sma.gob.ar\/wp-content\/uploads\/2024\/09\/WhatsApp-Image-2024-08-31-at-21.51.092.jpeg 1600w\" sizes=\"auto, (max-width: 1024px) 100vw, 1024px\" \/><\/figure>\n\n\n\n<figure class=\"wp-block-image size-large\"><img loading=\"lazy\" decoding=\"async\" width=\"1024\" height=\"764\" data-id=\"2098\" src=\"https:\/\/prensa.sma.gob.ar\/wp-content\/uploads\/2024\/09\/WhatsApp-Image-2024-08-31-at-21.51.085-1024x764.jpeg\" alt=\"\" class=\"wp-image-2098\" srcset=\"https:\/\/prensa.sma.gob.ar\/wp-content\/uploads\/2024\/09\/WhatsApp-Image-2024-08-31-at-21.51.085-1024x764.jpeg 1024w, https:\/\/prensa.sma.gob.ar\/wp-content\/uploads\/2024\/09\/WhatsApp-Image-2024-08-31-at-21.51.085-300x224.jpeg 300w, https:\/\/prensa.sma.gob.ar\/wp-content\/uploads\/2024\/09\/WhatsApp-Image-2024-08-31-at-21.51.085-768x573.jpeg 768w, https:\/\/prensa.sma.gob.ar\/wp-content\/uploads\/2024\/09\/WhatsApp-Image-2024-08-31-at-21.51.085-1536x1146.jpeg 1536w, https:\/\/prensa.sma.gob.ar\/wp-content\/uploads\/2024\/09\/WhatsApp-Image-2024-08-31-at-21.51.085-563x420.jpeg 563w, https:\/\/prensa.sma.gob.ar\/wp-content\/uploads\/2024\/09\/WhatsApp-Image-2024-08-31-at-21.51.085-80x60.jpeg 80w, https:\/\/prensa.sma.gob.ar\/wp-content\/uploads\/2024\/09\/WhatsApp-Image-2024-08-31-at-21.51.085-696x519.jpeg 696w, https:\/\/prensa.sma.gob.ar\/wp-content\/uploads\/2024\/09\/WhatsApp-Image-2024-08-31-at-21.51.085-1068x797.jpeg 1068w, https:\/\/prensa.sma.gob.ar\/wp-content\/uploads\/2024\/09\/WhatsApp-Image-2024-08-31-at-21.51.085.jpeg 1600w\" sizes=\"auto, (max-width: 1024px) 100vw, 1024px\" \/><\/figure>\n\n\n\n<figure class=\"wp-block-image size-large\"><img loading=\"lazy\" decoding=\"async\" width=\"1024\" height=\"596\" data-id=\"2096\" src=\"https:\/\/prensa.sma.gob.ar\/wp-content\/uploads\/2024\/09\/WhatsApp-Image-2024-08-31-at-21.51.084-1024x596.jpeg\" alt=\"\" class=\"wp-image-2096\" srcset=\"https:\/\/prensa.sma.gob.ar\/wp-content\/uploads\/2024\/09\/WhatsApp-Image-2024-08-31-at-21.51.084-1024x596.jpeg 1024w, https:\/\/prensa.sma.gob.ar\/wp-content\/uploads\/2024\/09\/WhatsApp-Image-2024-08-31-at-21.51.084-300x175.jpeg 300w, https:\/\/prensa.sma.gob.ar\/wp-content\/uploads\/2024\/09\/WhatsApp-Image-2024-08-31-at-21.51.084-768x447.jpeg 768w, https:\/\/prensa.sma.gob.ar\/wp-content\/uploads\/2024\/09\/WhatsApp-Image-2024-08-31-at-21.51.084-1536x895.jpeg 1536w, https:\/\/prensa.sma.gob.ar\/wp-content\/uploads\/2024\/09\/WhatsApp-Image-2024-08-31-at-21.51.084-721x420.jpeg 721w, https:\/\/prensa.sma.gob.ar\/wp-content\/uploads\/2024\/09\/WhatsApp-Image-2024-08-31-at-21.51.084-696x405.jpeg 696w, https:\/\/prensa.sma.gob.ar\/wp-content\/uploads\/2024\/09\/WhatsApp-Image-2024-08-31-at-21.51.084-1068x622.jpeg 1068w, https:\/\/prensa.sma.gob.ar\/wp-content\/uploads\/2024\/09\/WhatsApp-Image-2024-08-31-at-21.51.084.jpeg 1600w\" sizes=\"auto, (max-width: 1024px) 100vw, 1024px\" \/><\/figure>\n\n\n\n<figure class=\"wp-block-image size-large\"><img loading=\"lazy\" decoding=\"async\" width=\"1024\" height=\"644\" data-id=\"2100\" src=\"https:\/\/prensa.sma.gob.ar\/wp-content\/uploads\/2024\/09\/WhatsApp-Image-2024-08-31-at-21.51.083-1024x644.jpeg\" alt=\"\" class=\"wp-image-2100\" srcset=\"https:\/\/prensa.sma.gob.ar\/wp-content\/uploads\/2024\/09\/WhatsApp-Image-2024-08-31-at-21.51.083-1024x644.jpeg 1024w, https:\/\/prensa.sma.gob.ar\/wp-content\/uploads\/2024\/09\/WhatsApp-Image-2024-08-31-at-21.51.083-300x189.jpeg 300w, https:\/\/prensa.sma.gob.ar\/wp-content\/uploads\/2024\/09\/WhatsApp-Image-2024-08-31-at-21.51.083-768x483.jpeg 768w, https:\/\/prensa.sma.gob.ar\/wp-content\/uploads\/2024\/09\/WhatsApp-Image-2024-08-31-at-21.51.083-1536x966.jpeg 1536w, https:\/\/prensa.sma.gob.ar\/wp-content\/uploads\/2024\/09\/WhatsApp-Image-2024-08-31-at-21.51.083-668x420.jpeg 668w, https:\/\/prensa.sma.gob.ar\/wp-content\/uploads\/2024\/09\/WhatsApp-Image-2024-08-31-at-21.51.083-696x438.jpeg 696w, https:\/\/prensa.sma.gob.ar\/wp-content\/uploads\/2024\/09\/WhatsApp-Image-2024-08-31-at-21.51.083-1068x672.jpeg 1068w, https:\/\/prensa.sma.gob.ar\/wp-content\/uploads\/2024\/09\/WhatsApp-Image-2024-08-31-at-21.51.083.jpeg 1600w\" sizes=\"auto, (max-width: 1024px) 100vw, 1024px\" \/><\/figure>\n\n\n\n<figure class=\"wp-block-image size-large\"><img loading=\"lazy\" decoding=\"async\" width=\"1024\" height=\"576\" data-id=\"2102\" src=\"https:\/\/prensa.sma.gob.ar\/wp-content\/uploads\/2024\/09\/WhatsApp-Image-2024-08-31-at-21.51.075-1024x576.jpeg\" alt=\"\" class=\"wp-image-2102\" srcset=\"https:\/\/prensa.sma.gob.ar\/wp-content\/uploads\/2024\/09\/WhatsApp-Image-2024-08-31-at-21.51.075-1024x576.jpeg 1024w, https:\/\/prensa.sma.gob.ar\/wp-content\/uploads\/2024\/09\/WhatsApp-Image-2024-08-31-at-21.51.075-300x169.jpeg 300w, https:\/\/prensa.sma.gob.ar\/wp-content\/uploads\/2024\/09\/WhatsApp-Image-2024-08-31-at-21.51.075-768x432.jpeg 768w, https:\/\/prensa.sma.gob.ar\/wp-content\/uploads\/2024\/09\/WhatsApp-Image-2024-08-31-at-21.51.075-1536x864.jpeg 1536w, https:\/\/prensa.sma.gob.ar\/wp-content\/uploads\/2024\/09\/WhatsApp-Image-2024-08-31-at-21.51.075-747x420.jpeg 747w, https:\/\/prensa.sma.gob.ar\/wp-content\/uploads\/2024\/09\/WhatsApp-Image-2024-08-31-at-21.51.075-696x392.jpeg 696w, https:\/\/prensa.sma.gob.ar\/wp-content\/uploads\/2024\/09\/WhatsApp-Image-2024-08-31-at-21.51.075-1068x601.jpeg 1068w, https:\/\/prensa.sma.gob.ar\/wp-content\/uploads\/2024\/09\/WhatsApp-Image-2024-08-31-at-21.51.075.jpeg 1600w\" sizes=\"auto, (max-width: 1024px) 100vw, 1024px\" \/><\/figure>\n\n\n\n<figure class=\"wp-block-image size-large\"><img loading=\"lazy\" decoding=\"async\" width=\"1024\" height=\"576\" data-id=\"2101\" src=\"https:\/\/prensa.sma.gob.ar\/wp-content\/uploads\/2024\/09\/WhatsApp-Image-2024-08-31-at-21.51.074-1024x576.jpeg\" alt=\"\" class=\"wp-image-2101\" srcset=\"https:\/\/prensa.sma.gob.ar\/wp-content\/uploads\/2024\/09\/WhatsApp-Image-2024-08-31-at-21.51.074-1024x576.jpeg 1024w, https:\/\/prensa.sma.gob.ar\/wp-content\/uploads\/2024\/09\/WhatsApp-Image-2024-08-31-at-21.51.074-300x169.jpeg 300w, https:\/\/prensa.sma.gob.ar\/wp-content\/uploads\/2024\/09\/WhatsApp-Image-2024-08-31-at-21.51.074-768x432.jpeg 768w, https:\/\/prensa.sma.gob.ar\/wp-content\/uploads\/2024\/09\/WhatsApp-Image-2024-08-31-at-21.51.074-1536x864.jpeg 1536w, https:\/\/prensa.sma.gob.ar\/wp-content\/uploads\/2024\/09\/WhatsApp-Image-2024-08-31-at-21.51.074-747x420.jpeg 747w, https:\/\/prensa.sma.gob.ar\/wp-content\/uploads\/2024\/09\/WhatsApp-Image-2024-08-31-at-21.51.074-696x392.jpeg 696w, https:\/\/prensa.sma.gob.ar\/wp-content\/uploads\/2024\/09\/WhatsApp-Image-2024-08-31-at-21.51.074-1068x601.jpeg 1068w, https:\/\/prensa.sma.gob.ar\/wp-content\/uploads\/2024\/09\/WhatsApp-Image-2024-08-31-at-21.51.074.jpeg 1600w\" sizes=\"auto, (max-width: 1024px) 100vw, 1024px\" \/><\/figure>\n\n\n\n<figure class=\"wp-block-image size-large\"><img loading=\"lazy\" decoding=\"async\" width=\"1024\" height=\"611\" data-id=\"2103\" src=\"https:\/\/prensa.sma.gob.ar\/wp-content\/uploads\/2024\/09\/WhatsApp-Image-2024-08-31-at-21.51.073-1024x611.jpeg\" alt=\"\" class=\"wp-image-2103\" srcset=\"https:\/\/prensa.sma.gob.ar\/wp-content\/uploads\/2024\/09\/WhatsApp-Image-2024-08-31-at-21.51.073-1024x611.jpeg 1024w, https:\/\/prensa.sma.gob.ar\/wp-content\/uploads\/2024\/09\/WhatsApp-Image-2024-08-31-at-21.51.073-300x179.jpeg 300w, https:\/\/prensa.sma.gob.ar\/wp-content\/uploads\/2024\/09\/WhatsApp-Image-2024-08-31-at-21.51.073-768x458.jpeg 768w, https:\/\/prensa.sma.gob.ar\/wp-content\/uploads\/2024\/09\/WhatsApp-Image-2024-08-31-at-21.51.073-1536x917.jpeg 1536w, https:\/\/prensa.sma.gob.ar\/wp-content\/uploads\/2024\/09\/WhatsApp-Image-2024-08-31-at-21.51.073-704x420.jpeg 704w, https:\/\/prensa.sma.gob.ar\/wp-content\/uploads\/2024\/09\/WhatsApp-Image-2024-08-31-at-21.51.073-696x415.jpeg 696w, https:\/\/prensa.sma.gob.ar\/wp-content\/uploads\/2024\/09\/WhatsApp-Image-2024-08-31-at-21.51.073-1068x637.jpeg 1068w, https:\/\/prensa.sma.gob.ar\/wp-content\/uploads\/2024\/09\/WhatsApp-Image-2024-08-31-at-21.51.073.jpeg 1600w\" sizes=\"auto, (max-width: 1024px) 100vw, 1024px\" \/><\/figure>\n\n\n\n<figure class=\"wp-block-image size-large\"><img loading=\"lazy\" decoding=\"async\" width=\"1024\" height=\"576\" data-id=\"2104\" src=\"https:\/\/prensa.sma.gob.ar\/wp-content\/uploads\/2024\/09\/WhatsApp-Image-2024-08-31-at-21.51.063-1024x576.jpeg\" alt=\"\" class=\"wp-image-2104\" srcset=\"https:\/\/prensa.sma.gob.ar\/wp-content\/uploads\/2024\/09\/WhatsApp-Image-2024-08-31-at-21.51.063-1024x576.jpeg 1024w, https:\/\/prensa.sma.gob.ar\/wp-content\/uploads\/2024\/09\/WhatsApp-Image-2024-08-31-at-21.51.063-300x169.jpeg 300w, https:\/\/prensa.sma.gob.ar\/wp-content\/uploads\/2024\/09\/WhatsApp-Image-2024-08-31-at-21.51.063-768x432.jpeg 768w, https:\/\/prensa.sma.gob.ar\/wp-content\/uploads\/2024\/09\/WhatsApp-Image-2024-08-31-at-21.51.063-1536x864.jpeg 1536w, https:\/\/prensa.sma.gob.ar\/wp-content\/uploads\/2024\/09\/WhatsApp-Image-2024-08-31-at-21.51.063-747x420.jpeg 747w, https:\/\/prensa.sma.gob.ar\/wp-content\/uploads\/2024\/09\/WhatsApp-Image-2024-08-31-at-21.51.063-696x392.jpeg 696w, https:\/\/prensa.sma.gob.ar\/wp-content\/uploads\/2024\/09\/WhatsApp-Image-2024-08-31-at-21.51.063-1068x601.jpeg 1068w, https:\/\/prensa.sma.gob.ar\/wp-content\/uploads\/2024\/09\/WhatsApp-Image-2024-08-31-at-21.51.063.jpeg 1600w\" sizes=\"auto, (max-width: 1024px) 100vw, 1024px\" \/><\/figure>\n\n\n\n<figure class=\"wp-block-image size-large\"><img loading=\"lazy\" decoding=\"async\" width=\"1024\" height=\"669\" data-id=\"2106\" src=\"https:\/\/prensa.sma.gob.ar\/wp-content\/uploads\/2024\/09\/WhatsApp-Image-2024-08-31-at-21.51.062-1024x669.jpeg\" alt=\"\" class=\"wp-image-2106\" srcset=\"https:\/\/prensa.sma.gob.ar\/wp-content\/uploads\/2024\/09\/WhatsApp-Image-2024-08-31-at-21.51.062-1024x669.jpeg 1024w, https:\/\/prensa.sma.gob.ar\/wp-content\/uploads\/2024\/09\/WhatsApp-Image-2024-08-31-at-21.51.062-300x196.jpeg 300w, https:\/\/prensa.sma.gob.ar\/wp-content\/uploads\/2024\/09\/WhatsApp-Image-2024-08-31-at-21.51.062-768x502.jpeg 768w, https:\/\/prensa.sma.gob.ar\/wp-content\/uploads\/2024\/09\/WhatsApp-Image-2024-08-31-at-21.51.062-1536x1003.jpeg 1536w, https:\/\/prensa.sma.gob.ar\/wp-content\/uploads\/2024\/09\/WhatsApp-Image-2024-08-31-at-21.51.062-643x420.jpeg 643w, https:\/\/prensa.sma.gob.ar\/wp-content\/uploads\/2024\/09\/WhatsApp-Image-2024-08-31-at-21.51.062-696x455.jpeg 696w, https:\/\/prensa.sma.gob.ar\/wp-content\/uploads\/2024\/09\/WhatsApp-Image-2024-08-31-at-21.51.062-1068x698.jpeg 1068w, https:\/\/prensa.sma.gob.ar\/wp-content\/uploads\/2024\/09\/WhatsApp-Image-2024-08-31-at-21.51.062.jpeg 1600w\" sizes=\"auto, (max-width: 1024px) 100vw, 1024px\" \/><\/figure>\n\n\n\n<figure class=\"wp-block-image size-large\"><img loading=\"lazy\" decoding=\"async\" width=\"1024\" height=\"601\" data-id=\"2105\" src=\"https:\/\/prensa.sma.gob.ar\/wp-content\/uploads\/2024\/09\/WhatsApp-Image-2024-08-31-at-21.51.033-1024x601.jpeg\" alt=\"\" class=\"wp-image-2105\" srcset=\"https:\/\/prensa.sma.gob.ar\/wp-content\/uploads\/2024\/09\/WhatsApp-Image-2024-08-31-at-21.51.033-1024x601.jpeg 1024w, https:\/\/prensa.sma.gob.ar\/wp-content\/uploads\/2024\/09\/WhatsApp-Image-2024-08-31-at-21.51.033-300x176.jpeg 300w, https:\/\/prensa.sma.gob.ar\/wp-content\/uploads\/2024\/09\/WhatsApp-Image-2024-08-31-at-21.51.033-768x451.jpeg 768w, https:\/\/prensa.sma.gob.ar\/wp-content\/uploads\/2024\/09\/WhatsApp-Image-2024-08-31-at-21.51.033-1536x901.jpeg 1536w, https:\/\/prensa.sma.gob.ar\/wp-content\/uploads\/2024\/09\/WhatsApp-Image-2024-08-31-at-21.51.033-716x420.jpeg 716w, https:\/\/prensa.sma.gob.ar\/wp-content\/uploads\/2024\/09\/WhatsApp-Image-2024-08-31-at-21.51.033-696x408.jpeg 696w, https:\/\/prensa.sma.gob.ar\/wp-content\/uploads\/2024\/09\/WhatsApp-Image-2024-08-31-at-21.51.033-1068x627.jpeg 1068w, https:\/\/prensa.sma.gob.ar\/wp-content\/uploads\/2024\/09\/WhatsApp-Image-2024-08-31-at-21.51.033.jpeg 1600w\" sizes=\"auto, (max-width: 1024px) 100vw, 1024px\" \/><\/figure>\n\n\n\n<figure class=\"wp-block-image size-large\"><img loading=\"lazy\" decoding=\"async\" width=\"1024\" height=\"576\" data-id=\"2107\" src=\"https:\/\/prensa.sma.gob.ar\/wp-content\/uploads\/2024\/09\/WhatsApp-Image-2024-08-31-at-21.51.013-1024x576.jpeg\" alt=\"\" class=\"wp-image-2107\" srcset=\"https:\/\/prensa.sma.gob.ar\/wp-content\/uploads\/2024\/09\/WhatsApp-Image-2024-08-31-at-21.51.013-1024x576.jpeg 1024w, https:\/\/prensa.sma.gob.ar\/wp-content\/uploads\/2024\/09\/WhatsApp-Image-2024-08-31-at-21.51.013-300x169.jpeg 300w, https:\/\/prensa.sma.gob.ar\/wp-content\/uploads\/2024\/09\/WhatsApp-Image-2024-08-31-at-21.51.013-768x432.jpeg 768w, https:\/\/prensa.sma.gob.ar\/wp-content\/uploads\/2024\/09\/WhatsApp-Image-2024-08-31-at-21.51.013-1536x864.jpeg 1536w, https:\/\/prensa.sma.gob.ar\/wp-content\/uploads\/2024\/09\/WhatsApp-Image-2024-08-31-at-21.51.013-747x420.jpeg 747w, https:\/\/prensa.sma.gob.ar\/wp-content\/uploads\/2024\/09\/WhatsApp-Image-2024-08-31-at-21.51.013-696x392.jpeg 696w, https:\/\/prensa.sma.gob.ar\/wp-content\/uploads\/2024\/09\/WhatsApp-Image-2024-08-31-at-21.51.013-1068x601.jpeg 1068w, https:\/\/prensa.sma.gob.ar\/wp-content\/uploads\/2024\/09\/WhatsApp-Image-2024-08-31-at-21.51.013.jpeg 1600w\" sizes=\"auto, (max-width: 1024px) 100vw, 1024px\" \/><\/figure>\n<\/figure>\n\n\n\n<figure class=\"wp-block-gallery has-nested-images columns-default is-cropped wp-block-gallery-7 is-layout-flex wp-block-gallery-is-layout-flex\">\n<figure class=\"wp-block-image size-large\"><img loading=\"lazy\" decoding=\"async\" width=\"1024\" height=\"626\" data-id=\"2087\" src=\"https:\/\/prensa.sma.gob.ar\/wp-content\/uploads\/2024\/09\/WhatsApp-Image-2024-08-31-at-21.50.22-1024x626.jpeg\" alt=\"\" class=\"wp-image-2087\" srcset=\"https:\/\/prensa.sma.gob.ar\/wp-content\/uploads\/2024\/09\/WhatsApp-Image-2024-08-31-at-21.50.22-1024x626.jpeg 1024w, https:\/\/prensa.sma.gob.ar\/wp-content\/uploads\/2024\/09\/WhatsApp-Image-2024-08-31-at-21.50.22-300x183.jpeg 300w, https:\/\/prensa.sma.gob.ar\/wp-content\/uploads\/2024\/09\/WhatsApp-Image-2024-08-31-at-21.50.22-768x469.jpeg 768w, https:\/\/prensa.sma.gob.ar\/wp-content\/uploads\/2024\/09\/WhatsApp-Image-2024-08-31-at-21.50.22-1536x939.jpeg 1536w, https:\/\/prensa.sma.gob.ar\/wp-content\/uploads\/2024\/09\/WhatsApp-Image-2024-08-31-at-21.50.22-687x420.jpeg 687w, https:\/\/prensa.sma.gob.ar\/wp-content\/uploads\/2024\/09\/WhatsApp-Image-2024-08-31-at-21.50.22-696x425.jpeg 696w, https:\/\/prensa.sma.gob.ar\/wp-content\/uploads\/2024\/09\/WhatsApp-Image-2024-08-31-at-21.50.22-1068x653.jpeg 1068w, https:\/\/prensa.sma.gob.ar\/wp-content\/uploads\/2024\/09\/WhatsApp-Image-2024-08-31-at-21.50.22.jpeg 1600w\" sizes=\"auto, (max-width: 1024px) 100vw, 1024px\" \/><\/figure>\n\n\n\n<figure class=\"wp-block-image size-large\"><img loading=\"lazy\" decoding=\"async\" width=\"1024\" height=\"576\" data-id=\"2086\" src=\"https:\/\/prensa.sma.gob.ar\/wp-content\/uploads\/2024\/09\/WhatsApp-Image-2024-08-31-at-21.50.221-1024x576.jpeg\" alt=\"\" class=\"wp-image-2086\" srcset=\"https:\/\/prensa.sma.gob.ar\/wp-content\/uploads\/2024\/09\/WhatsApp-Image-2024-08-31-at-21.50.221-1024x576.jpeg 1024w, https:\/\/prensa.sma.gob.ar\/wp-content\/uploads\/2024\/09\/WhatsApp-Image-2024-08-31-at-21.50.221-300x169.jpeg 300w, https:\/\/prensa.sma.gob.ar\/wp-content\/uploads\/2024\/09\/WhatsApp-Image-2024-08-31-at-21.50.221-768x432.jpeg 768w, https:\/\/prensa.sma.gob.ar\/wp-content\/uploads\/2024\/09\/WhatsApp-Image-2024-08-31-at-21.50.221-1536x864.jpeg 1536w, https:\/\/prensa.sma.gob.ar\/wp-content\/uploads\/2024\/09\/WhatsApp-Image-2024-08-31-at-21.50.221-747x420.jpeg 747w, https:\/\/prensa.sma.gob.ar\/wp-content\/uploads\/2024\/09\/WhatsApp-Image-2024-08-31-at-21.50.221-696x392.jpeg 696w, https:\/\/prensa.sma.gob.ar\/wp-content\/uploads\/2024\/09\/WhatsApp-Image-2024-08-31-at-21.50.221-1068x601.jpeg 1068w, https:\/\/prensa.sma.gob.ar\/wp-content\/uploads\/2024\/09\/WhatsApp-Image-2024-08-31-at-21.50.221.jpeg 1600w\" sizes=\"auto, (max-width: 1024px) 100vw, 1024px\" \/><\/figure>\n\n\n\n<figure class=\"wp-block-image size-large\"><img loading=\"lazy\" decoding=\"async\" width=\"1024\" height=\"576\" data-id=\"2085\" src=\"https:\/\/prensa.sma.gob.ar\/wp-content\/uploads\/2024\/09\/WhatsApp-Image-2024-08-31-at-21.50.23-1024x576.jpeg\" alt=\"\" class=\"wp-image-2085\" srcset=\"https:\/\/prensa.sma.gob.ar\/wp-content\/uploads\/2024\/09\/WhatsApp-Image-2024-08-31-at-21.50.23-1024x576.jpeg 1024w, https:\/\/prensa.sma.gob.ar\/wp-content\/uploads\/2024\/09\/WhatsApp-Image-2024-08-31-at-21.50.23-300x169.jpeg 300w, https:\/\/prensa.sma.gob.ar\/wp-content\/uploads\/2024\/09\/WhatsApp-Image-2024-08-31-at-21.50.23-768x432.jpeg 768w, https:\/\/prensa.sma.gob.ar\/wp-content\/uploads\/2024\/09\/WhatsApp-Image-2024-08-31-at-21.50.23-1536x864.jpeg 1536w, https:\/\/prensa.sma.gob.ar\/wp-content\/uploads\/2024\/09\/WhatsApp-Image-2024-08-31-at-21.50.23-747x420.jpeg 747w, https:\/\/prensa.sma.gob.ar\/wp-content\/uploads\/2024\/09\/WhatsApp-Image-2024-08-31-at-21.50.23-696x392.jpeg 696w, https:\/\/prensa.sma.gob.ar\/wp-content\/uploads\/2024\/09\/WhatsApp-Image-2024-08-31-at-21.50.23-1068x601.jpeg 1068w, https:\/\/prensa.sma.gob.ar\/wp-content\/uploads\/2024\/09\/WhatsApp-Image-2024-08-31-at-21.50.23.jpeg 1600w\" sizes=\"auto, (max-width: 1024px) 100vw, 1024px\" \/><\/figure>\n\n\n\n<figure class=\"wp-block-image size-large\"><img loading=\"lazy\" decoding=\"async\" width=\"1024\" height=\"585\" data-id=\"2089\" src=\"https:\/\/prensa.sma.gob.ar\/wp-content\/uploads\/2024\/09\/WhatsApp-Image-2024-08-31-at-21.50.13-1024x585.jpeg\" alt=\"\" class=\"wp-image-2089\" srcset=\"https:\/\/prensa.sma.gob.ar\/wp-content\/uploads\/2024\/09\/WhatsApp-Image-2024-08-31-at-21.50.13-1024x585.jpeg 1024w, https:\/\/prensa.sma.gob.ar\/wp-content\/uploads\/2024\/09\/WhatsApp-Image-2024-08-31-at-21.50.13-300x171.jpeg 300w, https:\/\/prensa.sma.gob.ar\/wp-content\/uploads\/2024\/09\/WhatsApp-Image-2024-08-31-at-21.50.13-768x439.jpeg 768w, https:\/\/prensa.sma.gob.ar\/wp-content\/uploads\/2024\/09\/WhatsApp-Image-2024-08-31-at-21.50.13-1536x877.jpeg 1536w, https:\/\/prensa.sma.gob.ar\/wp-content\/uploads\/2024\/09\/WhatsApp-Image-2024-08-31-at-21.50.13-735x420.jpeg 735w, https:\/\/prensa.sma.gob.ar\/wp-content\/uploads\/2024\/09\/WhatsApp-Image-2024-08-31-at-21.50.13-696x398.jpeg 696w, https:\/\/prensa.sma.gob.ar\/wp-content\/uploads\/2024\/09\/WhatsApp-Image-2024-08-31-at-21.50.13-1068x610.jpeg 1068w, https:\/\/prensa.sma.gob.ar\/wp-content\/uploads\/2024\/09\/WhatsApp-Image-2024-08-31-at-21.50.13.jpeg 1600w\" sizes=\"auto, (max-width: 1024px) 100vw, 1024px\" \/><\/figure>\n\n\n\n<figure class=\"wp-block-image size-large\"><img loading=\"lazy\" decoding=\"async\" width=\"1024\" height=\"576\" data-id=\"2010\" src=\"https:\/\/prensa.sma.gob.ar\/wp-content\/uploads\/2024\/09\/WhatsApp-Image-2024-08-31-at-21.51.042-1024x576.jpeg\" alt=\"\" class=\"wp-image-2010\" srcset=\"https:\/\/prensa.sma.gob.ar\/wp-content\/uploads\/2024\/09\/WhatsApp-Image-2024-08-31-at-21.51.042-1024x576.jpeg 1024w, https:\/\/prensa.sma.gob.ar\/wp-content\/uploads\/2024\/09\/WhatsApp-Image-2024-08-31-at-21.51.042-300x169.jpeg 300w, https:\/\/prensa.sma.gob.ar\/wp-content\/uploads\/2024\/09\/WhatsApp-Image-2024-08-31-at-21.51.042-768x432.jpeg 768w, https:\/\/prensa.sma.gob.ar\/wp-content\/uploads\/2024\/09\/WhatsApp-Image-2024-08-31-at-21.51.042-1536x864.jpeg 1536w, https:\/\/prensa.sma.gob.ar\/wp-content\/uploads\/2024\/09\/WhatsApp-Image-2024-08-31-at-21.51.042-747x420.jpeg 747w, https:\/\/prensa.sma.gob.ar\/wp-content\/uploads\/2024\/09\/WhatsApp-Image-2024-08-31-at-21.51.042-696x392.jpeg 696w, https:\/\/prensa.sma.gob.ar\/wp-content\/uploads\/2024\/09\/WhatsApp-Image-2024-08-31-at-21.51.042-1068x601.jpeg 1068w, https:\/\/prensa.sma.gob.ar\/wp-content\/uploads\/2024\/09\/WhatsApp-Image-2024-08-31-at-21.51.042.jpeg 1600w\" sizes=\"auto, (max-width: 1024px) 100vw, 1024px\" \/><\/figure>\n\n\n\n<figure class=\"wp-block-image size-large\"><img loading=\"lazy\" decoding=\"async\" width=\"1024\" height=\"576\" data-id=\"2012\" src=\"https:\/\/prensa.sma.gob.ar\/wp-content\/uploads\/2024\/09\/WhatsApp-Image-2024-08-31-at-21.51.04-1024x576.jpeg\" alt=\"\" class=\"wp-image-2012\" srcset=\"https:\/\/prensa.sma.gob.ar\/wp-content\/uploads\/2024\/09\/WhatsApp-Image-2024-08-31-at-21.51.04-1024x576.jpeg 1024w, https:\/\/prensa.sma.gob.ar\/wp-content\/uploads\/2024\/09\/WhatsApp-Image-2024-08-31-at-21.51.04-300x169.jpeg 300w, https:\/\/prensa.sma.gob.ar\/wp-content\/uploads\/2024\/09\/WhatsApp-Image-2024-08-31-at-21.51.04-768x432.jpeg 768w, https:\/\/prensa.sma.gob.ar\/wp-content\/uploads\/2024\/09\/WhatsApp-Image-2024-08-31-at-21.51.04-1536x864.jpeg 1536w, https:\/\/prensa.sma.gob.ar\/wp-content\/uploads\/2024\/09\/WhatsApp-Image-2024-08-31-at-21.51.04-747x420.jpeg 747w, https:\/\/prensa.sma.gob.ar\/wp-content\/uploads\/2024\/09\/WhatsApp-Image-2024-08-31-at-21.51.04-696x392.jpeg 696w, https:\/\/prensa.sma.gob.ar\/wp-content\/uploads\/2024\/09\/WhatsApp-Image-2024-08-31-at-21.51.04-1068x601.jpeg 1068w, https:\/\/prensa.sma.gob.ar\/wp-content\/uploads\/2024\/09\/WhatsApp-Image-2024-08-31-at-21.51.04.jpeg 1600w\" sizes=\"auto, (max-width: 1024px) 100vw, 1024px\" \/><\/figure>\n<\/figure>\n","protected":false},"excerpt":{"rendered":"<p>Un aplauso cerrado y mucha emoci\u00f3n ante al camino que se inicia, coronaron la primera actividad colectiva de vecinas y vecinos que, en marzo pasado, se convirtieron en preadjudicatarios de 200 lotes en Chacra 30. Decenas de familias compartieron el primer encuentro, en formato de taller, junto al equipo del Consejo Asesor de la Vivienda, [&hellip;]<\/p>\n","protected":false},"author":2,"featured_media":2022,"comment_status":"closed","ping_status":"open","sticky":false,"template":"","format":"standard","meta":{"footnotes":""},"categories":[16,14,17,1,37],"tags":[],"class_list":{"0":"post-1996","1":"post","2":"type-post","3":"status-publish","4":"format-standard","5":"has-post-thumbnail","7":"category-destacadas","8":"category-noticias","9":"category-portada","10":"category-uncategorized","11":"category-vivienda"},"_links":{"self":[{"href":"https:\/\/prensa.sma.gob.ar\/index.php?rest_route=\/wp\/v2\/posts\/1996","targetHints":{"allow":["GET"]}}],"collection":[{"href":"https:\/\/prensa.sma.gob.ar\/index.php?rest_route=\/wp\/v2\/posts"}],"about":[{"href":"https:\/\/prensa.sma.gob.ar\/index.php?rest_route=\/wp\/v2\/types\/post"}],"author":[{"embeddable":true,"href":"https:\/\/prensa.sma.gob.ar\/index.php?rest_route=\/wp\/v2\/users\/2"}],"replies":[{"embeddable":true,"href":"https:\/\/prensa.sma.gob.ar\/index.php?rest_route=%2Fwp%2Fv2%2Fcomments&post=1996"}],"version-history":[{"count":7,"href":"https:\/\/prensa.sma.gob.ar\/index.php?rest_route=\/wp\/v2\/posts\/1996\/revisions"}],"predecessor-version":[{"id":2189,"href":"https:\/\/prensa.sma.gob.ar\/index.php?rest_route=\/wp\/v2\/posts\/1996\/revisions\/2189"}],"wp:featuredmedia":[{"embeddable":true,"href":"https:\/\/prensa.sma.gob.ar\/index.php?rest_route=\/wp\/v2\/media\/2022"}],"wp:attachment":[{"href":"https:\/\/prensa.sma.gob.ar\/index.php?rest_route=%2Fwp%2Fv2%2Fmedia&parent=1996"}],"wp:term":[{"taxonomy":"category","embeddable":true,"href":"https:\/\/prensa.sma.gob.ar\/index.php?rest_route=%2Fwp%2Fv2%2Fcategories&post=1996"},{"taxonomy":"post_tag","embeddable":true,"href":"https:\/\/prensa.sma.gob.ar\/index.php?rest_route=%2Fwp%2Fv2%2Ftags&post=1996"}],"curies":[{"name":"wp","href":"https:\/\/api.w.org\/{rel}","templated":true}]}}