{"id":2153,"date":"2024-10-05T10:35:45","date_gmt":"2024-10-05T10:35:45","guid":{"rendered":"https:\/\/prensa.sma.gob.ar\/?p=2153"},"modified":"2025-11-28T13:18:00","modified_gmt":"2025-11-28T13:18:00","slug":"horarios-del-transporte-urbano-en-san-martin-de-los-andes","status":"publish","type":"post","link":"https:\/\/prensa.sma.gob.ar\/?p=2153","title":{"rendered":"Horarios del transporte urbano en San Mart\u00edn de los Andes"},"content":{"rendered":"\n<p>Horarios del transporte urbano de pasajeros en San Mart\u00edn de los Andes. Informaci\u00f3n suministrada por la empresa Expreso Los Andes, a trav\u00e9s de la Direcci\u00f3n de Tr\u00e1nsito y Transporte del Municipio.<\/p>\n\n\n\n<p>Lunes a viernes, h\u00e1biles.<\/p>\n\n\n\n<div data-wp-interactive=\"core\/file\" class=\"wp-block-file\"><object data-wp-bind--hidden=\"!state.hasPdfPreview\" hidden class=\"wp-block-file__embed\" data=\"https:\/\/prensa.sma.gob.ar\/wp-content\/uploads\/2024\/10\/Horarios-lun-a-vier-Dic-2025.pdf\" type=\"application\/pdf\" style=\"width:100%;height:600px\" aria-label=\"Incrustado de Horarios lun a vier - Dic 2025.\"><\/object><a id=\"wp-block-file--media-0d8e33b9-9f7e-4163-a8e4-62e70b91ff90\" href=\"https:\/\/prensa.sma.gob.ar\/wp-content\/uploads\/2024\/10\/Horarios-lun-a-vier-Dic-2025.pdf\">Horarios lun a vier &#8211; Dic 2025<\/a><a href=\"https:\/\/prensa.sma.gob.ar\/wp-content\/uploads\/2024\/10\/Horarios-lun-a-vier-Dic-2025.pdf\" class=\"wp-block-file__button wp-element-button\" download aria-describedby=\"wp-block-file--media-0d8e33b9-9f7e-4163-a8e4-62e70b91ff90\">Descarga<\/a><\/div>\n\n\n\n<p>S\u00e1bados.<\/p>\n\n\n\n<figure class=\"wp-block-gallery has-nested-images columns-default is-cropped wp-block-gallery-1 is-layout-flex wp-block-gallery-is-layout-flex\"><\/figure>\n\n\n\n<div data-wp-interactive=\"core\/file\" class=\"wp-block-file\"><object data-wp-bind--hidden=\"!state.hasPdfPreview\" hidden class=\"wp-block-file__embed\" data=\"https:\/\/prensa.sma.gob.ar\/wp-content\/uploads\/2024\/10\/HORARIOS-SABADOS-1.pdf\" type=\"application\/pdf\" style=\"width:100%;height:600px\" aria-label=\"Incrustado de HORARIOS SABADOS.\"><\/object><a id=\"wp-block-file--media-09d46f83-c80d-49a8-9efb-20604fe9fff5\" href=\"https:\/\/prensa.sma.gob.ar\/wp-content\/uploads\/2024\/10\/HORARIOS-SABADOS-1.pdf\">HORARIOS SABADOS<\/a><a href=\"https:\/\/prensa.sma.gob.ar\/wp-content\/uploads\/2024\/10\/HORARIOS-SABADOS-1.pdf\" class=\"wp-block-file__button wp-element-button\" download aria-describedby=\"wp-block-file--media-09d46f83-c80d-49a8-9efb-20604fe9fff5\">Descarga<\/a><\/div>\n\n\n\n<p>Domingos y feriados.<\/p>\n\n\n\n<figure class=\"wp-block-gallery has-nested-images columns-default is-cropped wp-block-gallery-2 is-layout-flex wp-block-gallery-is-layout-flex\">\n<figure class=\"wp-block-image size-full\"><img loading=\"lazy\" decoding=\"async\" width=\"477\" height=\"606\" data-id=\"11154\" src=\"https:\/\/prensa.sma.gob.ar\/wp-content\/uploads\/2024\/10\/DOMINGOS-Y-FERIADOS.png\" alt=\"\" class=\"wp-image-11154\" srcset=\"https:\/\/prensa.sma.gob.ar\/wp-content\/uploads\/2024\/10\/DOMINGOS-Y-FERIADOS.png 477w, https:\/\/prensa.sma.gob.ar\/wp-content\/uploads\/2024\/10\/DOMINGOS-Y-FERIADOS-236x300.png 236w, https:\/\/prensa.sma.gob.ar\/wp-content\/uploads\/2024\/10\/DOMINGOS-Y-FERIADOS-331x420.png 331w\" sizes=\"auto, (max-width: 477px) 100vw, 477px\" \/><\/figure>\n<\/figure>\n\n\n\n<div class=\"wp-block-file\"><a id=\"wp-block-file--media-1f7cfc7a-7ee3-44db-80ee-dc660eeab560\" href=\"https:\/\/prensa.sma.gob.ar\/wp-content\/uploads\/2024\/10\/DOMINGOS-Y-FERIADOS-2.png\">DOMINGOS Y FERIADOS<\/a><a href=\"https:\/\/prensa.sma.gob.ar\/wp-content\/uploads\/2024\/10\/DOMINGOS-Y-FERIADOS-2.png\" class=\"wp-block-file__button wp-element-button\" download aria-describedby=\"wp-block-file--media-1f7cfc7a-7ee3-44db-80ee-dc660eeab560\">Descarga<\/a><\/div>\n\n\n\n<figure class=\"wp-block-gallery has-nested-images columns-default is-cropped wp-block-gallery-3 is-layout-flex wp-block-gallery-is-layout-flex\"><\/figure>\n\n\n\n<figure class=\"wp-block-image size-large\"><img loading=\"lazy\" decoding=\"async\" width=\"768\" height=\"1024\" src=\"https:\/\/prensa.sma.gob.ar\/wp-content\/uploads\/2025\/07\/WhatsApp-Image-2025-07-25-at-11.29.30-768x1024.jpeg\" alt=\"\" class=\"wp-image-8780\" srcset=\"https:\/\/prensa.sma.gob.ar\/wp-content\/uploads\/2025\/07\/WhatsApp-Image-2025-07-25-at-11.29.30-768x1024.jpeg 768w, https:\/\/prensa.sma.gob.ar\/wp-content\/uploads\/2025\/07\/WhatsApp-Image-2025-07-25-at-11.29.30-225x300.jpeg 225w, https:\/\/prensa.sma.gob.ar\/wp-content\/uploads\/2025\/07\/WhatsApp-Image-2025-07-25-at-11.29.30-1152x1536.jpeg 1152w, https:\/\/prensa.sma.gob.ar\/wp-content\/uploads\/2025\/07\/WhatsApp-Image-2025-07-25-at-11.29.30-315x420.jpeg 315w, https:\/\/prensa.sma.gob.ar\/wp-content\/uploads\/2025\/07\/WhatsApp-Image-2025-07-25-at-11.29.30-696x928.jpeg 696w, https:\/\/prensa.sma.gob.ar\/wp-content\/uploads\/2025\/07\/WhatsApp-Image-2025-07-25-at-11.29.30-1068x1424.jpeg 1068w, https:\/\/prensa.sma.gob.ar\/wp-content\/uploads\/2025\/07\/WhatsApp-Image-2025-07-25-at-11.29.30.jpeg 1200w\" sizes=\"auto, (max-width: 768px) 100vw, 768px\" \/><\/figure>\n","protected":false},"excerpt":{"rendered":"<p>Horarios del transporte urbano de pasajeros en San Mart\u00edn de los Andes. Informaci\u00f3n suministrada por la empresa Expreso Los Andes, a trav\u00e9s de la Direcci\u00f3n de Tr\u00e1nsito y Transporte del Municipio. Lunes a viernes, h\u00e1biles. S\u00e1bados. Domingos y feriados.<\/p>\n","protected":false},"author":2,"featured_media":2158,"comment_status":"closed","ping_status":"open","sticky":false,"template":"","format":"standard","meta":{"footnotes":""},"categories":[16,14],"tags":[],"class_list":{"0":"post-2153","1":"post","2":"type-post","3":"status-publish","4":"format-standard","5":"has-post-thumbnail","7":"category-destacadas","8":"category-noticias"},"_links":{"self":[{"href":"https:\/\/prensa.sma.gob.ar\/index.php?rest_route=\/wp\/v2\/posts\/2153","targetHints":{"allow":["GET"]}}],"collection":[{"href":"https:\/\/prensa.sma.gob.ar\/index.php?rest_route=\/wp\/v2\/posts"}],"about":[{"href":"https:\/\/prensa.sma.gob.ar\/index.php?rest_route=\/wp\/v2\/types\/post"}],"author":[{"embeddable":true,"href":"https:\/\/prensa.sma.gob.ar\/index.php?rest_route=\/wp\/v2\/users\/2"}],"replies":[{"embeddable":true,"href":"https:\/\/prensa.sma.gob.ar\/index.php?rest_route=%2Fwp%2Fv2%2Fcomments&post=2153"}],"version-history":[{"count":16,"href":"https:\/\/prensa.sma.gob.ar\/index.php?rest_route=\/wp\/v2\/posts\/2153\/revisions"}],"predecessor-version":[{"id":11407,"href":"https:\/\/prensa.sma.gob.ar\/index.php?rest_route=\/wp\/v2\/posts\/2153\/revisions\/11407"}],"wp:featuredmedia":[{"embeddable":true,"href":"https:\/\/prensa.sma.gob.ar\/index.php?rest_route=\/wp\/v2\/media\/2158"}],"wp:attachment":[{"href":"https:\/\/prensa.sma.gob.ar\/index.php?rest_route=%2Fwp%2Fv2%2Fmedia&parent=2153"}],"wp:term":[{"taxonomy":"category","embeddable":true,"href":"https:\/\/prensa.sma.gob.ar\/index.php?rest_route=%2Fwp%2Fv2%2Fcategories&post=2153"},{"taxonomy":"post_tag","embeddable":true,"href":"https:\/\/prensa.sma.gob.ar\/index.php?rest_route=%2Fwp%2Fv2%2Ftags&post=2153"}],"curies":[{"name":"wp","href":"https:\/\/api.w.org\/{rel}","templated":true}]}}