{"id":2177,"date":"2024-09-03T14:46:20","date_gmt":"2024-09-03T14:46:20","guid":{"rendered":"https:\/\/prensa.sma.gob.ar\/?p=2177"},"modified":"2024-09-03T14:53:42","modified_gmt":"2024-09-03T14:53:42","slug":"vecinas-y-vecinos-de-el-trebol-exploran-nuevas-herramientas-para-llevar-servicios-a-sus-lotes","status":"publish","type":"post","link":"https:\/\/prensa.sma.gob.ar\/?p=2177","title":{"rendered":"Vecinas y vecinos de El Tr\u00e9bol exploran nuevas herramientas para llevar servicios a sus lotes"},"content":{"rendered":"\n<p>El grupo de autogesti\u00f3n vecinal del barrio El Tr\u00e9bol de Kaleuche y funcionarios provinciales y municipales se reunieron para analizar nuevas herramientas de mejoramiento y provisi\u00f3n de servicios en sus lotes, experiencias que pueden replicarse en otros loteos de nuestra ciudad.<\/p>\n\n\n\n<p>Del encuentro, que se realiz\u00f3 este lunes en el Sal\u00f3n Municipal, con una gran asistencia, incluyendo concejales de diferentes bloques, surgi\u00f3 una iniciativa de cr\u00e9dito blando de la Direcci\u00f3n Provincial de Infraestructura y Desarrollo de Urbanismo, que ser\u00e1 evaluado por las familias.<\/p>\n\n\n\n<p>Por parte del grupo de autogesti\u00f3n vecinal, Marcelo Fern\u00e1ndez resumi\u00f3 la historia del proyecto comunitario y las necesidades para ir dando forma al barrio, b\u00e1sicamente en lo referido a los servicios. Luego, expusieron funcionarios y concejales, con varias ideas para desarrollar.<\/p>\n\n\n\n<figure class=\"wp-block-gallery has-nested-images columns-default is-cropped wp-block-gallery-1 is-layout-flex wp-block-gallery-is-layout-flex\">\n<figure class=\"wp-block-image size-large\"><img loading=\"lazy\" decoding=\"async\" width=\"768\" height=\"1024\" data-id=\"2178\" src=\"https:\/\/prensa.sma.gob.ar\/wp-content\/uploads\/2024\/09\/WhatsApp-Image-2024-09-02-at-22.42.56-768x1024.jpeg\" alt=\"\" class=\"wp-image-2178\" srcset=\"https:\/\/prensa.sma.gob.ar\/wp-content\/uploads\/2024\/09\/WhatsApp-Image-2024-09-02-at-22.42.56-768x1024.jpeg 768w, https:\/\/prensa.sma.gob.ar\/wp-content\/uploads\/2024\/09\/WhatsApp-Image-2024-09-02-at-22.42.56-225x300.jpeg 225w, https:\/\/prensa.sma.gob.ar\/wp-content\/uploads\/2024\/09\/WhatsApp-Image-2024-09-02-at-22.42.56-315x420.jpeg 315w, https:\/\/prensa.sma.gob.ar\/wp-content\/uploads\/2024\/09\/WhatsApp-Image-2024-09-02-at-22.42.56-696x928.jpeg 696w, https:\/\/prensa.sma.gob.ar\/wp-content\/uploads\/2024\/09\/WhatsApp-Image-2024-09-02-at-22.42.56.jpeg 960w\" sizes=\"auto, (max-width: 768px) 100vw, 768px\" \/><\/figure>\n\n\n\n<figure class=\"wp-block-image size-large\"><img loading=\"lazy\" decoding=\"async\" width=\"767\" height=\"1024\" data-id=\"2179\" src=\"https:\/\/prensa.sma.gob.ar\/wp-content\/uploads\/2024\/09\/WhatsApp-Image-2024-09-02-at-22.41.53-767x1024.jpeg\" alt=\"\" class=\"wp-image-2179\" srcset=\"https:\/\/prensa.sma.gob.ar\/wp-content\/uploads\/2024\/09\/WhatsApp-Image-2024-09-02-at-22.41.53-767x1024.jpeg 767w, https:\/\/prensa.sma.gob.ar\/wp-content\/uploads\/2024\/09\/WhatsApp-Image-2024-09-02-at-22.41.53-225x300.jpeg 225w, https:\/\/prensa.sma.gob.ar\/wp-content\/uploads\/2024\/09\/WhatsApp-Image-2024-09-02-at-22.41.53-768x1025.jpeg 768w, https:\/\/prensa.sma.gob.ar\/wp-content\/uploads\/2024\/09\/WhatsApp-Image-2024-09-02-at-22.41.53-315x420.jpeg 315w, https:\/\/prensa.sma.gob.ar\/wp-content\/uploads\/2024\/09\/WhatsApp-Image-2024-09-02-at-22.41.53-696x929.jpeg 696w, https:\/\/prensa.sma.gob.ar\/wp-content\/uploads\/2024\/09\/WhatsApp-Image-2024-09-02-at-22.41.53.jpeg 959w\" sizes=\"auto, (max-width: 767px) 100vw, 767px\" \/><\/figure>\n\n\n\n<figure class=\"wp-block-image size-large\"><img loading=\"lazy\" decoding=\"async\" width=\"768\" height=\"1024\" data-id=\"2181\" src=\"https:\/\/prensa.sma.gob.ar\/wp-content\/uploads\/2024\/09\/WhatsApp-Image-2024-09-02-at-22.40.53-768x1024.jpeg\" alt=\"\" class=\"wp-image-2181\" srcset=\"https:\/\/prensa.sma.gob.ar\/wp-content\/uploads\/2024\/09\/WhatsApp-Image-2024-09-02-at-22.40.53-768x1024.jpeg 768w, https:\/\/prensa.sma.gob.ar\/wp-content\/uploads\/2024\/09\/WhatsApp-Image-2024-09-02-at-22.40.53-225x300.jpeg 225w, https:\/\/prensa.sma.gob.ar\/wp-content\/uploads\/2024\/09\/WhatsApp-Image-2024-09-02-at-22.40.53-315x420.jpeg 315w, https:\/\/prensa.sma.gob.ar\/wp-content\/uploads\/2024\/09\/WhatsApp-Image-2024-09-02-at-22.40.53-696x928.jpeg 696w, https:\/\/prensa.sma.gob.ar\/wp-content\/uploads\/2024\/09\/WhatsApp-Image-2024-09-02-at-22.40.53.jpeg 960w\" sizes=\"auto, (max-width: 768px) 100vw, 768px\" \/><\/figure>\n<\/figure>\n\n\n\n<p>Fern\u00e1ndez relat\u00f3 los pasos dados para escriturar, abrir calles y, dentro de muy poco, colocar los mojones de cada uno de los 64 lotes. Todo esto, en un contexto econ\u00f3mico complejo. Agradeci\u00f3 la respuesta de las instituciones a las propuestas de las familias del barrio.<\/p>\n\n\n\n<p>Inform\u00f3 que estas m\u00e1s de 60 familias de San Mart\u00edn de los Andes llevan m\u00e1s de 15 a\u00f1os en busca de soluciones habitacionales dignas. Y record\u00f3 que hasta hace unos a\u00f1os formaban parte de la cooperativa Covisal hasta convertirse en un grupo autoconvocado denominado \u201cEl Tr\u00e9bol\u201d para construir un barrio en Kaleuche con esfuerzo, gesti\u00f3n y voluntad propia.<\/p>\n\n\n\n<p>El barrio est\u00e1 ubicado en la zona del plano 2 de Kaleuche, a 6 km del centro de San Mart\u00edn de los Andes, accediendo por ruta prov. 62. Es un loteo de 23.000 m2, aproximadamente, y est\u00e1 compuesto por 28 lotes, que se subdividen para conseguir 64 terrenos de entre 300 y 500m2.<\/p>\n\n\n\n<p>Asistieron al encuentro de este lunes la delegada en San Mart\u00edn de los Andes del Instituto Provincial de Vivienda y Urbanismo (IPVU-ADUS), Natalia Bruno; y las representantes de la Direcci\u00f3n Provincial de Infraestructura y Desarrollo de Urbanismo Cecilia Sabando, Lorena Troncoso y Gabriela Benusat.<\/p>\n\n\n\n<p>Tambi\u00e9n estuvieron la delegada provincial para la Regi\u00f3n Sur, Eliana Rivera; la directora del Instituto Municipal de Vivienda y H\u00e1bitat, Carolina Amaya; la subsecretaria de Juntas Vecinales, Irina Allegri; y la jefa de \u00e1rea, Lorena Gonz\u00e1lez.<\/p>\n\n\n\n<p>Acompa\u00f1aron la presidenta del Concejo Deliberante, Natalia Vita, a cargo de la Intendencia; las concejalas Mar\u00eda Laura Da Pieve; Sol Petagna y Jovita Brondo; y el concejal Santiago Fern\u00e1ndez.<\/p>\n\n\n\n<figure class=\"wp-block-image size-large\"><img loading=\"lazy\" decoding=\"async\" width=\"1024\" height=\"625\" src=\"https:\/\/prensa.sma.gob.ar\/wp-content\/uploads\/2024\/09\/Apertura-de-calles-1024x625.jpg\" alt=\"\" class=\"wp-image-2186\" srcset=\"https:\/\/prensa.sma.gob.ar\/wp-content\/uploads\/2024\/09\/Apertura-de-calles-1024x625.jpg 1024w, https:\/\/prensa.sma.gob.ar\/wp-content\/uploads\/2024\/09\/Apertura-de-calles-300x183.jpg 300w, https:\/\/prensa.sma.gob.ar\/wp-content\/uploads\/2024\/09\/Apertura-de-calles-768x469.jpg 768w, https:\/\/prensa.sma.gob.ar\/wp-content\/uploads\/2024\/09\/Apertura-de-calles-688x420.jpg 688w, https:\/\/prensa.sma.gob.ar\/wp-content\/uploads\/2024\/09\/Apertura-de-calles-696x425.jpg 696w, https:\/\/prensa.sma.gob.ar\/wp-content\/uploads\/2024\/09\/Apertura-de-calles-1068x652.jpg 1068w, https:\/\/prensa.sma.gob.ar\/wp-content\/uploads\/2024\/09\/Apertura-de-calles.jpg 1481w\" sizes=\"auto, (max-width: 1024px) 100vw, 1024px\" \/><\/figure>\n\n\n\n<p>En el encuentro se hizo referencia a que el IPVU-ADUS ven\u00eda trabajando hist\u00f3ricamente en proyectos de lote con vivienda pero, en el actual contexto nacional, debe ir adecuando sus acciones y acompa\u00f1ando la creaci\u00f3n de nuevas herramientas. Se ratific\u00f3 que existe una decisi\u00f3n pol\u00edtica de trabajar en lotes con servicio, como soluci\u00f3n habitacional.<\/p>\n\n\n\n<p>En este sentido, Lorena Troncoso se\u00f1al\u00f3 que la Direcci\u00f3n Provincial de Infraestructura y Desarrollo de Urbanismo es un \u00e1rea nueva dentro del IPVU, que funciona desde marzo, y que trabaja espec\u00edficamente en casos de lotes con servicio.<\/p>\n\n\n\n<p>Present\u00f3 su dependencia como \u201cuna soluci\u00f3n concreta y real\u201d ante la actual situaci\u00f3n general, que busca atender a los trabajadores y trabajadoras que no est\u00e1n dentro de la emergencia que brinda el Estado pero tampoco logran resolver la cuesti\u00f3n inmobiliaria, porque su salario no le permite acceder a los cr\u00e9ditos bancarios.<\/p>\n\n\n\n<figure class=\"wp-block-gallery has-nested-images columns-default is-cropped wp-block-gallery-2 is-layout-flex wp-block-gallery-is-layout-flex\">\n<figure class=\"wp-block-image size-large\"><img loading=\"lazy\" decoding=\"async\" width=\"1024\" height=\"767\" data-id=\"2180\" src=\"https:\/\/prensa.sma.gob.ar\/wp-content\/uploads\/2024\/09\/WhatsApp-Image-2024-09-02-at-22.41.23-1024x767.jpeg\" alt=\"\" class=\"wp-image-2180\" srcset=\"https:\/\/prensa.sma.gob.ar\/wp-content\/uploads\/2024\/09\/WhatsApp-Image-2024-09-02-at-22.41.23-1024x767.jpeg 1024w, https:\/\/prensa.sma.gob.ar\/wp-content\/uploads\/2024\/09\/WhatsApp-Image-2024-09-02-at-22.41.23-300x225.jpeg 300w, https:\/\/prensa.sma.gob.ar\/wp-content\/uploads\/2024\/09\/WhatsApp-Image-2024-09-02-at-22.41.23-768x575.jpeg 768w, https:\/\/prensa.sma.gob.ar\/wp-content\/uploads\/2024\/09\/WhatsApp-Image-2024-09-02-at-22.41.23-561x420.jpeg 561w, https:\/\/prensa.sma.gob.ar\/wp-content\/uploads\/2024\/09\/WhatsApp-Image-2024-09-02-at-22.41.23-80x60.jpeg 80w, https:\/\/prensa.sma.gob.ar\/wp-content\/uploads\/2024\/09\/WhatsApp-Image-2024-09-02-at-22.41.23-696x521.jpeg 696w, https:\/\/prensa.sma.gob.ar\/wp-content\/uploads\/2024\/09\/WhatsApp-Image-2024-09-02-at-22.41.23-1068x800.jpeg 1068w, https:\/\/prensa.sma.gob.ar\/wp-content\/uploads\/2024\/09\/WhatsApp-Image-2024-09-02-at-22.41.23.jpeg 1280w\" sizes=\"auto, (max-width: 1024px) 100vw, 1024px\" \/><\/figure>\n<\/figure>\n\n\n\n<p>El planteo provincial a los vecinos fue la elaboraci\u00f3n de presupuestos para acceder a los servicios de agua, electricidad, cord\u00f3n de cuneta y cloacas. Teniendo este valor, IPVU-ADUS financiar\u00eda la obra a devolver en cuotas a lo largo de varios a\u00f1os de plazo, que ser\u00edan de hasta el 30% del salario y ajustables al \u00edndice de valor salarial.<\/p>\n\n\n\n<p>Los vecinos presentes aceptaron la iniciativa y pidieron al IPVU que comience a concretar la propuesta del cr\u00e9dito. A su vez, comprometieron acercar la informaci\u00f3n a quienes no pudieron estar en la reuni\u00f3n para tomar la decisi\u00f3n final de manera colectiva.<\/p>\n\n\n\n<p>Varios de los asistentes propusieron ideas y reafirmaron el acompa\u00f1amiento a las familias del barrio. Hubo coincidencias mayoritarias de que, en el camino que se inicia, se van a presentar dificultades que se ir\u00e1n afrontando, pero se reafirm\u00f3 la idea de que este grupo de vecinos ser\u00e1 pionero en una modalidad nueva de soluciones habitacionales.<\/p>\n\n\n\n<p>Durante el encuentro tambi\u00e9n se mencion\u00f3 la posibilidad de que se habilite un tercer acceso al barrio y a toda el \u00e1rea Kaleuche, que demandar\u00e1 una inversi\u00f3n estrat\u00e9gica con actores privados y conversaciones con los desarrolladores inmobiliarios. En las mismas conversaciones est\u00e1 incluido el tendido de electricidad de media tensi\u00f3n. La subsecretaria de Juntas Vecinales, Irina Allegri, adelant\u00f3 que el Municipio viene gestionando estas obras.<\/p>\n\n\n<div class=\"wp-block-image\">\n<figure class=\"aligncenter size-large is-resized\"><img loading=\"lazy\" decoding=\"async\" width=\"768\" height=\"1024\" src=\"https:\/\/prensa.sma.gob.ar\/wp-content\/uploads\/2024\/09\/WhatsApp-Image-2024-09-02-at-22.40.19-768x1024.jpeg\" alt=\"\" class=\"wp-image-2182\" style=\"width:393px;height:auto\" srcset=\"https:\/\/prensa.sma.gob.ar\/wp-content\/uploads\/2024\/09\/WhatsApp-Image-2024-09-02-at-22.40.19-768x1024.jpeg 768w, https:\/\/prensa.sma.gob.ar\/wp-content\/uploads\/2024\/09\/WhatsApp-Image-2024-09-02-at-22.40.19-225x300.jpeg 225w, https:\/\/prensa.sma.gob.ar\/wp-content\/uploads\/2024\/09\/WhatsApp-Image-2024-09-02-at-22.40.19-315x420.jpeg 315w, https:\/\/prensa.sma.gob.ar\/wp-content\/uploads\/2024\/09\/WhatsApp-Image-2024-09-02-at-22.40.19-696x928.jpeg 696w, https:\/\/prensa.sma.gob.ar\/wp-content\/uploads\/2024\/09\/WhatsApp-Image-2024-09-02-at-22.40.19.jpeg 960w\" sizes=\"auto, (max-width: 768px) 100vw, 768px\" \/><\/figure>\n<\/div>\n\n\n<p>Las vecinas y vecinos ratificaron, adem\u00e1s, su estrategia de gesti\u00f3n interinstitucional y valoraron el compromiso del intendente, Carlos Saloniti; de la Secretar\u00eda de Vivienda y Urbanismo; Subsecretar\u00eda de Juntas Vecinales; IPVU; Cooperativa de Agua Potable; Ente Provincial de Energ\u00eda (EPEN); Concejo Deliberante; Unidad Ejecutora Kaleuche y la Junta vecinal del barrio Kaleuche.<br><\/p>\n","protected":false},"excerpt":{"rendered":"<p>El grupo de autogesti\u00f3n vecinal del barrio El Tr\u00e9bol de Kaleuche y funcionarios provinciales y municipales se reunieron para analizar nuevas herramientas de mejoramiento y provisi\u00f3n de servicios en sus lotes, experiencias que pueden replicarse en otros loteos de nuestra ciudad. Del encuentro, que se realiz\u00f3 este lunes en el Sal\u00f3n Municipal, con una gran [&hellip;]<\/p>\n","protected":false},"author":2,"featured_media":2183,"comment_status":"closed","ping_status":"open","sticky":false,"template":"","format":"standard","meta":{"footnotes":""},"categories":[16,14,17,37],"tags":[],"class_list":{"0":"post-2177","1":"post","2":"type-post","3":"status-publish","4":"format-standard","5":"has-post-thumbnail","7":"category-destacadas","8":"category-noticias","9":"category-portada","10":"category-vivienda"},"_links":{"self":[{"href":"https:\/\/prensa.sma.gob.ar\/index.php?rest_route=\/wp\/v2\/posts\/2177","targetHints":{"allow":["GET"]}}],"collection":[{"href":"https:\/\/prensa.sma.gob.ar\/index.php?rest_route=\/wp\/v2\/posts"}],"about":[{"href":"https:\/\/prensa.sma.gob.ar\/index.php?rest_route=\/wp\/v2\/types\/post"}],"author":[{"embeddable":true,"href":"https:\/\/prensa.sma.gob.ar\/index.php?rest_route=\/wp\/v2\/users\/2"}],"replies":[{"embeddable":true,"href":"https:\/\/prensa.sma.gob.ar\/index.php?rest_route=%2Fwp%2Fv2%2Fcomments&post=2177"}],"version-history":[{"count":2,"href":"https:\/\/prensa.sma.gob.ar\/index.php?rest_route=\/wp\/v2\/posts\/2177\/revisions"}],"predecessor-version":[{"id":2187,"href":"https:\/\/prensa.sma.gob.ar\/index.php?rest_route=\/wp\/v2\/posts\/2177\/revisions\/2187"}],"wp:featuredmedia":[{"embeddable":true,"href":"https:\/\/prensa.sma.gob.ar\/index.php?rest_route=\/wp\/v2\/media\/2183"}],"wp:attachment":[{"href":"https:\/\/prensa.sma.gob.ar\/index.php?rest_route=%2Fwp%2Fv2%2Fmedia&parent=2177"}],"wp:term":[{"taxonomy":"category","embeddable":true,"href":"https:\/\/prensa.sma.gob.ar\/index.php?rest_route=%2Fwp%2Fv2%2Fcategories&post=2177"},{"taxonomy":"post_tag","embeddable":true,"href":"https:\/\/prensa.sma.gob.ar\/index.php?rest_route=%2Fwp%2Fv2%2Ftags&post=2177"}],"curies":[{"name":"wp","href":"https:\/\/api.w.org\/{rel}","templated":true}]}}