{"id":2318,"date":"2024-09-07T13:51:09","date_gmt":"2024-09-07T13:51:09","guid":{"rendered":"https:\/\/prensa.sma.gob.ar\/?p=2318"},"modified":"2024-09-07T13:51:11","modified_gmt":"2024-09-07T13:51:11","slug":"la-direccion-general-de-educacion-celebra-el-exito-rotundo-de-la-expo-educativa","status":"publish","type":"post","link":"https:\/\/prensa.sma.gob.ar\/?p=2318","title":{"rendered":"\u00a1La Direcci\u00f3n General de Educaci\u00f3n celebra el \u00e9xito rotundo de la Expo Educativa!"},"content":{"rendered":"\n<p>Miles de estudiantes y familias se acercaron entre jueves y viernes a conocer las propuestas educativas m\u00e1s innovadoras de nuestra regi\u00f3n.<\/p>\n\n\n\n<p>El personal de la Direcci\u00f3n General de Educaci\u00f3n agradece el apoyo incondicional de empresas locales, de universidades de prestigio, de fuerzas de seguridad y escuelas secundarias, porque permitieron ofrecer un encuentro de primer nivel.<\/p>\n\n\n\n<p>El \u00e1rea de Educaci\u00f3n agradece especialmente al Club Lacar por abrir sus puertas a este gran encuentro. \u201c\u00a1Ya estamos trabajando en la tercera edici\u00f3n, que promete ser a\u00fan m\u00e1s grande y completa!\u201d, prometen.<\/p>\n\n\n\n<figure class=\"wp-block-gallery has-nested-images columns-default is-cropped wp-block-gallery-1 is-layout-flex wp-block-gallery-is-layout-flex\">\n<figure class=\"wp-block-image size-large\"><img loading=\"lazy\" decoding=\"async\" width=\"1024\" height=\"576\" data-id=\"2289\" src=\"https:\/\/prensa.sma.gob.ar\/wp-content\/uploads\/2024\/09\/WhatsApp-Image-2024-09-05-at-13.27.14-1-1024x576.jpeg\" alt=\"\" class=\"wp-image-2289\" srcset=\"https:\/\/prensa.sma.gob.ar\/wp-content\/uploads\/2024\/09\/WhatsApp-Image-2024-09-05-at-13.27.14-1-1024x576.jpeg 1024w, https:\/\/prensa.sma.gob.ar\/wp-content\/uploads\/2024\/09\/WhatsApp-Image-2024-09-05-at-13.27.14-1-300x169.jpeg 300w, https:\/\/prensa.sma.gob.ar\/wp-content\/uploads\/2024\/09\/WhatsApp-Image-2024-09-05-at-13.27.14-1-768x432.jpeg 768w, https:\/\/prensa.sma.gob.ar\/wp-content\/uploads\/2024\/09\/WhatsApp-Image-2024-09-05-at-13.27.14-1-1536x864.jpeg 1536w, https:\/\/prensa.sma.gob.ar\/wp-content\/uploads\/2024\/09\/WhatsApp-Image-2024-09-05-at-13.27.14-1-747x420.jpeg 747w, https:\/\/prensa.sma.gob.ar\/wp-content\/uploads\/2024\/09\/WhatsApp-Image-2024-09-05-at-13.27.14-1-696x392.jpeg 696w, https:\/\/prensa.sma.gob.ar\/wp-content\/uploads\/2024\/09\/WhatsApp-Image-2024-09-05-at-13.27.14-1-1068x601.jpeg 1068w, https:\/\/prensa.sma.gob.ar\/wp-content\/uploads\/2024\/09\/WhatsApp-Image-2024-09-05-at-13.27.14-1.jpeg 1600w\" sizes=\"auto, (max-width: 1024px) 100vw, 1024px\" \/><\/figure>\n\n\n\n<figure class=\"wp-block-image size-large\"><img loading=\"lazy\" decoding=\"async\" width=\"1024\" height=\"576\" data-id=\"2285\" src=\"https:\/\/prensa.sma.gob.ar\/wp-content\/uploads\/2024\/09\/WhatsApp-Image-2024-09-05-at-13.27.16-1-1024x576.jpeg\" alt=\"\" class=\"wp-image-2285\" srcset=\"https:\/\/prensa.sma.gob.ar\/wp-content\/uploads\/2024\/09\/WhatsApp-Image-2024-09-05-at-13.27.16-1-1024x576.jpeg 1024w, https:\/\/prensa.sma.gob.ar\/wp-content\/uploads\/2024\/09\/WhatsApp-Image-2024-09-05-at-13.27.16-1-300x169.jpeg 300w, https:\/\/prensa.sma.gob.ar\/wp-content\/uploads\/2024\/09\/WhatsApp-Image-2024-09-05-at-13.27.16-1-768x432.jpeg 768w, https:\/\/prensa.sma.gob.ar\/wp-content\/uploads\/2024\/09\/WhatsApp-Image-2024-09-05-at-13.27.16-1-1536x864.jpeg 1536w, https:\/\/prensa.sma.gob.ar\/wp-content\/uploads\/2024\/09\/WhatsApp-Image-2024-09-05-at-13.27.16-1-747x420.jpeg 747w, https:\/\/prensa.sma.gob.ar\/wp-content\/uploads\/2024\/09\/WhatsApp-Image-2024-09-05-at-13.27.16-1-696x392.jpeg 696w, https:\/\/prensa.sma.gob.ar\/wp-content\/uploads\/2024\/09\/WhatsApp-Image-2024-09-05-at-13.27.16-1-1068x601.jpeg 1068w, https:\/\/prensa.sma.gob.ar\/wp-content\/uploads\/2024\/09\/WhatsApp-Image-2024-09-05-at-13.27.16-1.jpeg 1600w\" sizes=\"auto, (max-width: 1024px) 100vw, 1024px\" \/><\/figure>\n\n\n\n<figure class=\"wp-block-image size-large\"><img loading=\"lazy\" decoding=\"async\" width=\"1024\" height=\"576\" data-id=\"2260\" src=\"https:\/\/prensa.sma.gob.ar\/wp-content\/uploads\/2024\/09\/WhatsApp-Image-2024-09-05-at-13.27.48-1024x576.jpeg\" alt=\"\" class=\"wp-image-2260\" srcset=\"https:\/\/prensa.sma.gob.ar\/wp-content\/uploads\/2024\/09\/WhatsApp-Image-2024-09-05-at-13.27.48-1024x576.jpeg 1024w, https:\/\/prensa.sma.gob.ar\/wp-content\/uploads\/2024\/09\/WhatsApp-Image-2024-09-05-at-13.27.48-300x169.jpeg 300w, https:\/\/prensa.sma.gob.ar\/wp-content\/uploads\/2024\/09\/WhatsApp-Image-2024-09-05-at-13.27.48-768x432.jpeg 768w, https:\/\/prensa.sma.gob.ar\/wp-content\/uploads\/2024\/09\/WhatsApp-Image-2024-09-05-at-13.27.48-1536x864.jpeg 1536w, https:\/\/prensa.sma.gob.ar\/wp-content\/uploads\/2024\/09\/WhatsApp-Image-2024-09-05-at-13.27.48-747x420.jpeg 747w, https:\/\/prensa.sma.gob.ar\/wp-content\/uploads\/2024\/09\/WhatsApp-Image-2024-09-05-at-13.27.48-696x392.jpeg 696w, https:\/\/prensa.sma.gob.ar\/wp-content\/uploads\/2024\/09\/WhatsApp-Image-2024-09-05-at-13.27.48-1068x601.jpeg 1068w, https:\/\/prensa.sma.gob.ar\/wp-content\/uploads\/2024\/09\/WhatsApp-Image-2024-09-05-at-13.27.48.jpeg 1600w\" sizes=\"auto, (max-width: 1024px) 100vw, 1024px\" \/><\/figure>\n<\/figure>\n","protected":false},"excerpt":{"rendered":"<p>Miles de estudiantes y familias se acercaron entre jueves y viernes a conocer las propuestas educativas m\u00e1s innovadoras de nuestra regi\u00f3n. El personal de la Direcci\u00f3n General de Educaci\u00f3n agradece el apoyo incondicional de empresas locales, de universidades de prestigio, de fuerzas de seguridad y escuelas secundarias, porque permitieron ofrecer un encuentro de primer nivel. [&hellip;]<\/p>\n","protected":false},"author":2,"featured_media":2319,"comment_status":"closed","ping_status":"open","sticky":false,"template":"","format":"standard","meta":{"footnotes":""},"categories":[16,9,14],"tags":[],"class_list":{"0":"post-2318","1":"post","2":"type-post","3":"status-publish","4":"format-standard","5":"has-post-thumbnail","7":"category-destacadas","8":"category-educacion","9":"category-noticias"},"_links":{"self":[{"href":"https:\/\/prensa.sma.gob.ar\/index.php?rest_route=\/wp\/v2\/posts\/2318","targetHints":{"allow":["GET"]}}],"collection":[{"href":"https:\/\/prensa.sma.gob.ar\/index.php?rest_route=\/wp\/v2\/posts"}],"about":[{"href":"https:\/\/prensa.sma.gob.ar\/index.php?rest_route=\/wp\/v2\/types\/post"}],"author":[{"embeddable":true,"href":"https:\/\/prensa.sma.gob.ar\/index.php?rest_route=\/wp\/v2\/users\/2"}],"replies":[{"embeddable":true,"href":"https:\/\/prensa.sma.gob.ar\/index.php?rest_route=%2Fwp%2Fv2%2Fcomments&post=2318"}],"version-history":[{"count":1,"href":"https:\/\/prensa.sma.gob.ar\/index.php?rest_route=\/wp\/v2\/posts\/2318\/revisions"}],"predecessor-version":[{"id":2320,"href":"https:\/\/prensa.sma.gob.ar\/index.php?rest_route=\/wp\/v2\/posts\/2318\/revisions\/2320"}],"wp:featuredmedia":[{"embeddable":true,"href":"https:\/\/prensa.sma.gob.ar\/index.php?rest_route=\/wp\/v2\/media\/2319"}],"wp:attachment":[{"href":"https:\/\/prensa.sma.gob.ar\/index.php?rest_route=%2Fwp%2Fv2%2Fmedia&parent=2318"}],"wp:term":[{"taxonomy":"category","embeddable":true,"href":"https:\/\/prensa.sma.gob.ar\/index.php?rest_route=%2Fwp%2Fv2%2Fcategories&post=2318"},{"taxonomy":"post_tag","embeddable":true,"href":"https:\/\/prensa.sma.gob.ar\/index.php?rest_route=%2Fwp%2Fv2%2Ftags&post=2318"}],"curies":[{"name":"wp","href":"https:\/\/api.w.org\/{rel}","templated":true}]}}