{"id":2321,"date":"2024-09-09T17:45:30","date_gmt":"2024-09-09T17:45:30","guid":{"rendered":"https:\/\/prensa.sma.gob.ar\/?p=2321"},"modified":"2024-09-09T17:45:32","modified_gmt":"2024-09-09T17:45:32","slug":"el-intendente-carlos-saloniti-pidio-la-renuncia-de-su-secretario-de-obras-publicas-alfredo-munoz","status":"publish","type":"post","link":"https:\/\/prensa.sma.gob.ar\/?p=2321","title":{"rendered":"El intendente Carlos Saloniti pidi\u00f3 la renuncia de su secretario de Obras P\u00fablicas, Alfredo Mu\u00f1oz"},"content":{"rendered":"\n<p>El intendente Carlos Saloniti pidi\u00f3 este lunes la renuncia de su secretario de Obras P\u00fablicas, Alfredo Mu\u00f1oz, hecho que se concret\u00f3 luego de una reuni\u00f3n entre ambos en el despacho del Municipio.<br><br>Durante el encuentro, realizado esta ma\u00f1ana, ambos acordaron la desvinculaci\u00f3n, al entender que aceptar el pedido del jefe comunal ser\u00e1 lo mejor para la gesti\u00f3n municipal.<br><br>\u201cEs mi compromiso asegurar una transici\u00f3n ordenada, prestando toda mi colaboraci\u00f3n para garantizar la continuidad de las responsabilidades y proyectos de la Secretar\u00eda hasta hoy a mi cargo\u201d, se\u00f1al\u00f3 Mu\u00f1oz en la nota oficial enviada al intendente Saloniti.<br><br>Alfredo Mu\u00f1oz asumi\u00f3 el cargo de secretario de Obras P\u00fablicas el 10 de diciembre de 2023 y, entre 2019 y 2023, se desempe\u00f1\u00f3 como secretario de Obras y Servicios P\u00fablicos.<br><br>El intendente Saloniti inform\u00f3, adem\u00e1s, que, de manera interina, la Secretar\u00eda de Obras P\u00fablicas estar\u00e1 a cargo del secretario de Servicios P\u00fablicos, H\u00e9ctor Dur\u00e1n.<br><br>El jefe comunal orden\u00f3, adem\u00e1s, la continuidad de todas las acciones que viene desarrollando Obras Publicas, como el plan de mantenimiento de puentes, la terminaci\u00f3n de la obra de avenida Los Lagos, la licitaci\u00f3n para la pavimentaci\u00f3n de 300 metros de esta misma avenida hasta la Escuela N\u00b0 359 y las tareas de pavimentaci\u00f3n y bacheo de la Ruta Alternativa Norte, entre otras tareas.<\/p>\n","protected":false},"excerpt":{"rendered":"<p>El intendente Carlos Saloniti pidi\u00f3 este lunes la renuncia de su secretario de Obras P\u00fablicas, Alfredo Mu\u00f1oz, hecho que se concret\u00f3 luego de una reuni\u00f3n entre ambos en el despacho del Municipio. Durante el encuentro, realizado esta ma\u00f1ana, ambos acordaron la desvinculaci\u00f3n, al entender que aceptar el pedido del jefe comunal ser\u00e1 lo mejor para [&hellip;]<\/p>\n","protected":false},"author":2,"featured_media":2322,"comment_status":"closed","ping_status":"open","sticky":false,"template":"","format":"standard","meta":{"footnotes":""},"categories":[16,14,19],"tags":[],"class_list":{"0":"post-2321","1":"post","2":"type-post","3":"status-publish","4":"format-standard","5":"has-post-thumbnail","7":"category-destacadas","8":"category-noticias","9":"category-obras-y-servicios-publicos"},"_links":{"self":[{"href":"https:\/\/prensa.sma.gob.ar\/index.php?rest_route=\/wp\/v2\/posts\/2321","targetHints":{"allow":["GET"]}}],"collection":[{"href":"https:\/\/prensa.sma.gob.ar\/index.php?rest_route=\/wp\/v2\/posts"}],"about":[{"href":"https:\/\/prensa.sma.gob.ar\/index.php?rest_route=\/wp\/v2\/types\/post"}],"author":[{"embeddable":true,"href":"https:\/\/prensa.sma.gob.ar\/index.php?rest_route=\/wp\/v2\/users\/2"}],"replies":[{"embeddable":true,"href":"https:\/\/prensa.sma.gob.ar\/index.php?rest_route=%2Fwp%2Fv2%2Fcomments&post=2321"}],"version-history":[{"count":1,"href":"https:\/\/prensa.sma.gob.ar\/index.php?rest_route=\/wp\/v2\/posts\/2321\/revisions"}],"predecessor-version":[{"id":2323,"href":"https:\/\/prensa.sma.gob.ar\/index.php?rest_route=\/wp\/v2\/posts\/2321\/revisions\/2323"}],"wp:featuredmedia":[{"embeddable":true,"href":"https:\/\/prensa.sma.gob.ar\/index.php?rest_route=\/wp\/v2\/media\/2322"}],"wp:attachment":[{"href":"https:\/\/prensa.sma.gob.ar\/index.php?rest_route=%2Fwp%2Fv2%2Fmedia&parent=2321"}],"wp:term":[{"taxonomy":"category","embeddable":true,"href":"https:\/\/prensa.sma.gob.ar\/index.php?rest_route=%2Fwp%2Fv2%2Fcategories&post=2321"},{"taxonomy":"post_tag","embeddable":true,"href":"https:\/\/prensa.sma.gob.ar\/index.php?rest_route=%2Fwp%2Fv2%2Ftags&post=2321"}],"curies":[{"name":"wp","href":"https:\/\/api.w.org\/{rel}","templated":true}]}}