{"id":2324,"date":"2024-09-09T20:08:15","date_gmt":"2024-09-09T20:08:15","guid":{"rendered":"https:\/\/prensa.sma.gob.ar\/?p=2324"},"modified":"2024-09-09T20:08:47","modified_gmt":"2024-09-09T20:08:47","slug":"el-municipio-transfirio-la-red-de-gas-del-procrear-a-la-empresa-camuzzi-para-prestar-el-servicio","status":"publish","type":"post","link":"https:\/\/prensa.sma.gob.ar\/?p=2324","title":{"rendered":"El Municipio transfiri\u00f3 la red de gas del Procrear a la empresa Camuzzi para prestar el servicio"},"content":{"rendered":"\n<p>Tras las pruebas de hermeticidad con resultado positivo realizadas por la empresa Dangas, el Municipio transfiri\u00f3 a Camuzzi la red de gas natural del barrio Procrear 164 Viviendas, para la explotaci\u00f3n del servicio.<\/p>\n\n\n\n<p>El Acta de Transferencia se firm\u00f3 este lunes entre el intendente Carlos Saloniti y Sergio Berreaute, en representaci\u00f3n de Camuzzi, e incluye los casi 3.000 metros de red de ca\u00f1er\u00edas y las conexiones domiciliarias para 64 viviendas.<\/p>\n\n\n\n<p>Este paso fue posible luego de que la empresa Dangas, a cargo de las obras del tendido de la red en el Procrear, realizara nuevas pruebas de hermeticidad y, posteriormente, Camuzzi hiciera la verificaci\u00f3n, con resultado satisfactorio de acuerdo a las normas y exigencias legales y de seguridad.<\/p>\n\n\n\n<figure class=\"wp-block-gallery has-nested-images columns-default is-cropped wp-block-gallery-1 is-layout-flex wp-block-gallery-is-layout-flex\">\n<figure class=\"wp-block-image size-large\"><img loading=\"lazy\" decoding=\"async\" width=\"1024\" height=\"576\" data-id=\"2326\" src=\"https:\/\/prensa.sma.gob.ar\/wp-content\/uploads\/2024\/09\/procrear-gas-3-1024x576.jpeg\" alt=\"\" class=\"wp-image-2326\" srcset=\"https:\/\/prensa.sma.gob.ar\/wp-content\/uploads\/2024\/09\/procrear-gas-3-1024x576.jpeg 1024w, https:\/\/prensa.sma.gob.ar\/wp-content\/uploads\/2024\/09\/procrear-gas-3-300x169.jpeg 300w, https:\/\/prensa.sma.gob.ar\/wp-content\/uploads\/2024\/09\/procrear-gas-3-768x432.jpeg 768w, https:\/\/prensa.sma.gob.ar\/wp-content\/uploads\/2024\/09\/procrear-gas-3-1536x864.jpeg 1536w, https:\/\/prensa.sma.gob.ar\/wp-content\/uploads\/2024\/09\/procrear-gas-3-747x420.jpeg 747w, https:\/\/prensa.sma.gob.ar\/wp-content\/uploads\/2024\/09\/procrear-gas-3-696x392.jpeg 696w, https:\/\/prensa.sma.gob.ar\/wp-content\/uploads\/2024\/09\/procrear-gas-3-1068x601.jpeg 1068w, https:\/\/prensa.sma.gob.ar\/wp-content\/uploads\/2024\/09\/procrear-gas-3.jpeg 1600w\" sizes=\"auto, (max-width: 1024px) 100vw, 1024px\" \/><\/figure>\n\n\n\n<figure class=\"wp-block-image size-large\"><img loading=\"lazy\" decoding=\"async\" width=\"1024\" height=\"576\" data-id=\"2327\" src=\"https:\/\/prensa.sma.gob.ar\/wp-content\/uploads\/2024\/09\/procrear-gas-4-1024x576.jpeg\" alt=\"\" class=\"wp-image-2327\" srcset=\"https:\/\/prensa.sma.gob.ar\/wp-content\/uploads\/2024\/09\/procrear-gas-4-1024x576.jpeg 1024w, https:\/\/prensa.sma.gob.ar\/wp-content\/uploads\/2024\/09\/procrear-gas-4-300x169.jpeg 300w, https:\/\/prensa.sma.gob.ar\/wp-content\/uploads\/2024\/09\/procrear-gas-4-768x432.jpeg 768w, https:\/\/prensa.sma.gob.ar\/wp-content\/uploads\/2024\/09\/procrear-gas-4-1536x864.jpeg 1536w, https:\/\/prensa.sma.gob.ar\/wp-content\/uploads\/2024\/09\/procrear-gas-4-747x420.jpeg 747w, https:\/\/prensa.sma.gob.ar\/wp-content\/uploads\/2024\/09\/procrear-gas-4-696x392.jpeg 696w, https:\/\/prensa.sma.gob.ar\/wp-content\/uploads\/2024\/09\/procrear-gas-4-1068x601.jpeg 1068w, https:\/\/prensa.sma.gob.ar\/wp-content\/uploads\/2024\/09\/procrear-gas-4.jpeg 1600w\" sizes=\"auto, (max-width: 1024px) 100vw, 1024px\" \/><\/figure>\n\n\n\n<figure class=\"wp-block-image size-large\"><img loading=\"lazy\" decoding=\"async\" width=\"1024\" height=\"576\" data-id=\"2328\" src=\"https:\/\/prensa.sma.gob.ar\/wp-content\/uploads\/2024\/09\/procrear-gas-1024x576.jpeg\" alt=\"\" class=\"wp-image-2328\" srcset=\"https:\/\/prensa.sma.gob.ar\/wp-content\/uploads\/2024\/09\/procrear-gas-1024x576.jpeg 1024w, https:\/\/prensa.sma.gob.ar\/wp-content\/uploads\/2024\/09\/procrear-gas-300x169.jpeg 300w, https:\/\/prensa.sma.gob.ar\/wp-content\/uploads\/2024\/09\/procrear-gas-768x432.jpeg 768w, https:\/\/prensa.sma.gob.ar\/wp-content\/uploads\/2024\/09\/procrear-gas-1536x864.jpeg 1536w, https:\/\/prensa.sma.gob.ar\/wp-content\/uploads\/2024\/09\/procrear-gas-747x420.jpeg 747w, https:\/\/prensa.sma.gob.ar\/wp-content\/uploads\/2024\/09\/procrear-gas-696x392.jpeg 696w, https:\/\/prensa.sma.gob.ar\/wp-content\/uploads\/2024\/09\/procrear-gas-1068x601.jpeg 1068w, https:\/\/prensa.sma.gob.ar\/wp-content\/uploads\/2024\/09\/procrear-gas.jpeg 1600w\" sizes=\"auto, (max-width: 1024px) 100vw, 1024px\" \/><\/figure>\n<\/figure>\n\n\n\n<p>El texto del Acta se\u00f1ala que, a partir de ahora, la red queda \u201cincorporada al patrimonio de Camuzzi para su mantenimiento y explotaci\u00f3n, por razones de seguridad p\u00fablica y en resguardo de la normal y eficiente prestaci\u00f3n del servicio\u201d.<\/p>\n\n\n\n<p>Tambi\u00e9n establece el final de las responsabilidades de la Municipalidad en esta obra, ya que explicita que el Municipio \u201cqueda eximido de todo tipo de responsabilidad por los da\u00f1os y perjuicios que pueda ocasionar la obra a terceros\u201d.<\/p>\n\n\n\n<p>Una vez cumplidos los pr\u00f3ximos pasos administrativos para la certificaci\u00f3n del Acta, Camuzzi estar\u00e1 en condiciones de hacer la conexi\u00f3n desde la troncal a la red del Procrear; luego inyectar gas y, finalmente, disponer la conexi\u00f3n domiciliaria y la instalaci\u00f3n de los medidores.<\/p>\n","protected":false},"excerpt":{"rendered":"<p>Tras las pruebas de hermeticidad con resultado positivo realizadas por la empresa Dangas, el Municipio transfiri\u00f3 a Camuzzi la red de gas natural del barrio Procrear 164 Viviendas, para la explotaci\u00f3n del servicio. El Acta de Transferencia se firm\u00f3 este lunes entre el intendente Carlos Saloniti y Sergio Berreaute, en representaci\u00f3n de Camuzzi, e incluye [&hellip;]<\/p>\n","protected":false},"author":2,"featured_media":2325,"comment_status":"closed","ping_status":"open","sticky":false,"template":"","format":"standard","meta":{"footnotes":""},"categories":[16,14,19,17,1],"tags":[],"class_list":{"0":"post-2324","1":"post","2":"type-post","3":"status-publish","4":"format-standard","5":"has-post-thumbnail","7":"category-destacadas","8":"category-noticias","9":"category-obras-y-servicios-publicos","10":"category-portada","11":"category-uncategorized"},"_links":{"self":[{"href":"https:\/\/prensa.sma.gob.ar\/index.php?rest_route=\/wp\/v2\/posts\/2324","targetHints":{"allow":["GET"]}}],"collection":[{"href":"https:\/\/prensa.sma.gob.ar\/index.php?rest_route=\/wp\/v2\/posts"}],"about":[{"href":"https:\/\/prensa.sma.gob.ar\/index.php?rest_route=\/wp\/v2\/types\/post"}],"author":[{"embeddable":true,"href":"https:\/\/prensa.sma.gob.ar\/index.php?rest_route=\/wp\/v2\/users\/2"}],"replies":[{"embeddable":true,"href":"https:\/\/prensa.sma.gob.ar\/index.php?rest_route=%2Fwp%2Fv2%2Fcomments&post=2324"}],"version-history":[{"count":1,"href":"https:\/\/prensa.sma.gob.ar\/index.php?rest_route=\/wp\/v2\/posts\/2324\/revisions"}],"predecessor-version":[{"id":2329,"href":"https:\/\/prensa.sma.gob.ar\/index.php?rest_route=\/wp\/v2\/posts\/2324\/revisions\/2329"}],"wp:featuredmedia":[{"embeddable":true,"href":"https:\/\/prensa.sma.gob.ar\/index.php?rest_route=\/wp\/v2\/media\/2325"}],"wp:attachment":[{"href":"https:\/\/prensa.sma.gob.ar\/index.php?rest_route=%2Fwp%2Fv2%2Fmedia&parent=2324"}],"wp:term":[{"taxonomy":"category","embeddable":true,"href":"https:\/\/prensa.sma.gob.ar\/index.php?rest_route=%2Fwp%2Fv2%2Fcategories&post=2324"},{"taxonomy":"post_tag","embeddable":true,"href":"https:\/\/prensa.sma.gob.ar\/index.php?rest_route=%2Fwp%2Fv2%2Ftags&post=2324"}],"curies":[{"name":"wp","href":"https:\/\/api.w.org\/{rel}","templated":true}]}}