{"id":2331,"date":"2024-09-09T21:18:44","date_gmt":"2024-09-09T21:18:44","guid":{"rendered":"https:\/\/prensa.sma.gob.ar\/?p=2331"},"modified":"2024-09-09T21:18:45","modified_gmt":"2024-09-09T21:18:45","slug":"el-barrio-los-robles-presento-lista-para-las-elecciones-vecinales","status":"publish","type":"post","link":"https:\/\/prensa.sma.gob.ar\/?p=2331","title":{"rendered":"El barrio Los Robles presento lista para las elecciones vecinales"},"content":{"rendered":"\n<p>Luego de varios intentos y reuniones, un grupo de vecinas y vecinos se organizaron y presentaron la documentaci\u00f3n requerida para postularse y conformar la Comisi\u00f3n Vecinal de Los Robles. La Subsecretar\u00eda de Juntas Vecinales inform\u00f3 que este barrio no contaba con representantes desde el 2012.<\/p>\n\n\n\n<p>Para que el Acto eleccionario tenga validez, y la Junta Vecinal sea reconocida por la participaci\u00f3n de los vecinos\/as, deber\u00e1 haber votado como m\u00ednimo el veinte por ciento (20%) del Padr\u00f3n Vecinal.<\/p>\n\n\n\n<p>La fecha prevista para las elecciones de la junta vecinal del barrio es el domingo 3 de noviembre.<\/p>\n","protected":false},"excerpt":{"rendered":"<p>Luego de varios intentos y reuniones, un grupo de vecinas y vecinos se organizaron y presentaron la documentaci\u00f3n requerida para postularse y conformar la Comisi\u00f3n Vecinal de Los Robles. La Subsecretar\u00eda de Juntas Vecinales inform\u00f3 que este barrio no contaba con representantes desde el 2012. Para que el Acto eleccionario tenga validez, y la Junta [&hellip;]<\/p>\n","protected":false},"author":1,"featured_media":2333,"comment_status":"closed","ping_status":"open","sticky":false,"template":"","format":"standard","meta":{"footnotes":""},"categories":[16,14],"tags":[],"class_list":{"0":"post-2331","1":"post","2":"type-post","3":"status-publish","4":"format-standard","5":"has-post-thumbnail","7":"category-destacadas","8":"category-noticias"},"_links":{"self":[{"href":"https:\/\/prensa.sma.gob.ar\/index.php?rest_route=\/wp\/v2\/posts\/2331","targetHints":{"allow":["GET"]}}],"collection":[{"href":"https:\/\/prensa.sma.gob.ar\/index.php?rest_route=\/wp\/v2\/posts"}],"about":[{"href":"https:\/\/prensa.sma.gob.ar\/index.php?rest_route=\/wp\/v2\/types\/post"}],"author":[{"embeddable":true,"href":"https:\/\/prensa.sma.gob.ar\/index.php?rest_route=\/wp\/v2\/users\/1"}],"replies":[{"embeddable":true,"href":"https:\/\/prensa.sma.gob.ar\/index.php?rest_route=%2Fwp%2Fv2%2Fcomments&post=2331"}],"version-history":[{"count":1,"href":"https:\/\/prensa.sma.gob.ar\/index.php?rest_route=\/wp\/v2\/posts\/2331\/revisions"}],"predecessor-version":[{"id":2334,"href":"https:\/\/prensa.sma.gob.ar\/index.php?rest_route=\/wp\/v2\/posts\/2331\/revisions\/2334"}],"wp:featuredmedia":[{"embeddable":true,"href":"https:\/\/prensa.sma.gob.ar\/index.php?rest_route=\/wp\/v2\/media\/2333"}],"wp:attachment":[{"href":"https:\/\/prensa.sma.gob.ar\/index.php?rest_route=%2Fwp%2Fv2%2Fmedia&parent=2331"}],"wp:term":[{"taxonomy":"category","embeddable":true,"href":"https:\/\/prensa.sma.gob.ar\/index.php?rest_route=%2Fwp%2Fv2%2Fcategories&post=2331"},{"taxonomy":"post_tag","embeddable":true,"href":"https:\/\/prensa.sma.gob.ar\/index.php?rest_route=%2Fwp%2Fv2%2Ftags&post=2331"}],"curies":[{"name":"wp","href":"https:\/\/api.w.org\/{rel}","templated":true}]}}