{"id":2336,"date":"2024-09-09T21:21:44","date_gmt":"2024-09-09T21:21:44","guid":{"rendered":"https:\/\/prensa.sma.gob.ar\/?p=2336"},"modified":"2024-09-09T21:21:45","modified_gmt":"2024-09-09T21:21:45","slug":"nuevo-pedido-de-regularizacion-de-pagos-de-la-contribucion-en-el-barrio-kaleuche","status":"publish","type":"post","link":"https:\/\/prensa.sma.gob.ar\/?p=2336","title":{"rendered":"Nuevo pedido de regularizaci\u00f3n de pagos de la contribuci\u00f3n en el barrio Kaleuche"},"content":{"rendered":"\n<p>El Municipio de San Mart\u00edn de los Andes recuerda que est\u00e1 vigente la contribuci\u00f3n mensual obligatoria, dispuesta por la ordenanza N\u00b0 14364\/2023.<\/p>\n\n\n\n<p>Seg\u00fan la misma norma, la citada contribuci\u00f3n a la infraestructura del barrio se aplica para aquellas vecinas y vecinos que NO abonan la Tasa de Contribuci\u00f3n de Inmuebles (TCI).<\/p>\n\n\n\n<p>Para evitar mayores costos en ejecuciones fiscales, el Municipio pide a vecinas y vecinos que tengan pendiente el pago a regularizar la contribuci\u00f3n, y recuerda que lo que ingresado va directamente a mejoras del barrio.<\/p>\n\n\n\n<p>La Secretar\u00eda de Econom\u00eda y Hacienda solicita que se acerquen a la brevedad o que se comuniquen con el Wattsapp 02972 432944, a fines de regularizar la deuda.<\/p>\n","protected":false},"excerpt":{"rendered":"<p>El Municipio de San Mart\u00edn de los Andes recuerda que est\u00e1 vigente la contribuci\u00f3n mensual obligatoria, dispuesta por la ordenanza N\u00b0 14364\/2023. Seg\u00fan la misma norma, la citada contribuci\u00f3n a la infraestructura del barrio se aplica para aquellas vecinas y vecinos que NO abonan la Tasa de Contribuci\u00f3n de Inmuebles (TCI). Para evitar mayores costos [&hellip;]<\/p>\n","protected":false},"author":1,"featured_media":2337,"comment_status":"closed","ping_status":"open","sticky":false,"template":"","format":"standard","meta":{"footnotes":""},"categories":[16,14],"tags":[],"class_list":{"0":"post-2336","1":"post","2":"type-post","3":"status-publish","4":"format-standard","5":"has-post-thumbnail","7":"category-destacadas","8":"category-noticias"},"_links":{"self":[{"href":"https:\/\/prensa.sma.gob.ar\/index.php?rest_route=\/wp\/v2\/posts\/2336","targetHints":{"allow":["GET"]}}],"collection":[{"href":"https:\/\/prensa.sma.gob.ar\/index.php?rest_route=\/wp\/v2\/posts"}],"about":[{"href":"https:\/\/prensa.sma.gob.ar\/index.php?rest_route=\/wp\/v2\/types\/post"}],"author":[{"embeddable":true,"href":"https:\/\/prensa.sma.gob.ar\/index.php?rest_route=\/wp\/v2\/users\/1"}],"replies":[{"embeddable":true,"href":"https:\/\/prensa.sma.gob.ar\/index.php?rest_route=%2Fwp%2Fv2%2Fcomments&post=2336"}],"version-history":[{"count":1,"href":"https:\/\/prensa.sma.gob.ar\/index.php?rest_route=\/wp\/v2\/posts\/2336\/revisions"}],"predecessor-version":[{"id":2338,"href":"https:\/\/prensa.sma.gob.ar\/index.php?rest_route=\/wp\/v2\/posts\/2336\/revisions\/2338"}],"wp:featuredmedia":[{"embeddable":true,"href":"https:\/\/prensa.sma.gob.ar\/index.php?rest_route=\/wp\/v2\/media\/2337"}],"wp:attachment":[{"href":"https:\/\/prensa.sma.gob.ar\/index.php?rest_route=%2Fwp%2Fv2%2Fmedia&parent=2336"}],"wp:term":[{"taxonomy":"category","embeddable":true,"href":"https:\/\/prensa.sma.gob.ar\/index.php?rest_route=%2Fwp%2Fv2%2Fcategories&post=2336"},{"taxonomy":"post_tag","embeddable":true,"href":"https:\/\/prensa.sma.gob.ar\/index.php?rest_route=%2Fwp%2Fv2%2Ftags&post=2336"}],"curies":[{"name":"wp","href":"https:\/\/api.w.org\/{rel}","templated":true}]}}