{"id":2343,"date":"2024-09-10T22:38:13","date_gmt":"2024-09-10T22:38:13","guid":{"rendered":"https:\/\/prensa.sma.gob.ar\/?p=2343"},"modified":"2024-09-11T17:26:19","modified_gmt":"2024-09-11T17:26:19","slug":"llamado-a-elecciones-en-el-barrio-chacra-4-2","status":"publish","type":"post","link":"https:\/\/prensa.sma.gob.ar\/?p=2343","title":{"rendered":"Llamado a elecciones en el barrio Chacra 4"},"content":{"rendered":"\n<p>La Subsecretar\u00eda de Juntas Vecinales comunica el llamado a elecciones para el barrio CHACRA 4 a partir del d\u00eda viernes 6 de septiembre de 2024.<\/p>\n\n\n\n<p>Todas las personas interesadas en ser parte de la nueva Comisi\u00f3n Vecinal del Barrio, pueden acercarse a nuestra oficina ubicada en Drury y Fosbery (Edificio de Desarrollo Social) de 8 a 13 horas o comunicarse al 427315 int 273.<\/p>\n\n\n\n<p>Este llamado se ajusta a lo dispuesto por la Ordenanza 9439\/12, Reglamento de Juntas Vecinales, que entre otras cosas establece los tiempos que se deben cumplir y comunicar oficialmente cada convocatoria.<\/p>\n\n\n\n<p>ART\u00cdCULO 26.- La Direcci\u00f3n de Juntas Vecinales una vez que haya determinado la convocatoria a elecciones en una Junta Vecinal, establecer\u00e1 para ella y le comunicar\u00e1 fehacientemente el cronograma de actividades a realizar, el que contendr\u00e1 como m\u00ednimo lo siguiente:<\/p>\n\n\n\n<p>a. Periodo de presentaci\u00f3n de listas: quince (15) d\u00edas corridos a partir de la comunicaci\u00f3n indicada;<\/p>\n\n\n\n<p>b. Periodo de impugnaci\u00f3n: diez (10) d\u00edas corridos a partir la expiraci\u00f3n del plazo indicado en el punto anterior;<\/p>\n\n\n\n<p>c. Periodo de estudio y resoluci\u00f3n acerca de las impugnaciones que se pudieran haber presentado: La Junta Electoral contar\u00e1 con un plazo de diez (10) d\u00edas corridos para evaluar y resolver acerca de las impugnaciones formuladas, dentro de ese plazo el apoderado<\/p>\n\n\n\n<p>&nbsp;de la lista deber\u00e1 presentar los descargos que estime convenientes;<\/p>\n\n\n\n<p>d. Periodo de saneamiento: diez (10) d\u00edas corridos a contar de la notificaci\u00f3n de la resoluci\u00f3n reca\u00edda en las impugnaciones que se hubieran podido formular.<\/p>\n\n\n\n<p>e. Oficializaci\u00f3n definitiva de las listas: cinco (5) d\u00edas corridos a contar de la expiraci\u00f3n del plazo contemplado en el punto anterior.<\/p>\n\n\n\n<p>f. En el supuesto que se presente una sola lista a la convocatoria, se seguir\u00e1 el procedimiento en los incisos anteriores.<\/p>\n\n\n\n<p>g. En el caso que se presenten dos (2) o m\u00e1s listas se seguir\u00e1 el procedimiento establecido en los incisos a, b, c, d y e, se convocar\u00e1 dos (2) integrantes del Consejo de Juntas Vecinales a participar del Acto Eleccionario en car\u00e1cter de veedores del mismo, los que no deber\u00e1n pertenecer a la Junta Vecinal donde se lleve adelante el Acto Eleccionario.<\/p>\n\n\n\n<p>Ex -2024-000015660<\/p>\n\n\n\n<p>Disposici\u00f3n 141-2024<\/p>\n\n\n\n<p>Bolet\u00edn oficial 738 -2024<\/p>\n","protected":false},"excerpt":{"rendered":"<p>La Subsecretar\u00eda de Juntas Vecinales comunica el llamado a elecciones para el barrio CHACRA 4 a partir del d\u00eda viernes 6 de septiembre de 2024. Todas las personas interesadas en ser parte de la nueva Comisi\u00f3n Vecinal del Barrio, pueden acercarse a nuestra oficina ubicada en Drury y Fosbery (Edificio de Desarrollo Social) de 8 [&hellip;]<\/p>\n","protected":false},"author":2,"featured_media":2344,"comment_status":"closed","ping_status":"open","sticky":false,"template":"","format":"standard","meta":{"footnotes":""},"categories":[11,14],"tags":[],"class_list":{"0":"post-2343","1":"post","2":"type-post","3":"status-publish","4":"format-standard","5":"has-post-thumbnail","7":"category-gobierno","8":"category-noticias"},"_links":{"self":[{"href":"https:\/\/prensa.sma.gob.ar\/index.php?rest_route=\/wp\/v2\/posts\/2343","targetHints":{"allow":["GET"]}}],"collection":[{"href":"https:\/\/prensa.sma.gob.ar\/index.php?rest_route=\/wp\/v2\/posts"}],"about":[{"href":"https:\/\/prensa.sma.gob.ar\/index.php?rest_route=\/wp\/v2\/types\/post"}],"author":[{"embeddable":true,"href":"https:\/\/prensa.sma.gob.ar\/index.php?rest_route=\/wp\/v2\/users\/2"}],"replies":[{"embeddable":true,"href":"https:\/\/prensa.sma.gob.ar\/index.php?rest_route=%2Fwp%2Fv2%2Fcomments&post=2343"}],"version-history":[{"count":1,"href":"https:\/\/prensa.sma.gob.ar\/index.php?rest_route=\/wp\/v2\/posts\/2343\/revisions"}],"predecessor-version":[{"id":2345,"href":"https:\/\/prensa.sma.gob.ar\/index.php?rest_route=\/wp\/v2\/posts\/2343\/revisions\/2345"}],"wp:featuredmedia":[{"embeddable":true,"href":"https:\/\/prensa.sma.gob.ar\/index.php?rest_route=\/wp\/v2\/media\/2344"}],"wp:attachment":[{"href":"https:\/\/prensa.sma.gob.ar\/index.php?rest_route=%2Fwp%2Fv2%2Fmedia&parent=2343"}],"wp:term":[{"taxonomy":"category","embeddable":true,"href":"https:\/\/prensa.sma.gob.ar\/index.php?rest_route=%2Fwp%2Fv2%2Fcategories&post=2343"},{"taxonomy":"post_tag","embeddable":true,"href":"https:\/\/prensa.sma.gob.ar\/index.php?rest_route=%2Fwp%2Fv2%2Ftags&post=2343"}],"curies":[{"name":"wp","href":"https:\/\/api.w.org\/{rel}","templated":true}]}}