{"id":2346,"date":"2024-09-10T14:37:28","date_gmt":"2024-09-10T14:37:28","guid":{"rendered":"https:\/\/prensa.sma.gob.ar\/?p=2346"},"modified":"2024-09-10T14:44:56","modified_gmt":"2024-09-10T14:44:56","slug":"se-realizo-la-32-asamblea-del-consejo-provincial-de-discapacidad","status":"publish","type":"post","link":"https:\/\/prensa.sma.gob.ar\/?p=2346","title":{"rendered":"Se realiz\u00f3 la 32\u00b0 asamblea ordinaria del Consejo Provincial de Discapacidad"},"content":{"rendered":"\n<p>Con la participaron de representantes de 21 localidades de las siete regiones de la provincia de Neuqu\u00e9n, se realiz\u00f3 una nueva asamblea ordinaria del Consejo Provincial de Discapacidad (Coprodis). All\u00ed se abordaron temas como acceso a la salud, deporte y recreaci\u00f3n, promoviendo la participaci\u00f3n ciudadana y los derechos de las personas con discapacidad.<\/p>\n\n\n\n<p>La 32\u00b0 asamblea se desarroll\u00f3 en A\u00f1elo, con la presencia de autoridades del ministerio de Desarrollo Humano, Gobierno Locales y Mujeres y del gobierno local.<\/p>\n\n\n\n<p>El encuentro fue coordinado por la subsecretar\u00eda de Discapacidad, dependiente de la secretar\u00eda de Cultura, Inclusi\u00f3n y Gesti\u00f3n Comunitaria. Cont\u00f3 con la participaci\u00f3n de consejeros y consejeras representantes de Organizaciones Gubernamentales (OG) y Organizaciones de la Sociedad Civil (OSC) de 21 localidades.<\/p>\n\n\n\n<p>La secretaria de Cultura, Inclusi\u00f3n y Gesti\u00f3n Comunitaria, Miryan Abojer, destac\u00f3 que \u201ces muy importante la participaci\u00f3n en todas las pol\u00edticas p\u00fablicas que llevamos adelante con el Gobierno provincial\u201d.<\/p>\n\n\n\n<p>Abojer inform\u00f3 sobre la reciente firma de un convenio con el Instituto Argentino del Petr\u00f3leo y del Gas (IAPG), para poder llevar adelante la inclusi\u00f3n de personas con discapacidad en todas las empresas petroleras.<\/p>\n\n\n\n<figure class=\"wp-block-gallery has-nested-images columns-default is-cropped wp-block-gallery-1 is-layout-flex wp-block-gallery-is-layout-flex\">\n<figure class=\"wp-block-image size-large\"><img loading=\"lazy\" decoding=\"async\" width=\"696\" height=\"344\" data-id=\"2349\" src=\"https:\/\/prensa.sma.gob.ar\/wp-content\/uploads\/2024\/09\/Coprodis-sesion-en-Anelo-9-696x344-1.jpg\" alt=\"\" class=\"wp-image-2349\" srcset=\"https:\/\/prensa.sma.gob.ar\/wp-content\/uploads\/2024\/09\/Coprodis-sesion-en-Anelo-9-696x344-1.jpg 696w, https:\/\/prensa.sma.gob.ar\/wp-content\/uploads\/2024\/09\/Coprodis-sesion-en-Anelo-9-696x344-1-300x148.jpg 300w\" sizes=\"auto, (max-width: 696px) 100vw, 696px\" \/><\/figure>\n\n\n\n<figure class=\"wp-block-image size-large\"><img loading=\"lazy\" decoding=\"async\" width=\"696\" height=\"344\" data-id=\"2348\" src=\"https:\/\/prensa.sma.gob.ar\/wp-content\/uploads\/2024\/09\/Coprodis-sesion-en-Anelo-1-1-696x344-1.jpg\" alt=\"\" class=\"wp-image-2348\" srcset=\"https:\/\/prensa.sma.gob.ar\/wp-content\/uploads\/2024\/09\/Coprodis-sesion-en-Anelo-1-1-696x344-1.jpg 696w, https:\/\/prensa.sma.gob.ar\/wp-content\/uploads\/2024\/09\/Coprodis-sesion-en-Anelo-1-1-696x344-1-300x148.jpg 300w\" sizes=\"auto, (max-width: 696px) 100vw, 696px\" \/><\/figure>\n\n\n\n<figure class=\"wp-block-image size-large\"><img loading=\"lazy\" decoding=\"async\" width=\"696\" height=\"344\" data-id=\"2350\" src=\"https:\/\/prensa.sma.gob.ar\/wp-content\/uploads\/2024\/09\/Coprodis-sesion-en-Anelo-11-696x344-1.jpg\" alt=\"\" class=\"wp-image-2350\" srcset=\"https:\/\/prensa.sma.gob.ar\/wp-content\/uploads\/2024\/09\/Coprodis-sesion-en-Anelo-11-696x344-1.jpg 696w, https:\/\/prensa.sma.gob.ar\/wp-content\/uploads\/2024\/09\/Coprodis-sesion-en-Anelo-11-696x344-1-300x148.jpg 300w\" sizes=\"auto, (max-width: 696px) 100vw, 696px\" \/><\/figure>\n<\/figure>\n\n\n\n<p>El subsecretario de Discapacidad, Gustavo Iril, celebr\u00f3 la convocatoria y agradeci\u00f3 a los equipos de trabajo local y provincial. Adem\u00e1s, enfatiz\u00f3 que, \u201cdesde Neuqu\u00e9n tenemos un gran valor, una gran fortaleza, que es un gobierno provincial que no nos deja de lado, que nos apoya\u201d.<\/p>\n\n\n\n<p><em>La consejera gubernamental de San Mart\u00edn de los Andes, Silvia Curi, consider\u00f3 que \u201ccuando trabajamos con perspectiva de discapacidad pensamos en absolutamente todas las personas; pensar en discapacidad es pensar en todos los aspectos de la vida, por eso me parece muy importante que se trabaje con perspectiva y universalidad de acceso\u201d.<\/em><\/p>\n\n\n\n<p>Coprodis promueve la participaci\u00f3n ciudadana y tiene como funci\u00f3n impulsar acciones que faciliten el acceso a la informaci\u00f3n sobre las realidades locales para fomentar la construcci\u00f3n de entornos sin barreras, donde las personas con discapacidad puedan participar en igualdad de condiciones.<\/p>\n\n\n\n<p>La iniciativa cont\u00f3 con la presencia del subsecretario de Deportes, Ignacio Russo, y la directora de Control de Accesibilidad para personas con discapacidad del \u00e1rea, Romina Ch\u00e1vez, quienes dieron a conocer los programas y proyectos destinados a personas con discapacidad que se llevan a cabo en distintas localidades de la provincia a trav\u00e9s la secretar\u00eda de Deportes y Juventudes.<\/p>\n\n\n\n<p>Durante el encuentro se debatieron tem\u00e1ticas como el acceso a la salud y la promoci\u00f3n de la mejora continua de la calidad de vida de las personas con discapacidad. Se solicit\u00f3 la conformaci\u00f3n de equipos interdisciplinarios itinerantes con profesionales de la salud que puedan estar presentes en aquellos lugares donde no existen, como as\u00ed tambi\u00e9n garantizar la accesibilidad en la APP Andes.<\/p>\n\n\n\n<p>Adem\u00e1s, se brind\u00f3 informaci\u00f3n acerca de la capacitaci\u00f3n que lleva adelante la subsecretar\u00eda de Discapacidad destinada a agentes sanitarios que atienden en zonas rurales.<\/p>\n\n\n\n<p>Por otra parte, se brind\u00f3 un taller para dar a conocer las l\u00edneas de cr\u00e9ditos flexibles para personas con discapacidad que quieren iniciar o fortalecer proyectos como emprendedores. Esta iniciativa surge a partir de la vinculaci\u00f3n entre el equipo de Inclusi\u00f3n Laboral de la subsecretar\u00eda de Discapacidad y el Instituto Aut\u00e1rquico de Desarrollo Productivo (IADEP) y forma parte del programa provincial Neuqu\u00e9n Financia.<\/p>\n\n\n\n<p>Las jornadas incluyeron las reuniones de comisiones de trabajo, cuyo objetivo es abordar temas espec\u00edficos, realizar informes y conclusiones relacionadas a la educaci\u00f3n, cultura, deporte y recreaci\u00f3n, la salud, trabajo, empleo y vida independiente, accesibilidad, vivienda, g\u00e9nero, entre otros.<\/p>\n\n\n\n<p>Coprodis funciona desde 2016 y cuenta con reconocimiento mediante la Ley N\u00b03157 sancionada en 2018. Es presidido por la autoridad m\u00e1xima en materia de Discapacidad de la provincia y sesiona cuatro veces al a\u00f1o en diferentes regiones.<\/p>\n\n\n\n<p><em>(Fotos: NeuquenInforma)<\/em><\/p>\n","protected":false},"excerpt":{"rendered":"<p>Con la participaron de representantes de 21 localidades de las siete regiones de la provincia de Neuqu\u00e9n, se realiz\u00f3 una nueva asamblea ordinaria del Consejo Provincial de Discapacidad (Coprodis). All\u00ed se abordaron temas como acceso a la salud, deporte y recreaci\u00f3n, promoviendo la participaci\u00f3n ciudadana y los derechos de las personas con discapacidad. La 32\u00b0 [&hellip;]<\/p>\n","protected":false},"author":2,"featured_media":2352,"comment_status":"closed","ping_status":"open","sticky":false,"template":"","format":"standard","meta":{"footnotes":""},"categories":[16,2,11,14],"tags":[],"class_list":{"0":"post-2346","1":"post","2":"type-post","3":"status-publish","4":"format-standard","5":"has-post-thumbnail","7":"category-destacadas","8":"category-discapacidad","9":"category-gobierno","10":"category-noticias"},"_links":{"self":[{"href":"https:\/\/prensa.sma.gob.ar\/index.php?rest_route=\/wp\/v2\/posts\/2346","targetHints":{"allow":["GET"]}}],"collection":[{"href":"https:\/\/prensa.sma.gob.ar\/index.php?rest_route=\/wp\/v2\/posts"}],"about":[{"href":"https:\/\/prensa.sma.gob.ar\/index.php?rest_route=\/wp\/v2\/types\/post"}],"author":[{"embeddable":true,"href":"https:\/\/prensa.sma.gob.ar\/index.php?rest_route=\/wp\/v2\/users\/2"}],"replies":[{"embeddable":true,"href":"https:\/\/prensa.sma.gob.ar\/index.php?rest_route=%2Fwp%2Fv2%2Fcomments&post=2346"}],"version-history":[{"count":3,"href":"https:\/\/prensa.sma.gob.ar\/index.php?rest_route=\/wp\/v2\/posts\/2346\/revisions"}],"predecessor-version":[{"id":2356,"href":"https:\/\/prensa.sma.gob.ar\/index.php?rest_route=\/wp\/v2\/posts\/2346\/revisions\/2356"}],"wp:featuredmedia":[{"embeddable":true,"href":"https:\/\/prensa.sma.gob.ar\/index.php?rest_route=\/wp\/v2\/media\/2352"}],"wp:attachment":[{"href":"https:\/\/prensa.sma.gob.ar\/index.php?rest_route=%2Fwp%2Fv2%2Fmedia&parent=2346"}],"wp:term":[{"taxonomy":"category","embeddable":true,"href":"https:\/\/prensa.sma.gob.ar\/index.php?rest_route=%2Fwp%2Fv2%2Fcategories&post=2346"},{"taxonomy":"post_tag","embeddable":true,"href":"https:\/\/prensa.sma.gob.ar\/index.php?rest_route=%2Fwp%2Fv2%2Ftags&post=2346"}],"curies":[{"name":"wp","href":"https:\/\/api.w.org\/{rel}","templated":true}]}}