{"id":2357,"date":"2024-09-10T22:09:12","date_gmt":"2024-09-10T22:09:12","guid":{"rendered":"https:\/\/prensa.sma.gob.ar\/?p=2357"},"modified":"2024-09-10T22:10:50","modified_gmt":"2024-09-10T22:10:50","slug":"la-secretaria-de-desarrollo-social-recibio-lena-de-la-limpieza-de-arroyos","status":"publish","type":"post","link":"https:\/\/prensa.sma.gob.ar\/?p=2357","title":{"rendered":"La Secretar\u00eda de Desarrollo Social recibi\u00f3 le\u00f1a de la limpieza de arroyos"},"content":{"rendered":"\n<p>La Subsecretar\u00eda de Coordinaci\u00f3n del COPE entreg\u00f3 a la Secretar\u00eda de Desarrollo Social le\u00f1a producida durante los trabajos de limpieza de arroyos en diferentes sectores de San Mart\u00edn de los Andes.<\/p>\n\n\n\n<p>La le\u00f1a fue trasladada a dependencias de Desarrollo Social, desde donde se distribuir\u00e1 como parte de los programas de asistencia.<\/p>\n\n\n\n<p>Las tareas demandan trabajo de limpieza y acondicionamiento de los m\u00e1rgenes de los arroyos Trabunco, Calbuco, Pocahullo y Maip\u00fa, adem\u00e1s de puentes y decantadores.<\/p>\n\n\n\n<p>Estas labores sirven para prevenir futuras inundaciones en tiempos de intensas precipitaciones y nevadas en terrenos adyacentes a los cauces por acumulaci\u00f3n de troncos, ramas, sedimentos y basura.<\/p>\n","protected":false},"excerpt":{"rendered":"<p>La Subsecretar\u00eda de Coordinaci\u00f3n del COPE entreg\u00f3 a la Secretar\u00eda de Desarrollo Social le\u00f1a producida durante los trabajos de limpieza de arroyos en diferentes sectores de San Mart\u00edn de los Andes. La le\u00f1a fue trasladada a dependencias de Desarrollo Social, desde donde se distribuir\u00e1 como parte de los programas de asistencia. Las tareas demandan trabajo [&hellip;]<\/p>\n","protected":false},"author":1,"featured_media":2358,"comment_status":"closed","ping_status":"open","sticky":false,"template":"","format":"standard","meta":{"footnotes":""},"categories":[15,14],"tags":[],"class_list":{"0":"post-2357","1":"post","2":"type-post","3":"status-publish","4":"format-standard","5":"has-post-thumbnail","7":"category-desarrollo-social","8":"category-noticias"},"_links":{"self":[{"href":"https:\/\/prensa.sma.gob.ar\/index.php?rest_route=\/wp\/v2\/posts\/2357","targetHints":{"allow":["GET"]}}],"collection":[{"href":"https:\/\/prensa.sma.gob.ar\/index.php?rest_route=\/wp\/v2\/posts"}],"about":[{"href":"https:\/\/prensa.sma.gob.ar\/index.php?rest_route=\/wp\/v2\/types\/post"}],"author":[{"embeddable":true,"href":"https:\/\/prensa.sma.gob.ar\/index.php?rest_route=\/wp\/v2\/users\/1"}],"replies":[{"embeddable":true,"href":"https:\/\/prensa.sma.gob.ar\/index.php?rest_route=%2Fwp%2Fv2%2Fcomments&post=2357"}],"version-history":[{"count":1,"href":"https:\/\/prensa.sma.gob.ar\/index.php?rest_route=\/wp\/v2\/posts\/2357\/revisions"}],"predecessor-version":[{"id":2359,"href":"https:\/\/prensa.sma.gob.ar\/index.php?rest_route=\/wp\/v2\/posts\/2357\/revisions\/2359"}],"wp:featuredmedia":[{"embeddable":true,"href":"https:\/\/prensa.sma.gob.ar\/index.php?rest_route=\/wp\/v2\/media\/2358"}],"wp:attachment":[{"href":"https:\/\/prensa.sma.gob.ar\/index.php?rest_route=%2Fwp%2Fv2%2Fmedia&parent=2357"}],"wp:term":[{"taxonomy":"category","embeddable":true,"href":"https:\/\/prensa.sma.gob.ar\/index.php?rest_route=%2Fwp%2Fv2%2Fcategories&post=2357"},{"taxonomy":"post_tag","embeddable":true,"href":"https:\/\/prensa.sma.gob.ar\/index.php?rest_route=%2Fwp%2Fv2%2Ftags&post=2357"}],"curies":[{"name":"wp","href":"https:\/\/api.w.org\/{rel}","templated":true}]}}