{"id":2360,"date":"2024-09-10T22:15:30","date_gmt":"2024-09-10T22:15:30","guid":{"rendered":"https:\/\/prensa.sma.gob.ar\/?p=2360"},"modified":"2024-09-11T17:24:45","modified_gmt":"2024-09-11T17:24:45","slug":"reunion-para-ultimar-detalles-sobre-el-estacionamiento-medido-en-san-martin-de-los-andes","status":"publish","type":"post","link":"https:\/\/prensa.sma.gob.ar\/?p=2360","title":{"rendered":"Reuni\u00f3n para ultimar detalles sobre el estacionamiento medido en San Mart\u00edn de los Andes"},"content":{"rendered":"\n<p>Los secretarios de Gobierno, Federico Vita, y de Econom\u00eda y Hacienda, Mat\u00edas Fern\u00e1ndez Consoli, recibieron este martes a Daniel Albi, gerente general de SAEM, la empresa que tendr\u00e1 a su cargo el estacionamiento medido en San Mart\u00edn de los Andes.<\/p>\n\n\n\n<p>Durante el encuentro se analizaron los temas pendientes de instrumentaci\u00f3n, que estar\u00e1n allanados antes de la fecha prevista para el comienzo del sistema, el 23 de este mes de septiembre.<\/p>\n\n\n\n<p>La empresa SAEM ya instal\u00f3 sus oficinas en San Mart\u00edn de los Andes, incorpor\u00f3 personal y habilit\u00f3 su p\u00e1gina web saemsmandes.com.ar, donde figura la informaci\u00f3n sobre el uso y tutoriales. Actualmente, est\u00e1 en proceso de colocaci\u00f3n de la carteler\u00eda y la demarcaci\u00f3n de los sitios destinados al estacionamiento.<\/p>\n\n\n\n<p>El estacionamiento en la v\u00eda p\u00fablica del centro de San Mart\u00edn de los Andes funcionar\u00e1 entre las 8:00 y las 20:00 hs, de lunes a viernes, y los s\u00e1bados, de 8:00 hs. a 13:00. El sistema proporciona alternativas de estacionamiento tanto para el usuario frecuente como para el usuario eventual.<\/p>\n","protected":false},"excerpt":{"rendered":"<p>Los secretarios de Gobierno, Federico Vita, y de Econom\u00eda y Hacienda, Mat\u00edas Fern\u00e1ndez Consoli, recibieron este martes a Daniel Albi, gerente general de SAEM, la empresa que tendr\u00e1 a su cargo el estacionamiento medido en San Mart\u00edn de los Andes. Durante el encuentro se analizaron los temas pendientes de instrumentaci\u00f3n, que estar\u00e1n allanados antes de [&hellip;]<\/p>\n","protected":false},"author":1,"featured_media":2361,"comment_status":"closed","ping_status":"open","sticky":false,"template":"","format":"standard","meta":{"footnotes":""},"categories":[16,14],"tags":[],"class_list":{"0":"post-2360","1":"post","2":"type-post","3":"status-publish","4":"format-standard","5":"has-post-thumbnail","7":"category-destacadas","8":"category-noticias"},"_links":{"self":[{"href":"https:\/\/prensa.sma.gob.ar\/index.php?rest_route=\/wp\/v2\/posts\/2360","targetHints":{"allow":["GET"]}}],"collection":[{"href":"https:\/\/prensa.sma.gob.ar\/index.php?rest_route=\/wp\/v2\/posts"}],"about":[{"href":"https:\/\/prensa.sma.gob.ar\/index.php?rest_route=\/wp\/v2\/types\/post"}],"author":[{"embeddable":true,"href":"https:\/\/prensa.sma.gob.ar\/index.php?rest_route=\/wp\/v2\/users\/1"}],"replies":[{"embeddable":true,"href":"https:\/\/prensa.sma.gob.ar\/index.php?rest_route=%2Fwp%2Fv2%2Fcomments&post=2360"}],"version-history":[{"count":1,"href":"https:\/\/prensa.sma.gob.ar\/index.php?rest_route=\/wp\/v2\/posts\/2360\/revisions"}],"predecessor-version":[{"id":2362,"href":"https:\/\/prensa.sma.gob.ar\/index.php?rest_route=\/wp\/v2\/posts\/2360\/revisions\/2362"}],"wp:featuredmedia":[{"embeddable":true,"href":"https:\/\/prensa.sma.gob.ar\/index.php?rest_route=\/wp\/v2\/media\/2361"}],"wp:attachment":[{"href":"https:\/\/prensa.sma.gob.ar\/index.php?rest_route=%2Fwp%2Fv2%2Fmedia&parent=2360"}],"wp:term":[{"taxonomy":"category","embeddable":true,"href":"https:\/\/prensa.sma.gob.ar\/index.php?rest_route=%2Fwp%2Fv2%2Fcategories&post=2360"},{"taxonomy":"post_tag","embeddable":true,"href":"https:\/\/prensa.sma.gob.ar\/index.php?rest_route=%2Fwp%2Fv2%2Ftags&post=2360"}],"curies":[{"name":"wp","href":"https:\/\/api.w.org\/{rel}","templated":true}]}}