{"id":2431,"date":"2024-09-16T22:42:30","date_gmt":"2024-09-16T22:42:30","guid":{"rendered":"https:\/\/prensa.sma.gob.ar\/?p=2431"},"modified":"2024-09-16T22:42:31","modified_gmt":"2024-09-16T22:42:31","slug":"continuan-los-trabajos-de-enripiado-en-calles-de-villa-vega-san-martin","status":"publish","type":"post","link":"https:\/\/prensa.sma.gob.ar\/?p=2431","title":{"rendered":"Contin\u00faan los trabajos de enripiado en calles de Villa Vega San Mart\u00edn"},"content":{"rendered":"\n<p>Como parte del programa anunciado la semana pasada que incluye enripiado y mejoramiento de calles en todos los barrios de la ciudad, este lunes el Municipio trabaj\u00f3 en la zona de Ra\u00fal Soldi y Molina Campos, con compactaci\u00f3n con rodillo, y en Nu\u00f1ez y Chapelco.<\/p>\n\n\n\n<p>Trabajaron en este operativo dos motoniveladoras y dos camiones de Vialidad e Hidr\u00e1ulica de la Secretar\u00eda de Servicios P\u00fablicos para este lunes.<\/p>\n\n\n\n<p>Una tercera motoniveladora realiz\u00f3 este lunes repaso de calles en Procrear y Chacra 28, de acuerdo al reporte diario del \u00e1rea de Vialidad e Hidr\u00e1ulica del Municipio.<\/p>\n","protected":false},"excerpt":{"rendered":"<p>Como parte del programa anunciado la semana pasada que incluye enripiado y mejoramiento de calles en todos los barrios de la ciudad, este lunes el Municipio trabaj\u00f3 en la zona de Ra\u00fal Soldi y Molina Campos, con compactaci\u00f3n con rodillo, y en Nu\u00f1ez y Chapelco. Trabajaron en este operativo dos motoniveladoras y dos camiones de [&hellip;]<\/p>\n","protected":false},"author":1,"featured_media":2432,"comment_status":"closed","ping_status":"open","sticky":false,"template":"","format":"standard","meta":{"footnotes":""},"categories":[14],"tags":[],"class_list":{"0":"post-2431","1":"post","2":"type-post","3":"status-publish","4":"format-standard","5":"has-post-thumbnail","7":"category-noticias"},"_links":{"self":[{"href":"https:\/\/prensa.sma.gob.ar\/index.php?rest_route=\/wp\/v2\/posts\/2431","targetHints":{"allow":["GET"]}}],"collection":[{"href":"https:\/\/prensa.sma.gob.ar\/index.php?rest_route=\/wp\/v2\/posts"}],"about":[{"href":"https:\/\/prensa.sma.gob.ar\/index.php?rest_route=\/wp\/v2\/types\/post"}],"author":[{"embeddable":true,"href":"https:\/\/prensa.sma.gob.ar\/index.php?rest_route=\/wp\/v2\/users\/1"}],"replies":[{"embeddable":true,"href":"https:\/\/prensa.sma.gob.ar\/index.php?rest_route=%2Fwp%2Fv2%2Fcomments&post=2431"}],"version-history":[{"count":1,"href":"https:\/\/prensa.sma.gob.ar\/index.php?rest_route=\/wp\/v2\/posts\/2431\/revisions"}],"predecessor-version":[{"id":2433,"href":"https:\/\/prensa.sma.gob.ar\/index.php?rest_route=\/wp\/v2\/posts\/2431\/revisions\/2433"}],"wp:featuredmedia":[{"embeddable":true,"href":"https:\/\/prensa.sma.gob.ar\/index.php?rest_route=\/wp\/v2\/media\/2432"}],"wp:attachment":[{"href":"https:\/\/prensa.sma.gob.ar\/index.php?rest_route=%2Fwp%2Fv2%2Fmedia&parent=2431"}],"wp:term":[{"taxonomy":"category","embeddable":true,"href":"https:\/\/prensa.sma.gob.ar\/index.php?rest_route=%2Fwp%2Fv2%2Fcategories&post=2431"},{"taxonomy":"post_tag","embeddable":true,"href":"https:\/\/prensa.sma.gob.ar\/index.php?rest_route=%2Fwp%2Fv2%2Ftags&post=2431"}],"curies":[{"name":"wp","href":"https:\/\/api.w.org\/{rel}","templated":true}]}}