{"id":2519,"date":"2024-09-24T13:27:17","date_gmt":"2024-09-24T13:27:17","guid":{"rendered":"https:\/\/prensa.sma.gob.ar\/?p=2519"},"modified":"2024-09-24T13:35:08","modified_gmt":"2024-09-24T13:35:08","slug":"seamos-solidarios-con-el-boleto-estudiantil-no-se-puede-construir-nada-con-violencia","status":"publish","type":"post","link":"https:\/\/prensa.sma.gob.ar\/?p=2519","title":{"rendered":"\u201cSeamos solidarios con el boleto estudiantil, no se puede construir nada con violencia\u201d"},"content":{"rendered":"\n<p>El delegado de la Uni\u00f3n Tranviarios Automotor (UTA) Marcelo Mas pidi\u00f3 a las vecinas y vecinos que ayuden a descomprimir las situaciones de violencia y que acompa\u00f1en el sistema de estacionamiento medido como una acci\u00f3n solidaria a los estudiantes de nuestra ciudad en un contexto econ\u00f3mico muy dif\u00edcil.<\/p>\n\n\n\n<p>\u201cEstamos viviendo \u00e9pocas muy dif\u00edciles, los chicos suben al colectivo sin plata para el pasaje. Me imagino lo que debe ser la casa de esos chicos, que no tienen ni para comer. Seamos solidarios, muchas veces somos ego\u00edstas y la situaci\u00f3n es muy dif\u00edcil\u201d, dijo Mas en declaraciones a <strong>Radio Municipal<\/strong>.<\/p>\n\n\n\n<p>Agreg\u00f3 que \u201cpagar por un estacionamiento medido con 20 por ciento de descuento a residentes y con 15 minutos de tolerancia permitir\u00e1 que los estudiantes puedan tener gratuidad del boleto. \u201cLos vecinos pagan 600 pesos u 800 pesos y los chicos tienen el boleto gratis y pueden utilizar ese dinero que ahorran para pagar un sanguche\u201d, sostuvo.<\/p>\n\n\n\n<p>A diario \u201chablamos con laburantes, con empresarios, con sindicalistas, con vecinos y queremos que San Mart\u00edn salga adelante. Estamos viviendo a nivel nacional una situaci\u00f3n social terrible y el boleto gratuito es una necesidad\u201d, afirm\u00f3. \u201cMe parece ego\u00edsta. Aunque a nadie le gusta pagar un estacionamiento medido, es dar ese dinero a nuestros hijos, a los chicos de San Mart\u00edn de los Andes\u201d, insisti\u00f3.<\/p>\n\n\n\n<p>Adem\u00e1s del sentido solidario que tiene el estacionamiento medido, el delegado sindical pidi\u00f3 trabajar para que cese la violencia como la que se experiment\u00f3 la semana pasada en el Sal\u00f3n Municipal. \u201cNo quiero ser chocante, que nadie se ofenda, pero no se puede construir algo con violencia\u201d, enfatiz\u00f3.<\/p>\n\n\n\n<p>\u201cMe impact\u00f3 el nivel de violencia que se vivi\u00f3 en estos d\u00edas. Eso no es nada bueno. No es una discusi\u00f3n sobre estacionamiento medido, es algo que est\u00e1 cargado con un nivel de violencia que yo jam\u00e1s vi, y eso que vengo del sindicalismo\u201d, afirm\u00f3.<\/p>\n\n\n\n<p>Tambi\u00e9n pidi\u00f3 ser solidarios con el objetivo final del estacionamiento, cuya recaudaci\u00f3n ir\u00e1 directamente a una cuenta especial, auditable p\u00fablicamente, para financiar la gratuidad del boleto estudiantil. \u201cYo vi en el Sal\u00f3n Municipal a empresarios que todav\u00eda tienen que regularizar su propia situaci\u00f3n antes de reclamar por el estacionamiento medido. A ellos nunca les falt\u00f3 un plato de comida\u201d, sostuvo.<\/p>\n\n\n\n<p>Marcelo Mas rescat\u00f3 el esp\u00edritu de di\u00e1logo que tiene la gesti\u00f3n municipal y, en particular, el intendente Carlos Saloniti. \u201cTenemos un intendente que atiende a todos los vecinos, muchas veces voy a reunirme con \u00e9l y tengo que esperar porque est\u00e1 charlando con vecinos\u201d. Y contrast\u00f3 esta posici\u00f3n con el Ejecutivo nacional. \u201cComo UTA hemos pedido sentarnos con representantes de Trasporte de Naci\u00f3n y nos mandan a hablar con sus secretarios\u201d.<\/p>\n\n\n\n<p>Finalmente, reafirm\u00f3 que \u201cla violencia no sirve para nada\u201d y que \u201cvamos a seguir respaldando todo lo que le sirva a la gente del pueblo. Somos optimistas en que las cosas van a mejorar\u201d.<\/p>\n","protected":false},"excerpt":{"rendered":"<p>El delegado de la Uni\u00f3n Tranviarios Automotor (UTA) Marcelo Mas pidi\u00f3 a las vecinas y vecinos que ayuden a descomprimir las situaciones de violencia y que acompa\u00f1en el sistema de estacionamiento medido como una acci\u00f3n solidaria a los estudiantes de nuestra ciudad en un contexto econ\u00f3mico muy dif\u00edcil. \u201cEstamos viviendo \u00e9pocas muy dif\u00edciles, los chicos [&hellip;]<\/p>\n","protected":false},"author":2,"featured_media":2520,"comment_status":"closed","ping_status":"open","sticky":false,"template":"","format":"standard","meta":{"footnotes":""},"categories":[16,14,17],"tags":[],"class_list":{"0":"post-2519","1":"post","2":"type-post","3":"status-publish","4":"format-standard","5":"has-post-thumbnail","7":"category-destacadas","8":"category-noticias","9":"category-portada"},"_links":{"self":[{"href":"https:\/\/prensa.sma.gob.ar\/index.php?rest_route=\/wp\/v2\/posts\/2519","targetHints":{"allow":["GET"]}}],"collection":[{"href":"https:\/\/prensa.sma.gob.ar\/index.php?rest_route=\/wp\/v2\/posts"}],"about":[{"href":"https:\/\/prensa.sma.gob.ar\/index.php?rest_route=\/wp\/v2\/types\/post"}],"author":[{"embeddable":true,"href":"https:\/\/prensa.sma.gob.ar\/index.php?rest_route=\/wp\/v2\/users\/2"}],"replies":[{"embeddable":true,"href":"https:\/\/prensa.sma.gob.ar\/index.php?rest_route=%2Fwp%2Fv2%2Fcomments&post=2519"}],"version-history":[{"count":2,"href":"https:\/\/prensa.sma.gob.ar\/index.php?rest_route=\/wp\/v2\/posts\/2519\/revisions"}],"predecessor-version":[{"id":2523,"href":"https:\/\/prensa.sma.gob.ar\/index.php?rest_route=\/wp\/v2\/posts\/2519\/revisions\/2523"}],"wp:featuredmedia":[{"embeddable":true,"href":"https:\/\/prensa.sma.gob.ar\/index.php?rest_route=\/wp\/v2\/media\/2520"}],"wp:attachment":[{"href":"https:\/\/prensa.sma.gob.ar\/index.php?rest_route=%2Fwp%2Fv2%2Fmedia&parent=2519"}],"wp:term":[{"taxonomy":"category","embeddable":true,"href":"https:\/\/prensa.sma.gob.ar\/index.php?rest_route=%2Fwp%2Fv2%2Fcategories&post=2519"},{"taxonomy":"post_tag","embeddable":true,"href":"https:\/\/prensa.sma.gob.ar\/index.php?rest_route=%2Fwp%2Fv2%2Ftags&post=2519"}],"curies":[{"name":"wp","href":"https:\/\/api.w.org\/{rel}","templated":true}]}}